{"id":1577,"date":"2017-09-01T22:36:15","date_gmt":"2017-09-01T20:36:15","guid":{"rendered":"http:\/\/agora.xtec.cat\/escolastjordi\/?p=1577"},"modified":"2017-09-04T13:25:11","modified_gmt":"2017-09-04T11:25:11","slug":"reunions-families-principi-de-curs","status":"publish","type":"post","link":"https:\/\/agora.xtec.cat\/escolastjordi\/general\/reunions-families-principi-de-curs\/","title":{"rendered":"REUNIONS FAM\u00cdLIES PRINCIPI DE CURS"},"content":{"rendered":"<p><a href=\"http:\/\/agora.xtec.cat\/escolastjordi\/wp-content\/uploads\/usu3595\/2017\/09\/REUNIONS-FAMILIES.jpg\"><img loading=\"lazy\" decoding=\"async\" class=\"aligncenter size-medium wp-image-1578\" src=\"http:\/\/agora.xtec.cat\/escolastjordi\/wp-content\/uploads\/usu3595\/2017\/09\/REUNIONS-FAMILIES-300x300.jpg\" alt=\"\" width=\"300\" height=\"300\" srcset=\"https:\/\/agora.xtec.cat\/escolastjordi\/wp-content\/uploads\/usu3595\/2017\/09\/REUNIONS-FAMILIES-300x300.jpg 300w, https:\/\/agora.xtec.cat\/escolastjordi\/wp-content\/uploads\/usu3595\/2017\/09\/REUNIONS-FAMILIES-150x150.jpg 150w, https:\/\/agora.xtec.cat\/escolastjordi\/wp-content\/uploads\/usu3595\/2017\/09\/REUNIONS-FAMILIES.jpg 600w\" sizes=\"auto, (max-width: 300px) 100vw, 300px\" \/><\/a><\/p>\n<h1><strong>DIMARTS DIA 5 DE SETEMBRE<\/strong><\/h1>\n<h4>A prim\u00e0ria, reuni\u00f3 fam\u00edlies d&#8217;<span style=\"text-decoration: underline;\">Educaci\u00f3 Infantil<\/span> a les 19:00<\/h4>\n<h1><\/h1>\n<h1><strong>DIMECRES DIA 6 DE SETEMBRE<\/strong><\/h1>\n<h4>A prim\u00e0ria, reuni\u00f3 fam\u00edlies de <span style=\"text-decoration: underline;\">Cicle Inicial i Cicle Superior<\/span> a les 19:00<\/h4>\n<h1><\/h1>\n<h1><strong>DIJOUS DIA 7 DE SETEMBRE<\/strong><\/h1>\n<h4>A prim\u00e0ria, reuni\u00f3 fam\u00edlies de <span style=\"text-decoration: underline;\">Cicle Mitj\u00e0<\/span> a les 19:00<\/h4>\n<h4>Al gimn\u00e0s de prim\u00e0ria, reuni\u00f3 families <span style=\"text-decoration: underline;\">ESO 1r cicle<\/span> a les 19:00 i a les 20:00 reuni\u00f3 fam\u00edlies <span style=\"text-decoration: underline;\">ESO 2n cicle<\/span>.<\/h4>\n","protected":false},"excerpt":{"rendered":"<p>DIMARTS DIA 5 DE SETEMBRE A prim\u00e0ria, reuni\u00f3 fam\u00edlies d&#8217;Educaci\u00f3 Infantil a les 19:00 DIMECRES DIA 6 DE SETEMBRE A prim\u00e0ria, reuni\u00f3 fam\u00edlies de Cicle Inicial i Cicle Superior a les 19:00 DIJOUS DIA 7 DE SETEMBRE A prim\u00e0ria, reuni\u00f3 fam\u00edlies de Cicle Mitj\u00e0 a les 19:00 Al gimn\u00e0s de prim\u00e0ria, reuni\u00f3 families ESO 1r [&hellip;]<\/p>\n","protected":false},"author":1,"featured_media":0,"comment_status":"open","ping_status":"closed","sticky":false,"template":"","format":"standard","meta":{"_bbp_topic_count":0,"_bbp_reply_count":0,"_bbp_total_topic_count":0,"_bbp_total_reply_count":0,"_bbp_voice_count":0,"_bbp_anonymous_reply_count":0,"_bbp_topic_count_hidden":0,"_bbp_reply_count_hidden":0,"_bbp_forum_subforum_count":0,"site-sidebar-layout":"default","site-content-layout":"","ast-site-content-layout":"","site-content-style":"default","site-sidebar-style":"default","ast-global-header-display":"","ast-banner-title-visibility":"","ast-main-header-display":"","ast-hfb-above-header-display":"","ast-hfb-below-header-display":"","ast-hfb-mobile-header-display":"","site-post-title":"","ast-breadcrumbs-content":"","ast-featured-img":"","footer-sml-layout":"","theme-transparent-header-meta":"","adv-header-id-meta":"","stick-header-meta":"","header-above-stick-meta":"","header-main-stick-meta":"","header-below-stick-meta":"","astra-migrate-meta-layouts":"default","ast-page-background-enabled":"default","ast-page-background-meta":{"desktop":{"background-color":"var(--ast-global-color-4)","background-image":"","background-repeat":"repeat","background-position":"center center","background-size":"auto","background-attachment":"scroll","background-type":"","background-media":"","overlay-type":"","overlay-color":"","overlay-opacity":"","overlay-gradient":""},"tablet":{"background-color":"","background-image":"","background-repeat":"repeat","background-position":"center center","background-size":"auto","background-attachment":"scroll","background-type":"","background-media":"","overlay-type":"","overlay-color":"","overlay-opacity":"","overlay-gradient":""},"mobile":{"background-color":"","background-image":"","background-repeat":"repeat","background-position":"center center","background-size":"auto","background-attachment":"scroll","background-type":"","background-media":"","overlay-type":"","overlay-color":"","overlay-opacity":"","overlay-gradient":""}},"ast-content-background-meta":{"desktop":{"background-color":"var(--ast-global-color-5)","background-image":"","background-repeat":"repeat","background-position":"center center","background-size":"auto","background-attachment":"scroll","background-type":"","background-media":"","overlay-type":"","overlay-color":"","overlay-opacity":"","overlay-gradient":""},"tablet":{"background-color":"var(--ast-global-color-5)","background-image":"","background-repeat":"repeat","background-position":"center center","background-size":"auto","background-attachment":"scroll","background-type":"","background-media":"","overlay-type":"","overlay-color":"","overlay-opacity":"","overlay-gradient":""},"mobile":{"background-color":"var(--ast-global-color-5)","background-image":"","background-repeat":"repeat","background-position":"center center","background-size":"auto","background-attachment":"scroll","background-type":"","background-media":"","overlay-type":"","overlay-color":"","overlay-opacity":"","overlay-gradient":""}},"footnotes":""},"categories":[1,98,99],"tags":[161],"class_list":["post-1577","post","type-post","status-publish","format-standard","hentry","category-general","category-ei","category-pri","tag-reuniofamilies-setembre2017-principidecurs"],"post_mailing_queue_ids":[],"_links":{"self":[{"href":"https:\/\/agora.xtec.cat\/escolastjordi\/wp-json\/wp\/v2\/posts\/1577","targetHints":{"allow":["GET"]}}],"collection":[{"href":"https:\/\/agora.xtec.cat\/escolastjordi\/wp-json\/wp\/v2\/posts"}],"about":[{"href":"https:\/\/agora.xtec.cat\/escolastjordi\/wp-json\/wp\/v2\/types\/post"}],"author":[{"embeddable":true,"href":"https:\/\/agora.xtec.cat\/escolastjordi\/wp-json\/wp\/v2\/users\/1"}],"replies":[{"embeddable":true,"href":"https:\/\/agora.xtec.cat\/escolastjordi\/wp-json\/wp\/v2\/comments?post=1577"}],"version-history":[{"count":3,"href":"https:\/\/agora.xtec.cat\/escolastjordi\/wp-json\/wp\/v2\/posts\/1577\/revisions"}],"predecessor-version":[{"id":1582,"href":"https:\/\/agora.xtec.cat\/escolastjordi\/wp-json\/wp\/v2\/posts\/1577\/revisions\/1582"}],"wp:attachment":[{"href":"https:\/\/agora.xtec.cat\/escolastjordi\/wp-json\/wp\/v2\/media?parent=1577"}],"wp:term":[{"taxonomy":"category","embeddable":true,"href":"https:\/\/agora.xtec.cat\/escolastjordi\/wp-json\/wp\/v2\/categories?post=1577"},{"taxonomy":"post_tag","embeddable":true,"href":"https:\/\/agora.xtec.cat\/escolastjordi\/wp-json\/wp\/v2\/tags?post=1577"}],"curies":[{"name":"wp","href":"https:\/\/api.w.org\/{rel}","templated":true}]}}