{"id":8950,"date":"2025-09-22T16:44:08","date_gmt":"2025-09-22T14:44:08","guid":{"rendered":"https:\/\/agora.xtec.cat\/escolasqs\/?p=8950"},"modified":"2025-09-22T16:44:08","modified_gmt":"2025-09-22T14:44:08","slug":"avui-ens-ha-visitat-en-quirzet","status":"publish","type":"post","link":"https:\/\/agora.xtec.cat\/escolasqs\/portada\/avui-ens-ha-visitat-en-quirzet\/","title":{"rendered":"AVUI ENS HA VISITAT EN QUIRZET!"},"content":{"rendered":"<p>Aquest mat\u00ed ha arribat a l&#8217;escola una visita molt especial, en Quirzet, el gegant del poble que cap nen i nena coneixia. Ens ha fet il\u00b7lusi\u00f3 veure&#8217;l i des d&#8217;avui que tenim moltes preguntes. Qui \u00e9s? qu\u00e8 porta?, qu\u00e8 fa aqu\u00ed? Segurament que a final de curs ho tindrem tot resolt. Ara tot s\u00f3n preguntes i moltes ganes d&#8217;acompanyar en Quirzet en aquest projecte sobre la cultura popular catalana, a Sant Quirze Safaja i el Moian\u00e8s!<\/p>\n<p><a href=\"https:\/\/agora.xtec.cat\/escolasqs\/wp-content\/uploads\/usu951\/2025\/09\/1758539114652.jpg\"><img loading=\"lazy\" decoding=\"async\" class=\"alignnone  wp-image-8951\" src=\"https:\/\/agora.xtec.cat\/escolasqs\/wp-content\/uploads\/usu951\/2025\/09\/1758539114652.jpg\" alt=\"\" width=\"250\" height=\"333\" srcset=\"https:\/\/agora.xtec.cat\/escolasqs\/wp-content\/uploads\/usu951\/2025\/09\/1758539114652.jpg 600w, https:\/\/agora.xtec.cat\/escolasqs\/wp-content\/uploads\/usu951\/2025\/09\/1758539114652-225x300.jpg 225w\" sizes=\"auto, (max-width: 250px) 100vw, 250px\" \/><\/a> <a href=\"https:\/\/agora.xtec.cat\/escolasqs\/wp-content\/uploads\/usu951\/2025\/09\/1758539114643.jpg\"><img loading=\"lazy\" decoding=\"async\" class=\"alignnone  wp-image-8952\" src=\"https:\/\/agora.xtec.cat\/escolasqs\/wp-content\/uploads\/usu951\/2025\/09\/1758539114643.jpg\" alt=\"\" width=\"246\" height=\"328\" srcset=\"https:\/\/agora.xtec.cat\/escolasqs\/wp-content\/uploads\/usu951\/2025\/09\/1758539114643.jpg 600w, https:\/\/agora.xtec.cat\/escolasqs\/wp-content\/uploads\/usu951\/2025\/09\/1758539114643-225x300.jpg 225w\" sizes=\"auto, (max-width: 246px) 100vw, 246px\" \/><\/a> <a href=\"https:\/\/agora.xtec.cat\/escolasqs\/wp-content\/uploads\/usu951\/2025\/09\/1758539114635.jpg\"><img loading=\"lazy\" decoding=\"async\" class=\"alignnone  wp-image-8953\" src=\"https:\/\/agora.xtec.cat\/escolasqs\/wp-content\/uploads\/usu951\/2025\/09\/1758539114635.jpg\" alt=\"\" width=\"248\" height=\"330\" srcset=\"https:\/\/agora.xtec.cat\/escolasqs\/wp-content\/uploads\/usu951\/2025\/09\/1758539114635.jpg 600w, https:\/\/agora.xtec.cat\/escolasqs\/wp-content\/uploads\/usu951\/2025\/09\/1758539114635-225x300.jpg 225w\" sizes=\"auto, (max-width: 248px) 100vw, 248px\" \/><\/a> <a href=\"https:\/\/agora.xtec.cat\/escolasqs\/wp-content\/uploads\/usu951\/2025\/09\/1758539114627.jpg\"><img loading=\"lazy\" decoding=\"async\" class=\"alignnone  wp-image-8954\" src=\"https:\/\/agora.xtec.cat\/escolasqs\/wp-content\/uploads\/usu951\/2025\/09\/1758539114627.jpg\" alt=\"\" width=\"250\" height=\"333\" srcset=\"https:\/\/agora.xtec.cat\/escolasqs\/wp-content\/uploads\/usu951\/2025\/09\/1758539114627.jpg 600w, https:\/\/agora.xtec.cat\/escolasqs\/wp-content\/uploads\/usu951\/2025\/09\/1758539114627-225x300.jpg 225w\" sizes=\"auto, (max-width: 250px) 100vw, 250px\" \/><\/a><\/p>\n","protected":false},"excerpt":{"rendered":"<p>Aquest mat\u00ed ha arribat a l&#8217;escola una visita molt especial, en Quirzet, el gegant del poble que cap nen i nena coneixia. Ens ha fet il\u00b7lusi\u00f3 veure&#8217;l i des d&#8217;avui que tenim moltes preguntes. Qui \u00e9s? qu\u00e8 porta?, qu\u00e8 fa aqu\u00ed? Segurament que a final&hellip;  <a href=\"https:\/\/agora.xtec.cat\/escolasqs\/portada\/avui-ens-ha-visitat-en-quirzet\/\" title=\"Read AVUI ENS HA VISITAT EN QUIRZET!\">Llegeix m\u00e9s\u00bb<\/a><\/p>\n","protected":false},"author":1,"featured_media":0,"comment_status":"open","ping_status":"open","sticky":false,"template":"","format":"standard","meta":{"_bbp_topic_count":0,"_bbp_reply_count":0,"_bbp_total_topic_count":0,"_bbp_total_reply_count":0,"_bbp_voice_count":0,"_bbp_anonymous_reply_count":0,"_bbp_topic_count_hidden":0,"_bbp_reply_count_hidden":0,"_bbp_forum_subforum_count":0,"footnotes":""},"categories":[4],"tags":[106,45,123,105],"class_list":["post-8950","post","type-post","status-publish","format-standard","hentry","category-portada","tag-comunitat-educativa","tag-escola-de-sant-quirze-safaja","tag-projectes","tag-zer-el-moianes-llevant"],"post_mailing_queue_ids":[],"_links":{"self":[{"href":"https:\/\/agora.xtec.cat\/escolasqs\/wp-json\/wp\/v2\/posts\/8950","targetHints":{"allow":["GET"]}}],"collection":[{"href":"https:\/\/agora.xtec.cat\/escolasqs\/wp-json\/wp\/v2\/posts"}],"about":[{"href":"https:\/\/agora.xtec.cat\/escolasqs\/wp-json\/wp\/v2\/types\/post"}],"author":[{"embeddable":true,"href":"https:\/\/agora.xtec.cat\/escolasqs\/wp-json\/wp\/v2\/users\/1"}],"replies":[{"embeddable":true,"href":"https:\/\/agora.xtec.cat\/escolasqs\/wp-json\/wp\/v2\/comments?post=8950"}],"version-history":[{"count":1,"href":"https:\/\/agora.xtec.cat\/escolasqs\/wp-json\/wp\/v2\/posts\/8950\/revisions"}],"predecessor-version":[{"id":8955,"href":"https:\/\/agora.xtec.cat\/escolasqs\/wp-json\/wp\/v2\/posts\/8950\/revisions\/8955"}],"wp:attachment":[{"href":"https:\/\/agora.xtec.cat\/escolasqs\/wp-json\/wp\/v2\/media?parent=8950"}],"wp:term":[{"taxonomy":"category","embeddable":true,"href":"https:\/\/agora.xtec.cat\/escolasqs\/wp-json\/wp\/v2\/categories?post=8950"},{"taxonomy":"post_tag","embeddable":true,"href":"https:\/\/agora.xtec.cat\/escolasqs\/wp-json\/wp\/v2\/tags?post=8950"}],"curies":[{"name":"wp","href":"https:\/\/api.w.org\/{rel}","templated":true}]}}