{"id":8128,"date":"2023-10-31T14:03:54","date_gmt":"2023-10-31T13:03:54","guid":{"rendered":"https:\/\/agora.xtec.cat\/escolasqs\/?p=8128"},"modified":"2023-11-01T14:10:39","modified_gmt":"2023-11-01T13:10:39","slug":"celebrem-la-castanyada","status":"publish","type":"post","link":"https:\/\/agora.xtec.cat\/escolasqs\/portada\/celebrem-la-castanyada\/","title":{"rendered":"CELEBREM LA CASTANYADA"},"content":{"rendered":"<p>Aquest dimarts hem celebrat la castanyada a l&#8217;escola. El mat\u00ed hem anat d&#8217;excursi\u00f3 fins al camp de futbol, al costat del c\u00e0mping. Hem jugat, hem buscat pedres, troncs&#8230; i cap al migdia hem tornat a l&#8217;escola. Avui hem dinat a fora al pat\u00ed i hem convidat a fam\u00edlies a venir. Han vingut algunes i els hi agra\u00efm molt!<\/p>\n<p>A la tarda els pares i mares han comen\u00e7at a coure les castanyes. Mentre, les mestres hem fet uns jocs de cucanya: el mocador, cursa de sacs i portar una castanya amb una cullera.<\/p>\n<p>Les fam\u00edlies tamb\u00e9 han portat panellets, sucs de fruita i moniatos. Hem menjat les castanyes, xerrat&#8230;en f\u00ed hem fet cr\u00e9ixer la comunitat educativa de l&#8217;escola de SQS!<\/p>\n<p>Agra\u00efm molt l&#8217;ajuda de les fam\u00edlies i l&#8217;Ajuntament per celebrar tots aquests dies. Gr\u00e0cies!<\/p>\n","protected":false},"excerpt":{"rendered":"<p>Aquest dimarts hem celebrat la castanyada a l&#8217;escola. El mat\u00ed hem anat d&#8217;excursi\u00f3 fins al camp de futbol, al costat del c\u00e0mping. Hem jugat, hem buscat pedres, troncs&#8230; i cap al migdia hem tornat a l&#8217;escola. Avui hem dinat a fora al pat\u00ed i hem&hellip;  <a href=\"https:\/\/agora.xtec.cat\/escolasqs\/portada\/celebrem-la-castanyada\/\" title=\"Read CELEBREM LA CASTANYADA\">Llegeix m\u00e9s\u00bb<\/a><\/p>\n","protected":false},"author":1,"featured_media":0,"comment_status":"open","ping_status":"closed","sticky":false,"template":"","format":"standard","meta":{"_bbp_topic_count":0,"_bbp_reply_count":0,"_bbp_total_topic_count":0,"_bbp_total_reply_count":0,"_bbp_voice_count":0,"_bbp_anonymous_reply_count":0,"_bbp_topic_count_hidden":0,"_bbp_reply_count_hidden":0,"_bbp_forum_subforum_count":0,"footnotes":""},"categories":[4],"tags":[106,71],"class_list":["post-8128","post","type-post","status-publish","format-standard","hentry","category-portada","tag-comunitat-educativa","tag-festes"],"post_mailing_queue_ids":[],"_links":{"self":[{"href":"https:\/\/agora.xtec.cat\/escolasqs\/wp-json\/wp\/v2\/posts\/8128","targetHints":{"allow":["GET"]}}],"collection":[{"href":"https:\/\/agora.xtec.cat\/escolasqs\/wp-json\/wp\/v2\/posts"}],"about":[{"href":"https:\/\/agora.xtec.cat\/escolasqs\/wp-json\/wp\/v2\/types\/post"}],"author":[{"embeddable":true,"href":"https:\/\/agora.xtec.cat\/escolasqs\/wp-json\/wp\/v2\/users\/1"}],"replies":[{"embeddable":true,"href":"https:\/\/agora.xtec.cat\/escolasqs\/wp-json\/wp\/v2\/comments?post=8128"}],"version-history":[{"count":2,"href":"https:\/\/agora.xtec.cat\/escolasqs\/wp-json\/wp\/v2\/posts\/8128\/revisions"}],"predecessor-version":[{"id":8130,"href":"https:\/\/agora.xtec.cat\/escolasqs\/wp-json\/wp\/v2\/posts\/8128\/revisions\/8130"}],"wp:attachment":[{"href":"https:\/\/agora.xtec.cat\/escolasqs\/wp-json\/wp\/v2\/media?parent=8128"}],"wp:term":[{"taxonomy":"category","embeddable":true,"href":"https:\/\/agora.xtec.cat\/escolasqs\/wp-json\/wp\/v2\/categories?post=8128"},{"taxonomy":"post_tag","embeddable":true,"href":"https:\/\/agora.xtec.cat\/escolasqs\/wp-json\/wp\/v2\/tags?post=8128"}],"curies":[{"name":"wp","href":"https:\/\/api.w.org\/{rel}","templated":true}]}}