{"id":8123,"date":"2023-10-27T20:11:33","date_gmt":"2023-10-27T18:11:33","guid":{"rendered":"https:\/\/agora.xtec.cat\/escolasqs\/?p=8123"},"modified":"2023-10-27T20:11:33","modified_gmt":"2023-10-27T18:11:33","slug":"conferencia-6-jordi-molas","status":"publish","type":"post","link":"https:\/\/agora.xtec.cat\/escolasqs\/general\/conferencia-6-jordi-molas\/","title":{"rendered":"CONFER\u00c8NCIA 6. JORDI MOLAS"},"content":{"rendered":"<p>Aquesta tarda ens ha visitat en Jordi Molas, un amic d&#8217;en Toni que t\u00e9 una lesi\u00f3 medular. Es va fer mal jugant a rugby quan era jove. Des de llavors va aprendre fer de tot, per\u00f2 d&#8217;una altra manera. Va amb una cadira de rodes, per\u00f2 amb l&#8217;ajuda de la seva fam\u00edlia i amics pot fer de tot. Ell treballa fent confer\u00e8ncies a les escoles xerrant sobre la seva vida, treballant a la Universitat de Vic i ajudant altres persones que tenen la mateixa lesi\u00f3 que ell.<\/p>\n<p>Ens ha explicat moltes coses de la seva vida i ens ha emocionat molt. Al final hem visitat el seu s\u00faper cotxe!<\/p>\n<p>Gr\u00e0cies Jordi per la lli\u00e7\u00f3 de vida que ens has donat!<\/p>\n","protected":false},"excerpt":{"rendered":"<p>Aquesta tarda ens ha visitat en Jordi Molas, un amic d&#8217;en Toni que t\u00e9 una lesi\u00f3 medular. Es va fer mal jugant a rugby quan era jove. Des de llavors va aprendre fer de tot, per\u00f2 d&#8217;una altra manera. Va amb una cadira de rodes,&hellip;  <a href=\"https:\/\/agora.xtec.cat\/escolasqs\/general\/conferencia-6-jordi-molas\/\" title=\"Read CONFER\u00c8NCIA 6. JORDI MOLAS\">Llegeix m\u00e9s\u00bb<\/a><\/p>\n","protected":false},"author":1,"featured_media":0,"comment_status":"open","ping_status":"closed","sticky":false,"template":"","format":"standard","meta":{"_bbp_topic_count":0,"_bbp_reply_count":0,"_bbp_total_topic_count":0,"_bbp_total_reply_count":0,"_bbp_voice_count":0,"_bbp_anonymous_reply_count":0,"_bbp_topic_count_hidden":0,"_bbp_reply_count_hidden":0,"_bbp_forum_subforum_count":0,"footnotes":""},"categories":[1,4],"tags":[49,109],"class_list":["post-8123","post","type-post","status-publish","format-standard","hentry","category-general","category-portada","tag-conferencies","tag-curs-2023-24"],"post_mailing_queue_ids":[],"_links":{"self":[{"href":"https:\/\/agora.xtec.cat\/escolasqs\/wp-json\/wp\/v2\/posts\/8123","targetHints":{"allow":["GET"]}}],"collection":[{"href":"https:\/\/agora.xtec.cat\/escolasqs\/wp-json\/wp\/v2\/posts"}],"about":[{"href":"https:\/\/agora.xtec.cat\/escolasqs\/wp-json\/wp\/v2\/types\/post"}],"author":[{"embeddable":true,"href":"https:\/\/agora.xtec.cat\/escolasqs\/wp-json\/wp\/v2\/users\/1"}],"replies":[{"embeddable":true,"href":"https:\/\/agora.xtec.cat\/escolasqs\/wp-json\/wp\/v2\/comments?post=8123"}],"version-history":[{"count":2,"href":"https:\/\/agora.xtec.cat\/escolasqs\/wp-json\/wp\/v2\/posts\/8123\/revisions"}],"predecessor-version":[{"id":8125,"href":"https:\/\/agora.xtec.cat\/escolasqs\/wp-json\/wp\/v2\/posts\/8123\/revisions\/8125"}],"wp:attachment":[{"href":"https:\/\/agora.xtec.cat\/escolasqs\/wp-json\/wp\/v2\/media?parent=8123"}],"wp:term":[{"taxonomy":"category","embeddable":true,"href":"https:\/\/agora.xtec.cat\/escolasqs\/wp-json\/wp\/v2\/categories?post=8123"},{"taxonomy":"post_tag","embeddable":true,"href":"https:\/\/agora.xtec.cat\/escolasqs\/wp-json\/wp\/v2\/tags?post=8123"}],"curies":[{"name":"wp","href":"https:\/\/api.w.org\/{rel}","templated":true}]}}