{"id":8089,"date":"2023-09-22T12:51:30","date_gmt":"2023-09-22T10:51:30","guid":{"rendered":"https:\/\/agora.xtec.cat\/escolasqs\/?p=8089"},"modified":"2023-09-24T13:04:47","modified_gmt":"2023-09-24T11:04:47","slug":"reunio-de-families","status":"publish","type":"post","link":"https:\/\/agora.xtec.cat\/escolasqs\/portada\/reunio-de-families\/","title":{"rendered":"REUNI\u00d3 DE FAM\u00cdLIES"},"content":{"rendered":"<p>Aquesta tarda, despr\u00e9s de l&#8217;escola, ens hem reunit les mestres i les fam\u00edlies de l&#8217;escola per explicar com hem comen\u00e7at el curs, els projectes que tenim pensats i compartir aquest espai de l&#8217;escola que sigui per a tothom!<\/p>\n<p>Primer ha xerrat la Nia en representaci\u00f3 del Consell Comarcal del Moian\u00e8s. Ella ha explicat el funcionament de l&#8217;espai del migdia i de les diferents campanyes i activitats que tenen d&#8217;acompanyament a les fam\u00edlies. Tot seguit la S\u00f2nia S\u00e1nchez, regidora d&#8217;educaci\u00f3, ha explicat la import\u00e0ncia de treballar tots junts pel b\u00e9 del poble. Ha comentat que al poble s&#8217;est\u00e0 organitzant tres festes importants: Nadal, Sant Jordi i la Festa Major. Segur que des de l&#8217;escola ens hi trobarem en aquestes festes.<\/p>\n<p>Tot seguit en Toni ha presentat a totes les mestres de l&#8217;escola. Ha comentat la import\u00e0ncia que tothom es senti identificat amb l&#8217;escola i que ha de ser un lloc de trobada. Ha explicat els diferents projectes com, el de la creaci\u00f3 d&#8217;un jard\u00ed bot\u00e0nic o les confer\u00e8ncies.<\/p>\n<p>Tot seguit les fam\u00edlies van anar a les aules per acabar de detallar algunes explicacions amb les tutores de cada grup.<\/p>\n<p>Volem agra\u00efr la feina de canguratge de la Marta que va venir des del Consell Comarcal del Moian\u00e8s. Gr\u00e0cies!<\/p>\n<p>Segur que ser\u00e0 un gran curs! Gr\u00e0cies per venir tothom!<\/p>\n<p><a href=\"https:\/\/agora.xtec.cat\/escolasqs\/wp-content\/uploads\/usu951\/2023\/09\/IMG20230922165521.jpg\"><img loading=\"lazy\" decoding=\"async\" class=\"alignnone wp-image-8090\" src=\"https:\/\/agora.xtec.cat\/escolasqs\/wp-content\/uploads\/usu951\/2023\/09\/IMG20230922165521-1024x768.jpg\" alt=\"\" width=\"347\" height=\"260\" srcset=\"https:\/\/agora.xtec.cat\/escolasqs\/wp-content\/uploads\/usu951\/2023\/09\/IMG20230922165521-1024x768.jpg 1024w, https:\/\/agora.xtec.cat\/escolasqs\/wp-content\/uploads\/usu951\/2023\/09\/IMG20230922165521-300x225.jpg 300w, https:\/\/agora.xtec.cat\/escolasqs\/wp-content\/uploads\/usu951\/2023\/09\/IMG20230922165521-768x576.jpg 768w, https:\/\/agora.xtec.cat\/escolasqs\/wp-content\/uploads\/usu951\/2023\/09\/IMG20230922165521-1536x1152.jpg 1536w, https:\/\/agora.xtec.cat\/escolasqs\/wp-content\/uploads\/usu951\/2023\/09\/IMG20230922165521-2048x1536.jpg 2048w, https:\/\/agora.xtec.cat\/escolasqs\/wp-content\/uploads\/usu951\/2023\/09\/IMG20230922165521-200x150.jpg 200w\" sizes=\"auto, (max-width: 347px) 100vw, 347px\" \/><\/a><\/p>\n","protected":false},"excerpt":{"rendered":"<p>Aquesta tarda, despr\u00e9s de l&#8217;escola, ens hem reunit les mestres i les fam\u00edlies de l&#8217;escola per explicar com hem comen\u00e7at el curs, els projectes que tenim pensats i compartir aquest espai de l&#8217;escola que sigui per a tothom!<br \/>\nPrimer ha xerrat la Nia en representaci\u00f3 del&hellip;  <a href=\"https:\/\/agora.xtec.cat\/escolasqs\/portada\/reunio-de-families\/\" title=\"Read REUNI\u00d3 DE FAM\u00cdLIES\">Llegeix m\u00e9s\u00bb<\/a><\/p>\n","protected":false},"author":1,"featured_media":0,"comment_status":"open","ping_status":"closed","sticky":false,"template":"","format":"standard","meta":{"_bbp_topic_count":0,"_bbp_reply_count":0,"_bbp_total_topic_count":0,"_bbp_total_reply_count":0,"_bbp_voice_count":0,"_bbp_anonymous_reply_count":0,"_bbp_topic_count_hidden":0,"_bbp_reply_count_hidden":0,"_bbp_forum_subforum_count":0,"footnotes":""},"categories":[4],"tags":[],"class_list":["post-8089","post","type-post","status-publish","format-standard","hentry","category-portada"],"post_mailing_queue_ids":[],"_links":{"self":[{"href":"https:\/\/agora.xtec.cat\/escolasqs\/wp-json\/wp\/v2\/posts\/8089","targetHints":{"allow":["GET"]}}],"collection":[{"href":"https:\/\/agora.xtec.cat\/escolasqs\/wp-json\/wp\/v2\/posts"}],"about":[{"href":"https:\/\/agora.xtec.cat\/escolasqs\/wp-json\/wp\/v2\/types\/post"}],"author":[{"embeddable":true,"href":"https:\/\/agora.xtec.cat\/escolasqs\/wp-json\/wp\/v2\/users\/1"}],"replies":[{"embeddable":true,"href":"https:\/\/agora.xtec.cat\/escolasqs\/wp-json\/wp\/v2\/comments?post=8089"}],"version-history":[{"count":3,"href":"https:\/\/agora.xtec.cat\/escolasqs\/wp-json\/wp\/v2\/posts\/8089\/revisions"}],"predecessor-version":[{"id":8095,"href":"https:\/\/agora.xtec.cat\/escolasqs\/wp-json\/wp\/v2\/posts\/8089\/revisions\/8095"}],"wp:attachment":[{"href":"https:\/\/agora.xtec.cat\/escolasqs\/wp-json\/wp\/v2\/media?parent=8089"}],"wp:term":[{"taxonomy":"category","embeddable":true,"href":"https:\/\/agora.xtec.cat\/escolasqs\/wp-json\/wp\/v2\/categories?post=8089"},{"taxonomy":"post_tag","embeddable":true,"href":"https:\/\/agora.xtec.cat\/escolasqs\/wp-json\/wp\/v2\/tags?post=8089"}],"curies":[{"name":"wp","href":"https:\/\/api.w.org\/{rel}","templated":true}]}}