{"id":8086,"date":"2023-09-22T10:42:06","date_gmt":"2023-09-22T08:42:06","guid":{"rendered":"https:\/\/agora.xtec.cat\/escolasqs\/?p=8086"},"modified":"2023-09-24T12:50:38","modified_gmt":"2023-09-24T10:50:38","slug":"conferencia-2-malena-rubert","status":"publish","type":"post","link":"https:\/\/agora.xtec.cat\/escolasqs\/portada\/conferencia-2-malena-rubert\/","title":{"rendered":"CONFER\u00c8NCIA 2. MALENA RUBERT"},"content":{"rendered":"<p>Aquesta tarda la Malena, la mare del Nilak, ha fet la confer\u00e8ncia. Ha estat sobre com es fan els <a href=\"https:\/\/montbru.com\/ca\/\">Formatges de Montbr\u00fa<\/a>, de Moi\u00e0. Primer ha comen\u00e7at explicant d&#8217;on surt la llet i de quins animals. Els nens i les nens l&#8217;han ajudat molt b\u00e9. Tot seguit ens ha explicat les diferents varietats de formatges que hi ha. Tamb\u00e9 ens ha ensenyat uns v\u00eddeos d&#8217;on munyen les cabres i de les instal\u00b7lacions de Montbr\u00fa. Al final hem pogut tastar moltes varietats de formatge.<\/p>\n<p>Cam a agra\u00efment de la xerrada li hem regalat un dibuix fet per un infant de la classes dels mitjans.<\/p>\n<p>Gr\u00e0cies Malena per la teva s\u00faper explicaci\u00f3!<\/p>\n<p><a href=\"https:\/\/agora.xtec.cat\/escolasqs\/wp-content\/uploads\/usu951\/2023\/09\/IMG20230922162815-1.jpg\"><img loading=\"lazy\" decoding=\"async\" class=\"alignnone  wp-image-8087\" src=\"https:\/\/agora.xtec.cat\/escolasqs\/wp-content\/uploads\/usu951\/2023\/09\/IMG20230922162815-1-768x1024.jpg\" alt=\"\" width=\"323\" height=\"431\" srcset=\"https:\/\/agora.xtec.cat\/escolasqs\/wp-content\/uploads\/usu951\/2023\/09\/IMG20230922162815-1-768x1024.jpg 768w, https:\/\/agora.xtec.cat\/escolasqs\/wp-content\/uploads\/usu951\/2023\/09\/IMG20230922162815-1-225x300.jpg 225w, https:\/\/agora.xtec.cat\/escolasqs\/wp-content\/uploads\/usu951\/2023\/09\/IMG20230922162815-1-1152x1536.jpg 1152w, https:\/\/agora.xtec.cat\/escolasqs\/wp-content\/uploads\/usu951\/2023\/09\/IMG20230922162815-1-1536x2048.jpg 1536w, https:\/\/agora.xtec.cat\/escolasqs\/wp-content\/uploads\/usu951\/2023\/09\/IMG20230922162815-1.jpg 1728w\" sizes=\"auto, (max-width: 323px) 100vw, 323px\" \/><\/a><\/p>\n","protected":false},"excerpt":{"rendered":"<p>Aquesta tarda la Malena, la mare del Nilak, ha fet la confer\u00e8ncia. Ha estat sobre com es fan els <a href=\"https:\/\/montbru.com\/ca\/\">Formatges de Montbr\u00fa<\/a>, de Moi\u00e0. Primer ha comen\u00e7at explicant d&#8217;on surt la llet i de quins animals. Els nens i les nens l&#8217;han ajudat molt&hellip;  <a href=\"https:\/\/agora.xtec.cat\/escolasqs\/portada\/conferencia-2-malena-rubert\/\" title=\"Read CONFER\u00c8NCIA 2. MALENA RUBERT\">Llegeix m\u00e9s\u00bb<\/a><\/p>\n","protected":false},"author":1,"featured_media":0,"comment_status":"open","ping_status":"closed","sticky":false,"template":"","format":"standard","meta":{"_bbp_topic_count":0,"_bbp_reply_count":0,"_bbp_total_topic_count":0,"_bbp_total_reply_count":0,"_bbp_voice_count":0,"_bbp_anonymous_reply_count":0,"_bbp_topic_count_hidden":0,"_bbp_reply_count_hidden":0,"_bbp_forum_subforum_count":0,"footnotes":""},"categories":[4],"tags":[49],"class_list":["post-8086","post","type-post","status-publish","format-standard","hentry","category-portada","tag-conferencies"],"post_mailing_queue_ids":[],"_links":{"self":[{"href":"https:\/\/agora.xtec.cat\/escolasqs\/wp-json\/wp\/v2\/posts\/8086","targetHints":{"allow":["GET"]}}],"collection":[{"href":"https:\/\/agora.xtec.cat\/escolasqs\/wp-json\/wp\/v2\/posts"}],"about":[{"href":"https:\/\/agora.xtec.cat\/escolasqs\/wp-json\/wp\/v2\/types\/post"}],"author":[{"embeddable":true,"href":"https:\/\/agora.xtec.cat\/escolasqs\/wp-json\/wp\/v2\/users\/1"}],"replies":[{"embeddable":true,"href":"https:\/\/agora.xtec.cat\/escolasqs\/wp-json\/wp\/v2\/comments?post=8086"}],"version-history":[{"count":1,"href":"https:\/\/agora.xtec.cat\/escolasqs\/wp-json\/wp\/v2\/posts\/8086\/revisions"}],"predecessor-version":[{"id":8088,"href":"https:\/\/agora.xtec.cat\/escolasqs\/wp-json\/wp\/v2\/posts\/8086\/revisions\/8088"}],"wp:attachment":[{"href":"https:\/\/agora.xtec.cat\/escolasqs\/wp-json\/wp\/v2\/media?parent=8086"}],"wp:term":[{"taxonomy":"category","embeddable":true,"href":"https:\/\/agora.xtec.cat\/escolasqs\/wp-json\/wp\/v2\/categories?post=8086"},{"taxonomy":"post_tag","embeddable":true,"href":"https:\/\/agora.xtec.cat\/escolasqs\/wp-json\/wp\/v2\/tags?post=8086"}],"curies":[{"name":"wp","href":"https:\/\/api.w.org\/{rel}","templated":true}]}}