{"id":8081,"date":"2023-09-22T09:55:51","date_gmt":"2023-09-22T07:55:51","guid":{"rendered":"https:\/\/agora.xtec.cat\/escolasqs\/?p=8081"},"modified":"2023-09-22T09:57:58","modified_gmt":"2023-09-22T07:57:58","slug":"iniciem-els-espais-daprenentatge","status":"publish","type":"post","link":"https:\/\/agora.xtec.cat\/escolasqs\/portada\/iniciem-els-espais-daprenentatge\/","title":{"rendered":"INICIEM ELS ESPAIS D&#8217;APRENENTATGE (PETITS)"},"content":{"rendered":"<p>Fa un parell de setmanes que vam iniciar els espais d&#8217;aprenentatge on aprenem tot jugant per\u00f2 tamb\u00e9 conversem i aprenem amb i dels altres. Cada dimecres els nens i les nenes de petits i primer ens ajuntem per fer diferents propostes plegats. De moment hem jugat amb el minimon de la platja i els animals del mar, hem fet construccions amb fustes grans creant cases i carreteres i tamb\u00e9 hem fet experimentaci\u00f3 amb la sorra fina i diferents materials (culleres, flameres, coladors&#8230;). Cada material ens permet fer i observar diferents aspectes a trav\u00e9s de la seva exploraci\u00f3 i manipulaci\u00f3. Aquesta setmana, aprofitant el projecte dels saltamartins que hem iniciat els petits, hem afegit el minimon dels insectes on tenim mosques, abelles, formigues&#8230; i, per descomptat, el saltamart\u00ed.<\/p>\n<div class=\"yj6qo\"><\/div>\n<div class=\"adL\"><a href=\"https:\/\/agora.xtec.cat\/escolasqs\/wp-content\/uploads\/usu951\/2023\/09\/IMG_20230920_085954.jpg\"><img loading=\"lazy\" decoding=\"async\" class=\"alignnone size-large wp-image-8082\" src=\"https:\/\/agora.xtec.cat\/escolasqs\/wp-content\/uploads\/usu951\/2023\/09\/IMG_20230920_085954-461x1024.jpg\" alt=\"\" width=\"461\" height=\"1024\" srcset=\"https:\/\/agora.xtec.cat\/escolasqs\/wp-content\/uploads\/usu951\/2023\/09\/IMG_20230920_085954-461x1024.jpg 461w, https:\/\/agora.xtec.cat\/escolasqs\/wp-content\/uploads\/usu951\/2023\/09\/IMG_20230920_085954-135x300.jpg 135w, https:\/\/agora.xtec.cat\/escolasqs\/wp-content\/uploads\/usu951\/2023\/09\/IMG_20230920_085954-768x1707.jpg 768w, https:\/\/agora.xtec.cat\/escolasqs\/wp-content\/uploads\/usu951\/2023\/09\/IMG_20230920_085954-691x1536.jpg 691w, https:\/\/agora.xtec.cat\/escolasqs\/wp-content\/uploads\/usu951\/2023\/09\/IMG_20230920_085954-922x2048.jpg 922w, https:\/\/agora.xtec.cat\/escolasqs\/wp-content\/uploads\/usu951\/2023\/09\/IMG_20230920_085954.jpg 1008w\" sizes=\"auto, (max-width: 461px) 100vw, 461px\" \/><\/a> <a href=\"https:\/\/agora.xtec.cat\/escolasqs\/wp-content\/uploads\/usu951\/2023\/09\/IMG_20230913_114747.jpg\"><img loading=\"lazy\" decoding=\"async\" class=\"alignnone size-large wp-image-8083\" src=\"https:\/\/agora.xtec.cat\/escolasqs\/wp-content\/uploads\/usu951\/2023\/09\/IMG_20230913_114747-1024x461.jpg\" alt=\"\" width=\"1024\" height=\"461\" srcset=\"https:\/\/agora.xtec.cat\/escolasqs\/wp-content\/uploads\/usu951\/2023\/09\/IMG_20230913_114747-1024x461.jpg 1024w, https:\/\/agora.xtec.cat\/escolasqs\/wp-content\/uploads\/usu951\/2023\/09\/IMG_20230913_114747-300x135.jpg 300w, https:\/\/agora.xtec.cat\/escolasqs\/wp-content\/uploads\/usu951\/2023\/09\/IMG_20230913_114747-768x346.jpg 768w, https:\/\/agora.xtec.cat\/escolasqs\/wp-content\/uploads\/usu951\/2023\/09\/IMG_20230913_114747-1536x691.jpg 1536w, https:\/\/agora.xtec.cat\/escolasqs\/wp-content\/uploads\/usu951\/2023\/09\/IMG_20230913_114747-2048x922.jpg 2048w\" sizes=\"auto, (max-width: 1024px) 100vw, 1024px\" \/><\/a><\/div>\n","protected":false},"excerpt":{"rendered":"<p>Fa un parell de setmanes que vam iniciar els espais d&#8217;aprenentatge on aprenem tot jugant per\u00f2 tamb\u00e9 conversem i aprenem amb i dels altres. Cada dimecres els nens i les nenes de petits i primer ens ajuntem per fer diferents propostes plegats. De moment hem&hellip;  <a href=\"https:\/\/agora.xtec.cat\/escolasqs\/portada\/iniciem-els-espais-daprenentatge\/\" title=\"Read INICIEM ELS ESPAIS D&#8217;APRENENTATGE (PETITS)\">Llegeix m\u00e9s\u00bb<\/a><\/p>\n","protected":false},"author":1,"featured_media":0,"comment_status":"open","ping_status":"closed","sticky":false,"template":"","format":"standard","meta":{"_bbp_topic_count":0,"_bbp_reply_count":0,"_bbp_total_topic_count":0,"_bbp_total_reply_count":0,"_bbp_voice_count":0,"_bbp_anonymous_reply_count":0,"_bbp_topic_count_hidden":0,"_bbp_reply_count_hidden":0,"_bbp_forum_subforum_count":0,"footnotes":""},"categories":[4],"tags":[115,117],"class_list":["post-8081","post","type-post","status-publish","format-standard","hentry","category-portada","tag-espais-daprenentatge","tag-petits"],"post_mailing_queue_ids":[],"_links":{"self":[{"href":"https:\/\/agora.xtec.cat\/escolasqs\/wp-json\/wp\/v2\/posts\/8081","targetHints":{"allow":["GET"]}}],"collection":[{"href":"https:\/\/agora.xtec.cat\/escolasqs\/wp-json\/wp\/v2\/posts"}],"about":[{"href":"https:\/\/agora.xtec.cat\/escolasqs\/wp-json\/wp\/v2\/types\/post"}],"author":[{"embeddable":true,"href":"https:\/\/agora.xtec.cat\/escolasqs\/wp-json\/wp\/v2\/users\/1"}],"replies":[{"embeddable":true,"href":"https:\/\/agora.xtec.cat\/escolasqs\/wp-json\/wp\/v2\/comments?post=8081"}],"version-history":[{"count":2,"href":"https:\/\/agora.xtec.cat\/escolasqs\/wp-json\/wp\/v2\/posts\/8081\/revisions"}],"predecessor-version":[{"id":8085,"href":"https:\/\/agora.xtec.cat\/escolasqs\/wp-json\/wp\/v2\/posts\/8081\/revisions\/8085"}],"wp:attachment":[{"href":"https:\/\/agora.xtec.cat\/escolasqs\/wp-json\/wp\/v2\/media?parent=8081"}],"wp:term":[{"taxonomy":"category","embeddable":true,"href":"https:\/\/agora.xtec.cat\/escolasqs\/wp-json\/wp\/v2\/categories?post=8081"},{"taxonomy":"post_tag","embeddable":true,"href":"https:\/\/agora.xtec.cat\/escolasqs\/wp-json\/wp\/v2\/tags?post=8081"}],"curies":[{"name":"wp","href":"https:\/\/api.w.org\/{rel}","templated":true}]}}