{"id":9895,"date":"2017-11-29T18:00:10","date_gmt":"2017-11-29T17:00:10","guid":{"rendered":"http:\/\/agora.xtec.cat\/escolasinera\/?p=9895"},"modified":"2017-11-29T18:16:23","modified_gmt":"2017-11-29T17:16:23","slug":"25-de-novembre-jornada-contra-la-violencia-de-genere","status":"publish","type":"post","link":"https:\/\/agora.xtec.cat\/escolasinera\/general\/25-de-novembre-jornada-contra-la-violencia-de-genere\/","title":{"rendered":"25 DE NOVEMBRE: JORNADA CONTRA LA VIOL\u00c8NCIA DE G\u00c8NERE"},"content":{"rendered":"<p>Un curs m\u00e9s a l\u2019escola treballem la coeducaci\u00f3 i, sobretot, dues dates importants: el dia contra la Viol\u00e8ncia de G\u00e8nere (25 de novembre) i el dia internacional de la Dona Treballadora (8 de mar\u00e7).<\/p>\n<p>La <strong><em>viol\u00e8ncia de g\u00e8nere<\/em><\/strong> est\u00e0 present a la nostra societat i, malauradament, hi ha d\u2019haver un dia al calendari que ens recordi que \u00e9s un tema que cal erradicar. L\u2019escola \u00e9s el lloc ideal per treballar-lo perqu\u00e8\u00a0 la canalla prengui consci\u00e8ncia que amb viol\u00e8ncia no se soluciona res i que si es pateix un ab\u00fas, cal denunciar-ho. A prim\u00e0ria, per\u00f2, nom\u00e9s es pot fer un tastet del tema perqu\u00e8, per la franja d\u2019edat, no es poden visionar pel\u00b7l\u00edcules que el tracten de manera expl\u00edcita ni visionar escenes massa cruels.<\/p>\n<p>Cal explicar a la canalla que la viol\u00e8ncia masclista no \u00e9s un problema nom\u00e9s de les dones. \u00c9s un problema de tothom, tots i totes. Les dades s\u00f3n alarmants i nom\u00e9s com a societat podem eliminar aquesta xacra. No \u00e9s f\u00e0cil. Hem heretat una tradici\u00f3 on les dones aguanten amb silenci, patiment i sentiment de culpa les agressions. Per desgr\u00e0cia encara vivim en una cultura masclista que ha normalitzat les conductes delictives contra les dones.<\/p>\n<p>Aquest any hem fet un pas endavant i, el passat dia 15 de novembre, la Cristina Luz\u00e1n, representant de coeducaci\u00f3 de l\u2019escola, va ser convidada a un acte a la Biblioteca P. Fidel Fita, on tamb\u00e9 hi varen participar una representant de la Diputaci\u00f3 de Barcelona i un membre del grup d\u2019Atenci\u00f3 a la V\u00edctima dels Mossos d\u2019Esquadra.<\/p>\n<p>Es va presentar el nou protocol de viol\u00e8ncia masclista i es va explicar com es treballa el tema de la viol\u00e8ncia de g\u00e8nere des de la nostra escola. L\u2019acte va ser entranyable i cinc alumnes del centre, de cicle superior, van llegir poemes i estrofes de can\u00e7ons protesta.<\/p>\n<p><a href=\"http:\/\/agora.xtec.cat\/escolasinera\/wp-content\/uploads\/usu895\/2017\/11\/Photo1.jpg\"><img loading=\"lazy\" decoding=\"async\" class=\"alignnone size-full wp-image-9900\" src=\"http:\/\/agora.xtec.cat\/escolasinera\/wp-content\/uploads\/usu895\/2017\/11\/Photo1.jpg\" alt=\"\" width=\"640\" height=\"480\" srcset=\"https:\/\/agora.xtec.cat\/escolasinera\/wp-content\/uploads\/usu895\/2017\/11\/Photo1.jpg 640w, https:\/\/agora.xtec.cat\/escolasinera\/wp-content\/uploads\/usu895\/2017\/11\/Photo1-300x225.jpg 300w, https:\/\/agora.xtec.cat\/escolasinera\/wp-content\/uploads\/usu895\/2017\/11\/Photo1-200x150.jpg 200w\" sizes=\"auto, (max-width: 640px) 100vw, 640px\" \/><\/a><\/p>\n<p><a href=\"http:\/\/agora.xtec.cat\/escolasinera\/wp-content\/uploads\/usu895\/2017\/11\/Captura-de-pantalla-2017-11-28-a-las-23.21.34.jpg\"><img loading=\"lazy\" decoding=\"async\" class=\"alignnone size-large wp-image-9897\" src=\"http:\/\/agora.xtec.cat\/escolasinera\/wp-content\/uploads\/usu895\/2017\/11\/Captura-de-pantalla-2017-11-28-a-las-23.21.34-1024x803.jpg\" alt=\"\" width=\"1024\" height=\"803\" srcset=\"https:\/\/agora.xtec.cat\/escolasinera\/wp-content\/uploads\/usu895\/2017\/11\/Captura-de-pantalla-2017-11-28-a-las-23.21.34-1024x803.jpg 1024w, https:\/\/agora.xtec.cat\/escolasinera\/wp-content\/uploads\/usu895\/2017\/11\/Captura-de-pantalla-2017-11-28-a-las-23.21.34-300x235.jpg 300w, https:\/\/agora.xtec.cat\/escolasinera\/wp-content\/uploads\/usu895\/2017\/11\/Captura-de-pantalla-2017-11-28-a-las-23.21.34-768x603.jpg 768w, https:\/\/agora.xtec.cat\/escolasinera\/wp-content\/uploads\/usu895\/2017\/11\/Captura-de-pantalla-2017-11-28-a-las-23.21.34.jpg 1235w\" sizes=\"auto, (max-width: 1024px) 100vw, 1024px\" \/><\/a><a href=\"http:\/\/agora.xtec.cat\/escolasinera\/wp-content\/uploads\/usu895\/2017\/11\/Panorama.jpg\"><img loading=\"lazy\" decoding=\"async\" class=\"alignnone size-large wp-image-9899\" src=\"http:\/\/agora.xtec.cat\/escolasinera\/wp-content\/uploads\/usu895\/2017\/11\/Panorama-1024x514.jpg\" alt=\"\" width=\"1024\" height=\"514\" srcset=\"https:\/\/agora.xtec.cat\/escolasinera\/wp-content\/uploads\/usu895\/2017\/11\/Panorama-1024x514.jpg 1024w, https:\/\/agora.xtec.cat\/escolasinera\/wp-content\/uploads\/usu895\/2017\/11\/Panorama-300x150.jpg 300w, https:\/\/agora.xtec.cat\/escolasinera\/wp-content\/uploads\/usu895\/2017\/11\/Panorama-768x385.jpg 768w\" sizes=\"auto, (max-width: 1024px) 100vw, 1024px\" \/><\/a> <a href=\"http:\/\/agora.xtec.cat\/escolasinera\/wp-content\/uploads\/usu895\/2017\/11\/Captura-de-pantalla-2017-11-28-a-las-23.22.21.jpg\"><img loading=\"lazy\" decoding=\"async\" class=\"alignnone size-large wp-image-9898\" src=\"http:\/\/agora.xtec.cat\/escolasinera\/wp-content\/uploads\/usu895\/2017\/11\/Captura-de-pantalla-2017-11-28-a-las-23.22.21-1024x727.jpg\" alt=\"\" width=\"1024\" height=\"727\" srcset=\"https:\/\/agora.xtec.cat\/escolasinera\/wp-content\/uploads\/usu895\/2017\/11\/Captura-de-pantalla-2017-11-28-a-las-23.22.21-1024x727.jpg 1024w, https:\/\/agora.xtec.cat\/escolasinera\/wp-content\/uploads\/usu895\/2017\/11\/Captura-de-pantalla-2017-11-28-a-las-23.22.21-300x213.jpg 300w, https:\/\/agora.xtec.cat\/escolasinera\/wp-content\/uploads\/usu895\/2017\/11\/Captura-de-pantalla-2017-11-28-a-las-23.22.21-768x546.jpg 768w, https:\/\/agora.xtec.cat\/escolasinera\/wp-content\/uploads\/usu895\/2017\/11\/Captura-de-pantalla-2017-11-28-a-las-23.22.21.jpg 1464w\" sizes=\"auto, (max-width: 1024px) 100vw, 1024px\" \/><\/a><\/p>\n<p><strong><em>* Activitats fetes a 5\u00e8<\/em><\/strong><\/p>\n<p>&#8211; Es va parlar dels tipus de maltractament: f\u00edsic, psicol\u00f2gic, sexual, econ\u00f2mic i social o de contacte.<\/p>\n<p>&#8211; Es van visionar anuncis lligats amb el tema i v\u00eddeos de les can\u00e7ons protesta \u201cLa Bella y la Bestia\u201d (Porta) i \u201cEl final del\u00a0\u00a0\u00a0\u00a0 cuento de hadas\u201d (El Chojin). Es va obrir un debat i es van analitzar les dures lletres de les can\u00e7ons.<\/p>\n<p>&#8211; Es van analitzar alguns refranys que al llarg de la hist\u00f2ria han menyspreat les dones. Malauradament, al llarg de la \u00a0\u00a0hist\u00f2ria, el paper de la dona ha estat de submissi\u00f3 i, sovint, s\u2019ha matingut en un segon pla. A la literatura d\u2019\u00e8poques anteriors es poden recopilar un munt de refranys que en fan refer\u00e8ncia.<\/p>\n<p><a href=\"http:\/\/agora.xtec.cat\/escolasinera\/wp-content\/uploads\/usu895\/2017\/11\/REFRANYS-SEXISTES.jpg\"><img loading=\"lazy\" decoding=\"async\" class=\"alignnone size-large wp-image-9902\" src=\"http:\/\/agora.xtec.cat\/escolasinera\/wp-content\/uploads\/usu895\/2017\/11\/REFRANYS-SEXISTES-698x1024.jpg\" alt=\"\" width=\"698\" height=\"1024\" srcset=\"https:\/\/agora.xtec.cat\/escolasinera\/wp-content\/uploads\/usu895\/2017\/11\/REFRANYS-SEXISTES-698x1024.jpg 698w, https:\/\/agora.xtec.cat\/escolasinera\/wp-content\/uploads\/usu895\/2017\/11\/REFRANYS-SEXISTES-204x300.jpg 204w, https:\/\/agora.xtec.cat\/escolasinera\/wp-content\/uploads\/usu895\/2017\/11\/REFRANYS-SEXISTES-768x1127.jpg 768w, https:\/\/agora.xtec.cat\/escolasinera\/wp-content\/uploads\/usu895\/2017\/11\/REFRANYS-SEXISTES.jpg 1629w\" sizes=\"auto, (max-width: 698px) 100vw, 698px\" \/><\/a><\/p>\n<p><strong><em>* Activitats fetes a 6\u00e8<\/em><\/strong><\/p>\n<p>&#8211; Es va parlar dels diferents tipus de maltractament: f\u00edsic, psicol\u00f2gic, sexual, econ\u00f2mic i social o de contacte.<\/p>\n<p>&#8211; Van llegir un c\u00f2mic relacionat amb una not\u00edcia apareguda a \u201cLa Vangu\u00e0rdia\u201d. En aquesta es feia refer\u00e8ncia a l\u2019augment de viol\u00e8ncia de g\u00e8nere entre el jovent. El c\u00f2mic que vam llegir lligava amb el maltractament del tipus social o de contacte i s\u2019il\u00b7lustrava la relaci\u00f3 \u201cinsana\u201d d\u2019una parella, basada en el control total del noi sobre la noia. Es va establir un debat for\u00e7a interessant.<\/p>\n<p>&#8211; Es van visionar d\u2019anuncis emesos per TV en campanyes d\u2019altres anys (un itali\u00e0: \u201dViolencia de g\u00e9nero en ni\u00f1os, \u00bfde verdad es inevitable?\u201d i \u201cEl millor anunci sobre viol\u00e8ncia de g\u00e8nere\u201d). Entre tots vam comentar el contingut dels mateixos.<\/p>\n<p>Podeu visionar un dels anuncis esmentats:<\/p>\n<div class=\"ast-oembed-container \" style=\"height: 100%;\"><iframe loading=\"lazy\" title=\"Los ni\u00f1os contra la violencia de g\u00e9nero.\" width=\"500\" height=\"375\" src=\"https:\/\/www.youtube.com\/embed\/G1BxUFc6upE?feature=oembed\" frameborder=\"0\" allow=\"accelerometer; autoplay; clipboard-write; encrypted-media; gyroscope; picture-in-picture; web-share\" referrerpolicy=\"strict-origin-when-cross-origin\" allowfullscreen><\/iframe><\/div>\n<p>&#8211; Es van mostrat cartells il\u00b7lustratius del tema que ens ocupa d\u2019altres anys, ja que ells havien d\u2019elaborar-ne un.<\/p>\n<p>&#8211; Escolta activa de les can\u00e7ons protesta \u201cLa Bella i la B\u00e8stia\u201d (Porta) i \u201cEl final del Cuento de Hadas\u201d (El Choj\u00edn) i an\u00e0lisi i debat sobre la duresa de les lletres de les\u00a0 respectives can\u00e7ons.<\/p>\n<p>-Xerrada d\u2019una persona que ha patit maltractament: l\u2019alumnat va poder redactar preguntes, amb la finalitat que fossin respostes per una persona que va patir maltractaments temps enrera. Va ser for\u00e7a interessant, ja que es tractava d\u2019una experi\u00e8ncia real.<\/p>\n<div style=\"width: 854px;\" class=\"wp-video\"><!--[if lt IE 9]><script>document.createElement('video');<\/script><![endif]-->\n<video class=\"wp-video-shortcode\" id=\"video-9895-1\" width=\"854\" height=\"480\" preload=\"metadata\" controls=\"controls\"><source type=\"video\/mp4\" src=\"http:\/\/agora.xtec.cat\/escolasinera\/wp-content\/uploads\/usu895\/2017\/11\/Mi-pel\u00edcula.mp4?_=1\" \/><a href=\"http:\/\/agora.xtec.cat\/escolasinera\/wp-content\/uploads\/usu895\/2017\/11\/Mi-pel\u00edcula.mp4\">http:\/\/agora.xtec.cat\/escolasinera\/wp-content\/uploads\/usu895\/2017\/11\/Mi-pel\u00edcula.mp4<\/a><\/video><\/div>\n","protected":false},"excerpt":{"rendered":"<p>Un curs m\u00e9s, jornada de reflexi\u00f3 amb l&#8217;alumnat de cicle superior.<\/p>\n","protected":false},"author":68,"featured_media":9903,"comment_status":"open","ping_status":"closed","sticky":false,"template":"","format":"standard","meta":{"_bbp_topic_count":0,"_bbp_reply_count":0,"_bbp_total_topic_count":0,"_bbp_total_reply_count":0,"_bbp_voice_count":0,"_bbp_anonymous_reply_count":0,"_bbp_topic_count_hidden":0,"_bbp_reply_count_hidden":0,"_bbp_forum_subforum_count":0,"site-sidebar-layout":"default","site-content-layout":"","ast-site-content-layout":"","site-content-style":"default","site-sidebar-style":"default","ast-global-header-display":"","ast-banner-title-visibility":"","ast-main-header-display":"","ast-hfb-above-header-display":"","ast-hfb-below-header-display":"","ast-hfb-mobile-header-display":"","site-post-title":"","ast-breadcrumbs-content":"","ast-featured-img":"","footer-sml-layout":"","theme-transparent-header-meta":"","adv-header-id-meta":"","stick-header-meta":"","header-above-stick-meta":"","header-main-stick-meta":"","header-below-stick-meta":"","astra-migrate-meta-layouts":"default","ast-page-background-enabled":"default","ast-page-background-meta":{"desktop":{"background-color":"var(--ast-global-color-4)","background-image":"","background-repeat":"repeat","background-position":"center center","background-size":"auto","background-attachment":"scroll","background-type":"","background-media":"","overlay-type":"","overlay-color":"","overlay-opacity":"","overlay-gradient":""},"tablet":{"background-color":"","background-image":"","background-repeat":"repeat","background-position":"center center","background-size":"auto","background-attachment":"scroll","background-type":"","background-media":"","overlay-type":"","overlay-color":"","overlay-opacity":"","overlay-gradient":""},"mobile":{"background-color":"","background-image":"","background-repeat":"repeat","background-position":"center center","background-size":"auto","background-attachment":"scroll","background-type":"","background-media":"","overlay-type":"","overlay-color":"","overlay-opacity":"","overlay-gradient":""}},"ast-content-background-meta":{"desktop":{"background-color":"var(--ast-global-color-5)","background-image":"","background-repeat":"repeat","background-position":"center center","background-size":"auto","background-attachment":"scroll","background-type":"","background-media":"","overlay-type":"","overlay-color":"","overlay-opacity":"","overlay-gradient":""},"tablet":{"background-color":"var(--ast-global-color-5)","background-image":"","background-repeat":"repeat","background-position":"center center","background-size":"auto","background-attachment":"scroll","background-type":"","background-media":"","overlay-type":"","overlay-color":"","overlay-opacity":"","overlay-gradient":""},"mobile":{"background-color":"var(--ast-global-color-5)","background-image":"","background-repeat":"repeat","background-position":"center center","background-size":"auto","background-attachment":"scroll","background-type":"","background-media":"","overlay-type":"","overlay-color":"","overlay-opacity":"","overlay-gradient":""}},"footnotes":""},"categories":[1],"tags":[],"class_list":["post-9895","post","type-post","status-publish","format-standard","has-post-thumbnail","hentry","category-general"],"post_mailing_queue_ids":[],"_links":{"self":[{"href":"https:\/\/agora.xtec.cat\/escolasinera\/wp-json\/wp\/v2\/posts\/9895","targetHints":{"allow":["GET"]}}],"collection":[{"href":"https:\/\/agora.xtec.cat\/escolasinera\/wp-json\/wp\/v2\/posts"}],"about":[{"href":"https:\/\/agora.xtec.cat\/escolasinera\/wp-json\/wp\/v2\/types\/post"}],"author":[{"embeddable":true,"href":"https:\/\/agora.xtec.cat\/escolasinera\/wp-json\/wp\/v2\/users\/68"}],"replies":[{"embeddable":true,"href":"https:\/\/agora.xtec.cat\/escolasinera\/wp-json\/wp\/v2\/comments?post=9895"}],"version-history":[{"count":3,"href":"https:\/\/agora.xtec.cat\/escolasinera\/wp-json\/wp\/v2\/posts\/9895\/revisions"}],"predecessor-version":[{"id":9907,"href":"https:\/\/agora.xtec.cat\/escolasinera\/wp-json\/wp\/v2\/posts\/9895\/revisions\/9907"}],"wp:featuredmedia":[{"embeddable":true,"href":"https:\/\/agora.xtec.cat\/escolasinera\/wp-json\/wp\/v2\/media\/9903"}],"wp:attachment":[{"href":"https:\/\/agora.xtec.cat\/escolasinera\/wp-json\/wp\/v2\/media?parent=9895"}],"wp:term":[{"taxonomy":"category","embeddable":true,"href":"https:\/\/agora.xtec.cat\/escolasinera\/wp-json\/wp\/v2\/categories?post=9895"},{"taxonomy":"post_tag","embeddable":true,"href":"https:\/\/agora.xtec.cat\/escolasinera\/wp-json\/wp\/v2\/tags?post=9895"}],"curies":[{"name":"wp","href":"https:\/\/api.w.org\/{rel}","templated":true}]}}