{"id":17582,"date":"2026-04-27T10:25:00","date_gmt":"2026-04-27T08:25:00","guid":{"rendered":"https:\/\/agora.xtec.cat\/escolasinera\/?p=17582"},"modified":"2026-04-27T11:12:45","modified_gmt":"2026-04-27T09:12:45","slug":"mostra-de-la-setmana-cultural","status":"publish","type":"post","link":"https:\/\/agora.xtec.cat\/escolasinera\/general\/mostra-de-la-setmana-cultural\/","title":{"rendered":"Mostra de la setmana cultural."},"content":{"rendered":"\n<p><\/p>\n\n\n\n<figure class=\"wp-block-video\"><\/figure>\n\n\n\n<p>Divendres passat vam celebrar la cloenda de la <strong>Setmana Cultural<\/strong> a l\u2019escola amb una <strong>mostra oberta a les fam\u00edlies<\/strong>, un moment molt especial per compartir tot all\u00f2 que l\u2019<strong>alumnat<\/strong> ha estat treballant al llarg de la setmana.<\/p>\n\n\n\n<p>La <strong>Setmana Cultural<\/strong> ha culminat amb una <strong>mostra oberta a les fam\u00edlies<\/strong>, on s\u2019han pogut veure els <strong>treballs realitzats<\/strong>: <strong>microteatres<\/strong>, <strong>curtmetratges<\/strong>, <strong>exposicions<\/strong>, <strong>programes de r\u00e0dio en directe<\/strong>, <strong>endevinalles<\/strong> i <strong>produccions art\u00edstiques<\/strong>.<\/p>\n\n\n\n<p>Les <strong>fam\u00edlies<\/strong> van tenir l\u2019oportunitat de rec\u00f3rrer els diferents espais i descobrir de primera m\u00e0 la gran varietat de <strong>propostes<\/strong> que s\u2019hi havien dut a terme. Van poder gaudir d\u2019<strong>obres de teatre<\/strong> plenes de creativitat, escoltar <strong>rodolins<\/strong> enginyosos, resoldre <strong>endevinalles<\/strong>, veure <strong>curtmetratges<\/strong> elaborats pels alumnes i fins i tot assistir a un <strong>programa de r\u00e0dio en directe<\/strong>. Tamb\u00e9 es va mostrar el proc\u00e9s de <strong>redacci\u00f3 en viu<\/strong> de la revista <em>Sinera a descobert<\/em>, aix\u00ed com exposicions de <strong>cal\u00b7ligrames<\/strong>, actuacions de <strong>rap<\/strong>, <strong>jocs<\/strong> i moltes altres activitats que reflectien l\u2019<strong>esfor\u00e7<\/strong> i la <strong>imaginaci\u00f3<\/strong> de tot l\u2019<strong>alumnat<\/strong>.<\/p>\n\n\n\n<p>Va ser una tarda plena d\u2019<strong>emoci\u00f3<\/strong>, <strong>orgull<\/strong> i <strong>conviv\u00e8ncia<\/strong>, on es va posar en valor el <strong>treball fet<\/strong> i la implicaci\u00f3 de tota la <strong>comunitat educativa<\/strong>. Per tal de conservar aquest record tan especial, hem elaborat un <strong>v\u00eddeo resum<\/strong> que recull alguns dels millors moments de la jornada i de tota la <strong>Setmana Cultural<\/strong>.<\/p>\n\n\n\n<figure class=\"wp-block-video\"><video controls src=\"https:\/\/agora.xtec.cat\/escolasinera\/wp-content\/uploads\/usu895\/2026\/04\/Mostra-cultural.mp4\"><\/video><\/figure>\n","protected":false},"excerpt":{"rendered":"<p>Divendres passat vam celebrar la cloenda de la Setmana Cultural a l\u2019escola amb una mostra oberta a les fam\u00edlies, un [&hellip;]<\/p>\n","protected":false},"author":1,"featured_media":17586,"comment_status":"open","ping_status":"open","sticky":false,"template":"","format":"standard","meta":{"_bbp_topic_count":0,"_bbp_reply_count":0,"_bbp_total_topic_count":0,"_bbp_total_reply_count":0,"_bbp_voice_count":0,"_bbp_anonymous_reply_count":0,"_bbp_topic_count_hidden":0,"_bbp_reply_count_hidden":0,"_bbp_forum_subforum_count":0,"site-sidebar-layout":"default","site-content-layout":"","ast-site-content-layout":"default","site-content-style":"default","site-sidebar-style":"default","ast-global-header-display":"","ast-banner-title-visibility":"","ast-main-header-display":"","ast-hfb-above-header-display":"","ast-hfb-below-header-display":"","ast-hfb-mobile-header-display":"","site-post-title":"","ast-breadcrumbs-content":"","ast-featured-img":"","footer-sml-layout":"","theme-transparent-header-meta":"","adv-header-id-meta":"","stick-header-meta":"","header-above-stick-meta":"","header-main-stick-meta":"","header-below-stick-meta":"","astra-migrate-meta-layouts":"set","ast-page-background-enabled":"default","ast-page-background-meta":{"desktop":{"background-color":"var(--ast-global-color-4)","background-image":"","background-repeat":"repeat","background-position":"center center","background-size":"auto","background-attachment":"scroll","background-type":"","background-media":"","overlay-type":"","overlay-color":"","overlay-opacity":"","overlay-gradient":""},"tablet":{"background-color":"","background-image":"","background-repeat":"repeat","background-position":"center center","background-size":"auto","background-attachment":"scroll","background-type":"","background-media":"","overlay-type":"","overlay-color":"","overlay-opacity":"","overlay-gradient":""},"mobile":{"background-color":"","background-image":"","background-repeat":"repeat","background-position":"center center","background-size":"auto","background-attachment":"scroll","background-type":"","background-media":"","overlay-type":"","overlay-color":"","overlay-opacity":"","overlay-gradient":""}},"ast-content-background-meta":{"desktop":{"background-color":"var(--ast-global-color-5)","background-image":"","background-repeat":"repeat","background-position":"center center","background-size":"auto","background-attachment":"scroll","background-type":"","background-media":"","overlay-type":"","overlay-color":"","overlay-opacity":"","overlay-gradient":""},"tablet":{"background-color":"var(--ast-global-color-5)","background-image":"","background-repeat":"repeat","background-position":"center center","background-size":"auto","background-attachment":"scroll","background-type":"","background-media":"","overlay-type":"","overlay-color":"","overlay-opacity":"","overlay-gradient":""},"mobile":{"background-color":"var(--ast-global-color-5)","background-image":"","background-repeat":"repeat","background-position":"center center","background-size":"auto","background-attachment":"scroll","background-type":"","background-media":"","overlay-type":"","overlay-color":"","overlay-opacity":"","overlay-gradient":""}},"footnotes":""},"categories":[1],"tags":[],"class_list":["post-17582","post","type-post","status-publish","format-standard","has-post-thumbnail","hentry","category-general"],"post_mailing_queue_ids":[],"_links":{"self":[{"href":"https:\/\/agora.xtec.cat\/escolasinera\/wp-json\/wp\/v2\/posts\/17582","targetHints":{"allow":["GET"]}}],"collection":[{"href":"https:\/\/agora.xtec.cat\/escolasinera\/wp-json\/wp\/v2\/posts"}],"about":[{"href":"https:\/\/agora.xtec.cat\/escolasinera\/wp-json\/wp\/v2\/types\/post"}],"author":[{"embeddable":true,"href":"https:\/\/agora.xtec.cat\/escolasinera\/wp-json\/wp\/v2\/users\/1"}],"replies":[{"embeddable":true,"href":"https:\/\/agora.xtec.cat\/escolasinera\/wp-json\/wp\/v2\/comments?post=17582"}],"version-history":[{"count":1,"href":"https:\/\/agora.xtec.cat\/escolasinera\/wp-json\/wp\/v2\/posts\/17582\/revisions"}],"predecessor-version":[{"id":17585,"href":"https:\/\/agora.xtec.cat\/escolasinera\/wp-json\/wp\/v2\/posts\/17582\/revisions\/17585"}],"wp:featuredmedia":[{"embeddable":true,"href":"https:\/\/agora.xtec.cat\/escolasinera\/wp-json\/wp\/v2\/media\/17586"}],"wp:attachment":[{"href":"https:\/\/agora.xtec.cat\/escolasinera\/wp-json\/wp\/v2\/media?parent=17582"}],"wp:term":[{"taxonomy":"category","embeddable":true,"href":"https:\/\/agora.xtec.cat\/escolasinera\/wp-json\/wp\/v2\/categories?post=17582"},{"taxonomy":"post_tag","embeddable":true,"href":"https:\/\/agora.xtec.cat\/escolasinera\/wp-json\/wp\/v2\/tags?post=17582"}],"curies":[{"name":"wp","href":"https:\/\/api.w.org\/{rel}","templated":true}]}}