{"id":987,"date":"2020-05-12T09:00:43","date_gmt":"2020-05-12T07:00:43","guid":{"rendered":"https:\/\/agora.xtec.cat\/escolaserradeprades\/?p=987"},"modified":"2020-09-01T18:39:28","modified_gmt":"2020-09-01T16:39:28","slug":"preinscripcio-curs-2020-2021","status":"publish","type":"post","link":"https:\/\/agora.xtec.cat\/escolaserradeprades\/general\/preinscripcio-curs-2020-2021\/","title":{"rendered":"PREINSCRIPCI\u00d3 CURS 2020-2021"},"content":{"rendered":"<h2 style=\"text-align: center;\"><strong>PER\u00cdODE DE PREINSCRIPCI\u00d3 2020-2021<\/strong><\/h2>\n<h3 style=\"text-align: center;\"><em><a href=\"https:\/\/agora.xtec.cat\/escolaserradeprades\/wp-content\/uploads\/usu1898\/2020\/05\/circular-preinscripcio\u0301-telema\u0300ticaPRADES.pdf\">Accediu a la circular informativa<\/a><\/em><\/h3>\n<h4 style=\"text-align: center;\"><a href=\"https:\/\/agora.xtec.cat\/escolaserradeprades\/wp-content\/uploads\/usu1898\/2020\/05\/INFORME_BAREM_DEFINITIU_BAREM.pdf\" target=\"_blank\" rel=\"noopener noreferrer\">?LLISTA DE SOL\u00b7LICITUDS AMB BAREM DEFINITIU<\/a><\/h4>\n<p>&nbsp;<\/p>\n<h3><strong>COM I QUAN ES FAR\u00c0? <\/strong><\/h3>\n<p><strong>TELEM\u00c0TICAMENT<\/strong>\u00a0 del 13 al 22 de maig:<\/p>\n<ul>\n<li>Omplir la sol\u00b7licitud telem\u00e0ticament:<\/li>\n<\/ul>\n<p><a href=\"http:\/\/ensenyament.gencat.cat\/ca\/tramits\/tramits-temes\/20483_preinscripcio_escolar?moda=1\">http:\/\/ensenyament.gencat.cat\/ca\/tramits\/tramits-temes\/20483_preinscripcio_escolar?moda=1<\/a><\/p>\n<ul>\n<li>Enviar el resguard de la sol\u00b7licitud i la documentaci\u00f3 necess\u00e0ria escanejada o fotografiada al correu <strong>e3005510@xtec.cat<\/strong><\/li>\n<\/ul>\n<h3><strong>DOCUMENTACI\u00d3 QUE CAL PRESENTAR:<\/strong><\/h3>\n<ul>\n<li>C\u00f2pia del\u00a0<strong>llibre de fam\u00edlia<\/strong> o altres documents relatius a la filiaci\u00f3.<\/li>\n<li>C\u00f2pia del <strong>DNI de la persona sol\u00b7licitant<\/strong> (pare, mare, tutor\/a legal) o, si el sol\u00b7licitant \u00e9s estranger, de la targeta de resid\u00e8ncia on consta el NIE o el passaport. Si es tracta d&#8217;estrangers comunitaris, document d&#8217;identitat del pa\u00eds d&#8217;origen.<\/li>\n<li>C\u00f2pia del <strong>DNI\u00a0de l&#8217;alumne\/a,<\/strong> <strong>si t\u00e9 DNI tot i ser menor de 14 anys.<\/strong><\/li>\n<li>C\u00f2pia del <strong>carnet de vacunacions<\/strong>.<\/li>\n<li>C\u00f2pia de la <strong>targeta sanit\u00e0ria de l\u2019infant<\/strong>.<\/li>\n<li>C\u00f2pia del <strong>carnet de fam\u00edlia nombrosa<\/strong> o del <strong>carnet de discapacitat<\/strong>, si se\u2019n disposa.<\/li>\n<\/ul>\n<p><strong>PER\u00cdODE DE MATRICULACI\u00d3: <\/strong>es formalitzar\u00e0 del 13 al 17 de juliol<\/p>\n<p style=\"text-align: center;\"><strong><em>Per m\u00e9s informaci\u00f3\u00a0 podeu contactar amb nosaltres a trav\u00e9s del tel\u00e8fon 977868348<\/em><\/strong><\/p>\n","protected":false},"excerpt":{"rendered":"<p>Tota la informaci\u00f3 sobre el proc\u00e9s de preinscripci\u00f3<\/p>\n","protected":false},"author":3,"featured_media":0,"comment_status":"open","ping_status":"closed","sticky":false,"template":"","format":"standard","meta":{"_bbp_topic_count":0,"_bbp_reply_count":0,"_bbp_total_topic_count":0,"_bbp_total_reply_count":0,"_bbp_voice_count":0,"_bbp_anonymous_reply_count":0,"_bbp_topic_count_hidden":0,"_bbp_reply_count_hidden":0,"_bbp_forum_subforum_count":0,"site-sidebar-layout":"default","site-content-layout":"","ast-site-content-layout":"","site-content-style":"default","site-sidebar-style":"default","ast-global-header-display":"","ast-banner-title-visibility":"","ast-main-header-display":"","ast-hfb-above-header-display":"","ast-hfb-below-header-display":"","ast-hfb-mobile-header-display":"","site-post-title":"","ast-breadcrumbs-content":"","ast-featured-img":"","footer-sml-layout":"","theme-transparent-header-meta":"","adv-header-id-meta":"","stick-header-meta":"","header-above-stick-meta":"","header-main-stick-meta":"","header-below-stick-meta":"","astra-migrate-meta-layouts":"default","ast-page-background-enabled":"default","ast-page-background-meta":{"desktop":{"background-color":"var(--ast-global-color-4)","background-image":"","background-repeat":"repeat","background-position":"center center","background-size":"auto","background-attachment":"scroll","background-type":"","background-media":"","overlay-type":"","overlay-color":"","overlay-opacity":"","overlay-gradient":""},"tablet":{"background-color":"","background-image":"","background-repeat":"repeat","background-position":"center center","background-size":"auto","background-attachment":"scroll","background-type":"","background-media":"","overlay-type":"","overlay-color":"","overlay-opacity":"","overlay-gradient":""},"mobile":{"background-color":"","background-image":"","background-repeat":"repeat","background-position":"center center","background-size":"auto","background-attachment":"scroll","background-type":"","background-media":"","overlay-type":"","overlay-color":"","overlay-opacity":"","overlay-gradient":""}},"ast-content-background-meta":{"desktop":{"background-color":"var(--ast-global-color-5)","background-image":"","background-repeat":"repeat","background-position":"center center","background-size":"auto","background-attachment":"scroll","background-type":"","background-media":"","overlay-type":"","overlay-color":"","overlay-opacity":"","overlay-gradient":""},"tablet":{"background-color":"var(--ast-global-color-5)","background-image":"","background-repeat":"repeat","background-position":"center center","background-size":"auto","background-attachment":"scroll","background-type":"","background-media":"","overlay-type":"","overlay-color":"","overlay-opacity":"","overlay-gradient":""},"mobile":{"background-color":"var(--ast-global-color-5)","background-image":"","background-repeat":"repeat","background-position":"center center","background-size":"auto","background-attachment":"scroll","background-type":"","background-media":"","overlay-type":"","overlay-color":"","overlay-opacity":"","overlay-gradient":""}},"footnotes":""},"categories":[1],"tags":[],"class_list":["post-987","post","type-post","status-publish","format-standard","hentry","category-general"],"post_mailing_queue_ids":[],"_links":{"self":[{"href":"https:\/\/agora.xtec.cat\/escolaserradeprades\/wp-json\/wp\/v2\/posts\/987","targetHints":{"allow":["GET"]}}],"collection":[{"href":"https:\/\/agora.xtec.cat\/escolaserradeprades\/wp-json\/wp\/v2\/posts"}],"about":[{"href":"https:\/\/agora.xtec.cat\/escolaserradeprades\/wp-json\/wp\/v2\/types\/post"}],"author":[{"embeddable":true,"href":"https:\/\/agora.xtec.cat\/escolaserradeprades\/wp-json\/wp\/v2\/users\/3"}],"replies":[{"embeddable":true,"href":"https:\/\/agora.xtec.cat\/escolaserradeprades\/wp-json\/wp\/v2\/comments?post=987"}],"version-history":[{"count":3,"href":"https:\/\/agora.xtec.cat\/escolaserradeprades\/wp-json\/wp\/v2\/posts\/987\/revisions"}],"predecessor-version":[{"id":1250,"href":"https:\/\/agora.xtec.cat\/escolaserradeprades\/wp-json\/wp\/v2\/posts\/987\/revisions\/1250"}],"wp:attachment":[{"href":"https:\/\/agora.xtec.cat\/escolaserradeprades\/wp-json\/wp\/v2\/media?parent=987"}],"wp:term":[{"taxonomy":"category","embeddable":true,"href":"https:\/\/agora.xtec.cat\/escolaserradeprades\/wp-json\/wp\/v2\/categories?post=987"},{"taxonomy":"post_tag","embeddable":true,"href":"https:\/\/agora.xtec.cat\/escolaserradeprades\/wp-json\/wp\/v2\/tags?post=987"}],"curies":[{"name":"wp","href":"https:\/\/api.w.org\/{rel}","templated":true}]}}