{"id":9400,"date":"2025-01-24T11:13:40","date_gmt":"2025-01-24T10:13:40","guid":{"rendered":"https:\/\/agora.xtec.cat\/escolaserradeprades\/?p=9400"},"modified":"2025-01-24T11:13:40","modified_gmt":"2025-01-24T10:13:40","slug":"preinscripcio-del-curs-2025-2026","status":"publish","type":"post","link":"https:\/\/agora.xtec.cat\/escolaserradeprades\/general\/preinscripcio-del-curs-2025-2026\/","title":{"rendered":"PREINSCRIPCI\u00d3 DEL CURS 2025\/2026"},"content":{"rendered":"<p><a href=\"https:\/\/preinscripcio.gencat.cat\/ca\/inici\/\" target=\"_blank\" rel=\"noopener\"><img loading=\"lazy\" decoding=\"async\" class=\"alignnone size-full wp-image-9401\" src=\"https:\/\/agora.xtec.cat\/escolaserradeprades\/wp-content\/uploads\/usu1898\/2025\/01\/preinscripcio-dates-1-1.png\" alt=\"\" width=\"839\" height=\"463\" srcset=\"https:\/\/agora.xtec.cat\/escolaserradeprades\/wp-content\/uploads\/usu1898\/2025\/01\/preinscripcio-dates-1-1.png 839w, https:\/\/agora.xtec.cat\/escolaserradeprades\/wp-content\/uploads\/usu1898\/2025\/01\/preinscripcio-dates-1-1-300x166.png 300w, https:\/\/agora.xtec.cat\/escolaserradeprades\/wp-content\/uploads\/usu1898\/2025\/01\/preinscripcio-dates-1-1-768x424.png 768w\" sizes=\"auto, (max-width: 839px) 100vw, 839px\" \/><\/a><\/p>\n<p>Si has de preinscriure el teu fill o filla a educaci\u00f3 infantil (3-6), prim\u00e0ria o secund\u00e0ria obligat\u00f2ria, t&#8217;avancem algunes dates, entre les quals destaquem les de<strong>\u00a0presentaci\u00f3 de sol\u00b7licituds<\/strong>:<\/p>\n<ul>\n<li>educaci\u00f3 infantil (3-6 anys) i prim\u00e0ria,\u00a0<strong>del 12 al 26 de mar\u00e7<\/strong><\/li>\n<\/ul>\n<p>Altres dates rellevants s\u00f3n les de publicaci\u00f3 de les llistes de sol\u00b7licituds amb la puntuaci\u00f3 provisional (24 d&#8217;abril), del termini per presentar una reclamaci\u00f3 (del 24 al 29 d&#8217;abril), del sorteig del n\u00famero de desempat (8 de maig), de la llista ordenada (9 de maig) i de la llista d&#8217;alumnes amb pla\u00e7a assignada (16 de juny).<\/p>\n<p>A partir del\u00a0<strong>10 de mar\u00e7<\/strong>\u00a0trobar\u00e0s en aquest web tot all\u00f2 que necessites per fer la preinscripci\u00f3 de tots aquests ensenyaments:<\/p>\n<ul>\n<li>educaci\u00f3 infantil<\/li>\n<li>educaci\u00f3 prim\u00e0ria<\/li>\n<li>educaci\u00f3 secund\u00e0ria obligat\u00f2ria<\/li>\n<li>batxillerat<\/li>\n<li>ensenyaments professionals de m\u00fasica i dansa, i en els centres integrats<\/li>\n<li>estudis art\u00edstics superiors<\/li>\n<\/ul>\n<p>T&#8217;acompanyarem perqu\u00e8 et preparis, coneguis les dates clau, presentis la sol\u00b7licitud i en facis el seguiment, i formalitzis la matr\u00edcula al centre.<\/p>\n<p><strong><a href=\"https:\/\/preinscripcio.gencat.cat\/ca\/inici\/\" target=\"_blank\" rel=\"noopener\">ENLLA\u00c7<\/a><\/strong><\/p>\n","protected":false},"excerpt":{"rendered":"<p>Si has de preinscriure el teu fill o filla a educaci\u00f3 infantil (3-6), prim\u00e0ria o secund\u00e0ria obligat\u00f2ria, t&#8217;avancem algunes dates, entre les quals destaquem les de\u00a0presentaci\u00f3 de sol\u00b7licituds:<\/p>\n","protected":false},"author":3,"featured_media":9401,"comment_status":"open","ping_status":"closed","sticky":false,"template":"","format":"standard","meta":{"_bbp_topic_count":0,"_bbp_reply_count":0,"_bbp_total_topic_count":0,"_bbp_total_reply_count":0,"_bbp_voice_count":0,"_bbp_anonymous_reply_count":0,"_bbp_topic_count_hidden":0,"_bbp_reply_count_hidden":0,"_bbp_forum_subforum_count":0,"site-sidebar-layout":"default","site-content-layout":"","ast-site-content-layout":"","site-content-style":"default","site-sidebar-style":"default","ast-global-header-display":"","ast-banner-title-visibility":"","ast-main-header-display":"","ast-hfb-above-header-display":"","ast-hfb-below-header-display":"","ast-hfb-mobile-header-display":"","site-post-title":"","ast-breadcrumbs-content":"","ast-featured-img":"","footer-sml-layout":"","theme-transparent-header-meta":"","adv-header-id-meta":"","stick-header-meta":"","header-above-stick-meta":"","header-main-stick-meta":"","header-below-stick-meta":"","astra-migrate-meta-layouts":"default","ast-page-background-enabled":"default","ast-page-background-meta":{"desktop":{"background-color":"var(--ast-global-color-4)","background-image":"","background-repeat":"repeat","background-position":"center center","background-size":"auto","background-attachment":"scroll","background-type":"","background-media":"","overlay-type":"","overlay-color":"","overlay-opacity":"","overlay-gradient":""},"tablet":{"background-color":"","background-image":"","background-repeat":"repeat","background-position":"center center","background-size":"auto","background-attachment":"scroll","background-type":"","background-media":"","overlay-type":"","overlay-color":"","overlay-opacity":"","overlay-gradient":""},"mobile":{"background-color":"","background-image":"","background-repeat":"repeat","background-position":"center center","background-size":"auto","background-attachment":"scroll","background-type":"","background-media":"","overlay-type":"","overlay-color":"","overlay-opacity":"","overlay-gradient":""}},"ast-content-background-meta":{"desktop":{"background-color":"var(--ast-global-color-5)","background-image":"","background-repeat":"repeat","background-position":"center center","background-size":"auto","background-attachment":"scroll","background-type":"","background-media":"","overlay-type":"","overlay-color":"","overlay-opacity":"","overlay-gradient":""},"tablet":{"background-color":"var(--ast-global-color-5)","background-image":"","background-repeat":"repeat","background-position":"center center","background-size":"auto","background-attachment":"scroll","background-type":"","background-media":"","overlay-type":"","overlay-color":"","overlay-opacity":"","overlay-gradient":""},"mobile":{"background-color":"var(--ast-global-color-5)","background-image":"","background-repeat":"repeat","background-position":"center center","background-size":"auto","background-attachment":"scroll","background-type":"","background-media":"","overlay-type":"","overlay-color":"","overlay-opacity":"","overlay-gradient":""}},"footnotes":""},"categories":[1],"tags":[221,193],"class_list":["post-9400","post","type-post","status-publish","format-standard","has-post-thumbnail","hentry","category-general","tag-escola","tag-preinscripcio"],"post_mailing_queue_ids":[],"_links":{"self":[{"href":"https:\/\/agora.xtec.cat\/escolaserradeprades\/wp-json\/wp\/v2\/posts\/9400","targetHints":{"allow":["GET"]}}],"collection":[{"href":"https:\/\/agora.xtec.cat\/escolaserradeprades\/wp-json\/wp\/v2\/posts"}],"about":[{"href":"https:\/\/agora.xtec.cat\/escolaserradeprades\/wp-json\/wp\/v2\/types\/post"}],"author":[{"embeddable":true,"href":"https:\/\/agora.xtec.cat\/escolaserradeprades\/wp-json\/wp\/v2\/users\/3"}],"replies":[{"embeddable":true,"href":"https:\/\/agora.xtec.cat\/escolaserradeprades\/wp-json\/wp\/v2\/comments?post=9400"}],"version-history":[{"count":1,"href":"https:\/\/agora.xtec.cat\/escolaserradeprades\/wp-json\/wp\/v2\/posts\/9400\/revisions"}],"predecessor-version":[{"id":9402,"href":"https:\/\/agora.xtec.cat\/escolaserradeprades\/wp-json\/wp\/v2\/posts\/9400\/revisions\/9402"}],"wp:featuredmedia":[{"embeddable":true,"href":"https:\/\/agora.xtec.cat\/escolaserradeprades\/wp-json\/wp\/v2\/media\/9401"}],"wp:attachment":[{"href":"https:\/\/agora.xtec.cat\/escolaserradeprades\/wp-json\/wp\/v2\/media?parent=9400"}],"wp:term":[{"taxonomy":"category","embeddable":true,"href":"https:\/\/agora.xtec.cat\/escolaserradeprades\/wp-json\/wp\/v2\/categories?post=9400"},{"taxonomy":"post_tag","embeddable":true,"href":"https:\/\/agora.xtec.cat\/escolaserradeprades\/wp-json\/wp\/v2\/tags?post=9400"}],"curies":[{"name":"wp","href":"https:\/\/api.w.org\/{rel}","templated":true}]}}