{"id":9239,"date":"2024-12-18T22:53:21","date_gmt":"2024-12-18T21:53:21","guid":{"rendered":"https:\/\/agora.xtec.cat\/escolaserradeprades\/?p=9239"},"modified":"2024-12-18T22:53:48","modified_gmt":"2024-12-18T21:53:48","slug":"visitem-el-casal-davis-de-prades","status":"publish","type":"post","link":"https:\/\/agora.xtec.cat\/escolaserradeprades\/general\/visitem-el-casal-davis-de-prades\/","title":{"rendered":"VISITEM EL CASAL D&#8217;AVIS DE PRADES"},"content":{"rendered":"<p>Hem fet una visita molt especial, que ens venia molt de gust! El Casal d&#8217;Avis de Prades ens ha acollit per escoltar com recitem els poemes de Nadal. Hem tingut un p\u00fablic magn\u00edfic, ple de saviesa i saber fer, que ens han escoltat atentament i ens han aplaudit ben fort. Gr\u00e0cies per rebre&#8217;ns!<\/p>\n<p><img loading=\"lazy\" decoding=\"async\" class=\"alignnone wp-image-9240\" src=\"https:\/\/agora.xtec.cat\/escolaserradeprades\/wp-content\/uploads\/usu1898\/2024\/12\/20241217_151855-1024x768.jpg\" alt=\"\" width=\"597\" height=\"448\" srcset=\"https:\/\/agora.xtec.cat\/escolaserradeprades\/wp-content\/uploads\/usu1898\/2024\/12\/20241217_151855-1024x768.jpg 1024w, https:\/\/agora.xtec.cat\/escolaserradeprades\/wp-content\/uploads\/usu1898\/2024\/12\/20241217_151855-300x225.jpg 300w, https:\/\/agora.xtec.cat\/escolaserradeprades\/wp-content\/uploads\/usu1898\/2024\/12\/20241217_151855-768x576.jpg 768w, https:\/\/agora.xtec.cat\/escolaserradeprades\/wp-content\/uploads\/usu1898\/2024\/12\/20241217_151855-1536x1152.jpg 1536w, https:\/\/agora.xtec.cat\/escolaserradeprades\/wp-content\/uploads\/usu1898\/2024\/12\/20241217_151855-2048x1536.jpg 2048w, https:\/\/agora.xtec.cat\/escolaserradeprades\/wp-content\/uploads\/usu1898\/2024\/12\/20241217_151855-200x150.jpg 200w\" sizes=\"auto, (max-width: 597px) 100vw, 597px\" \/> <img loading=\"lazy\" decoding=\"async\" class=\"alignnone wp-image-9241\" src=\"https:\/\/agora.xtec.cat\/escolaserradeprades\/wp-content\/uploads\/usu1898\/2024\/12\/20241217_152226-1024x768.jpg\" alt=\"\" width=\"595\" height=\"446\" srcset=\"https:\/\/agora.xtec.cat\/escolaserradeprades\/wp-content\/uploads\/usu1898\/2024\/12\/20241217_152226-1024x768.jpg 1024w, https:\/\/agora.xtec.cat\/escolaserradeprades\/wp-content\/uploads\/usu1898\/2024\/12\/20241217_152226-300x225.jpg 300w, https:\/\/agora.xtec.cat\/escolaserradeprades\/wp-content\/uploads\/usu1898\/2024\/12\/20241217_152226-768x576.jpg 768w, https:\/\/agora.xtec.cat\/escolaserradeprades\/wp-content\/uploads\/usu1898\/2024\/12\/20241217_152226-1536x1152.jpg 1536w, https:\/\/agora.xtec.cat\/escolaserradeprades\/wp-content\/uploads\/usu1898\/2024\/12\/20241217_152226-2048x1536.jpg 2048w, https:\/\/agora.xtec.cat\/escolaserradeprades\/wp-content\/uploads\/usu1898\/2024\/12\/20241217_152226-200x150.jpg 200w\" sizes=\"auto, (max-width: 595px) 100vw, 595px\" \/> <img loading=\"lazy\" decoding=\"async\" class=\"alignnone wp-image-9242\" src=\"https:\/\/agora.xtec.cat\/escolaserradeprades\/wp-content\/uploads\/usu1898\/2024\/12\/20241217_152358-1024x768.jpg\" alt=\"\" width=\"601\" height=\"451\" srcset=\"https:\/\/agora.xtec.cat\/escolaserradeprades\/wp-content\/uploads\/usu1898\/2024\/12\/20241217_152358-1024x768.jpg 1024w, https:\/\/agora.xtec.cat\/escolaserradeprades\/wp-content\/uploads\/usu1898\/2024\/12\/20241217_152358-300x225.jpg 300w, https:\/\/agora.xtec.cat\/escolaserradeprades\/wp-content\/uploads\/usu1898\/2024\/12\/20241217_152358-768x576.jpg 768w, https:\/\/agora.xtec.cat\/escolaserradeprades\/wp-content\/uploads\/usu1898\/2024\/12\/20241217_152358-1536x1152.jpg 1536w, https:\/\/agora.xtec.cat\/escolaserradeprades\/wp-content\/uploads\/usu1898\/2024\/12\/20241217_152358-2048x1536.jpg 2048w, https:\/\/agora.xtec.cat\/escolaserradeprades\/wp-content\/uploads\/usu1898\/2024\/12\/20241217_152358-200x150.jpg 200w\" sizes=\"auto, (max-width: 601px) 100vw, 601px\" \/> <img loading=\"lazy\" decoding=\"async\" class=\"alignnone wp-image-9243\" src=\"https:\/\/agora.xtec.cat\/escolaserradeprades\/wp-content\/uploads\/usu1898\/2024\/12\/20241217_152606-1024x768.jpg\" alt=\"\" width=\"599\" height=\"449\" srcset=\"https:\/\/agora.xtec.cat\/escolaserradeprades\/wp-content\/uploads\/usu1898\/2024\/12\/20241217_152606-1024x768.jpg 1024w, https:\/\/agora.xtec.cat\/escolaserradeprades\/wp-content\/uploads\/usu1898\/2024\/12\/20241217_152606-300x225.jpg 300w, https:\/\/agora.xtec.cat\/escolaserradeprades\/wp-content\/uploads\/usu1898\/2024\/12\/20241217_152606-768x576.jpg 768w, https:\/\/agora.xtec.cat\/escolaserradeprades\/wp-content\/uploads\/usu1898\/2024\/12\/20241217_152606-1536x1152.jpg 1536w, https:\/\/agora.xtec.cat\/escolaserradeprades\/wp-content\/uploads\/usu1898\/2024\/12\/20241217_152606-2048x1536.jpg 2048w, https:\/\/agora.xtec.cat\/escolaserradeprades\/wp-content\/uploads\/usu1898\/2024\/12\/20241217_152606-200x150.jpg 200w\" sizes=\"auto, (max-width: 599px) 100vw, 599px\" \/> <img loading=\"lazy\" decoding=\"async\" class=\"alignnone  wp-image-9244\" src=\"https:\/\/agora.xtec.cat\/escolaserradeprades\/wp-content\/uploads\/usu1898\/2024\/12\/20241217_153329-scaled-e1734558709496-768x1024.jpg\" alt=\"\" width=\"599\" height=\"799\" srcset=\"https:\/\/agora.xtec.cat\/escolaserradeprades\/wp-content\/uploads\/usu1898\/2024\/12\/20241217_153329-scaled-e1734558709496-768x1024.jpg 768w, https:\/\/agora.xtec.cat\/escolaserradeprades\/wp-content\/uploads\/usu1898\/2024\/12\/20241217_153329-scaled-e1734558709496-225x300.jpg 225w, https:\/\/agora.xtec.cat\/escolaserradeprades\/wp-content\/uploads\/usu1898\/2024\/12\/20241217_153329-scaled-e1734558709496-1152x1536.jpg 1152w, https:\/\/agora.xtec.cat\/escolaserradeprades\/wp-content\/uploads\/usu1898\/2024\/12\/20241217_153329-scaled-e1734558709496-1536x2048.jpg 1536w, https:\/\/agora.xtec.cat\/escolaserradeprades\/wp-content\/uploads\/usu1898\/2024\/12\/20241217_153329-scaled-e1734558709496.jpg 1920w\" sizes=\"auto, (max-width: 599px) 100vw, 599px\" \/><\/p>\n","protected":false},"excerpt":{"rendered":"<p>El Casal d&#8217;Avis de Prades ens ha acollit per escoltar com recitem els poemes de Nadal.<\/p>\n","protected":false},"author":3,"featured_media":9244,"comment_status":"open","ping_status":"closed","sticky":false,"template":"","format":"standard","meta":{"_bbp_topic_count":0,"_bbp_reply_count":0,"_bbp_total_topic_count":0,"_bbp_total_reply_count":0,"_bbp_voice_count":0,"_bbp_anonymous_reply_count":0,"_bbp_topic_count_hidden":0,"_bbp_reply_count_hidden":0,"_bbp_forum_subforum_count":0,"site-sidebar-layout":"default","site-content-layout":"","ast-site-content-layout":"","site-content-style":"default","site-sidebar-style":"default","ast-global-header-display":"","ast-banner-title-visibility":"","ast-main-header-display":"","ast-hfb-above-header-display":"","ast-hfb-below-header-display":"","ast-hfb-mobile-header-display":"","site-post-title":"","ast-breadcrumbs-content":"","ast-featured-img":"","footer-sml-layout":"","theme-transparent-header-meta":"","adv-header-id-meta":"","stick-header-meta":"","header-above-stick-meta":"","header-main-stick-meta":"","header-below-stick-meta":"","astra-migrate-meta-layouts":"default","ast-page-background-enabled":"default","ast-page-background-meta":{"desktop":{"background-color":"var(--ast-global-color-4)","background-image":"","background-repeat":"repeat","background-position":"center center","background-size":"auto","background-attachment":"scroll","background-type":"","background-media":"","overlay-type":"","overlay-color":"","overlay-opacity":"","overlay-gradient":""},"tablet":{"background-color":"","background-image":"","background-repeat":"repeat","background-position":"center center","background-size":"auto","background-attachment":"scroll","background-type":"","background-media":"","overlay-type":"","overlay-color":"","overlay-opacity":"","overlay-gradient":""},"mobile":{"background-color":"","background-image":"","background-repeat":"repeat","background-position":"center center","background-size":"auto","background-attachment":"scroll","background-type":"","background-media":"","overlay-type":"","overlay-color":"","overlay-opacity":"","overlay-gradient":""}},"ast-content-background-meta":{"desktop":{"background-color":"var(--ast-global-color-5)","background-image":"","background-repeat":"repeat","background-position":"center center","background-size":"auto","background-attachment":"scroll","background-type":"","background-media":"","overlay-type":"","overlay-color":"","overlay-opacity":"","overlay-gradient":""},"tablet":{"background-color":"var(--ast-global-color-5)","background-image":"","background-repeat":"repeat","background-position":"center center","background-size":"auto","background-attachment":"scroll","background-type":"","background-media":"","overlay-type":"","overlay-color":"","overlay-opacity":"","overlay-gradient":""},"mobile":{"background-color":"var(--ast-global-color-5)","background-image":"","background-repeat":"repeat","background-position":"center center","background-size":"auto","background-attachment":"scroll","background-type":"","background-media":"","overlay-type":"","overlay-color":"","overlay-opacity":"","overlay-gradient":""}},"footnotes":""},"categories":[7,84,90,89,153,1],"tags":[598,597,599,63,171],"class_list":["post-9239","post","type-post","status-publish","format-standard","has-post-thumbnail","hentry","category-calendari-del-curs","category-cicle-inicial","category-cicle-mitja","category-cicle-superior","category-educacio-infantil","category-general","tag-avies","tag-avis","tag-intergeneracional","tag-nadal","tag-tradicions"],"post_mailing_queue_ids":[],"_links":{"self":[{"href":"https:\/\/agora.xtec.cat\/escolaserradeprades\/wp-json\/wp\/v2\/posts\/9239","targetHints":{"allow":["GET"]}}],"collection":[{"href":"https:\/\/agora.xtec.cat\/escolaserradeprades\/wp-json\/wp\/v2\/posts"}],"about":[{"href":"https:\/\/agora.xtec.cat\/escolaserradeprades\/wp-json\/wp\/v2\/types\/post"}],"author":[{"embeddable":true,"href":"https:\/\/agora.xtec.cat\/escolaserradeprades\/wp-json\/wp\/v2\/users\/3"}],"replies":[{"embeddable":true,"href":"https:\/\/agora.xtec.cat\/escolaserradeprades\/wp-json\/wp\/v2\/comments?post=9239"}],"version-history":[{"count":2,"href":"https:\/\/agora.xtec.cat\/escolaserradeprades\/wp-json\/wp\/v2\/posts\/9239\/revisions"}],"predecessor-version":[{"id":9246,"href":"https:\/\/agora.xtec.cat\/escolaserradeprades\/wp-json\/wp\/v2\/posts\/9239\/revisions\/9246"}],"wp:featuredmedia":[{"embeddable":true,"href":"https:\/\/agora.xtec.cat\/escolaserradeprades\/wp-json\/wp\/v2\/media\/9244"}],"wp:attachment":[{"href":"https:\/\/agora.xtec.cat\/escolaserradeprades\/wp-json\/wp\/v2\/media?parent=9239"}],"wp:term":[{"taxonomy":"category","embeddable":true,"href":"https:\/\/agora.xtec.cat\/escolaserradeprades\/wp-json\/wp\/v2\/categories?post=9239"},{"taxonomy":"post_tag","embeddable":true,"href":"https:\/\/agora.xtec.cat\/escolaserradeprades\/wp-json\/wp\/v2\/tags?post=9239"}],"curies":[{"name":"wp","href":"https:\/\/api.w.org\/{rel}","templated":true}]}}