{"id":7742,"date":"2024-04-20T19:33:07","date_gmt":"2024-04-20T17:33:07","guid":{"rendered":"https:\/\/agora.xtec.cat\/escolaserradeprades\/?p=7742"},"modified":"2024-05-16T17:21:31","modified_gmt":"2024-05-16T15:21:31","slug":"participem-a-la-campanya-llegir-ens-fa-grans","status":"publish","type":"post","link":"https:\/\/agora.xtec.cat\/escolaserradeprades\/general\/participem-a-la-campanya-llegir-ens-fa-grans\/","title":{"rendered":"PARTICIPEM A LA CAMPANYA LLEGIR ENS FA GRANS"},"content":{"rendered":"<p dir=\"ltr\">S&#8217;acosta la diada de Sant Jordi i \u00d2mnium Cultural impulsa\u00a0la campanya\u00a0<strong>Llegir ens fa grans<\/strong>. Fem cr\u00e9ixer les biblioteques escolars\u00a0<img decoding=\"async\" class=\"an1 CToWUd\" draggable=\"false\" src=\"https:\/\/fonts.gstatic.com\/s\/e\/notoemoji\/15.0\/1f4da\/32.png\" alt=\"\ud83d\udcda\" data-emoji=\"\ud83d\udcda\" aria-label=\"\ud83d\udcda\" data-bit=\"iit\" \/>, a la qual\u00a0el nostre centre s\u2019hi ha adherit per ampliar i renovar el cat\u00e0leg de llibres\u00a0en catal\u00e0 de la nostra biblioteca.<\/p>\n<p dir=\"ltr\">\u00c9s una crida a tota la ciutadania,\u00a0fins al 23 d\u2019abril,\u00a0per a la\u00a0recollida de llibres nous infantils i juvenils en catal\u00e0,\u00a0a triar entre un cat\u00e0leg variat de m\u00e9s de 100 t\u00edtols que podeu consultar aqu\u00ed:\u00a0<a href=\"https:\/\/llegirensfagrans.omnium.cat\/cataleg\/\" target=\"_blank\" rel=\"noopener\" data-saferedirecturl=\"https:\/\/www.google.com\/url?q=https:\/\/llegirensfagrans.omnium.cat\/cataleg\/&amp;source=gmail&amp;ust=1713716379756000&amp;usg=AOvVaw2XQhYPYoRPLZ8pBk8HcWfr\">https:\/\/llegirensfagrans.<wbr \/>omnium.cat\/cataleg<\/a><\/p>\n<p dir=\"ltr\">Aquests llibres els podreu comprar i entregar-los perqu\u00e8 s\u2019envi\u00efn a escoles i instituts:<\/p>\n<ul>\n<li dir=\"ltr\">\n<p dir=\"ltr\" role=\"presentation\">F\u00edsicament, a qualsevol de les llibreries adherides a la campanya: <a href=\"https:\/\/llegirensfagrans.omnium.cat\/#punts-recollida\" target=\"_blank\" rel=\"noopener\" data-saferedirecturl=\"https:\/\/www.google.com\/url?q=https:\/\/llegirensfagrans.omnium.cat\/%23punts-recollida&amp;source=gmail&amp;ust=1713716379756000&amp;usg=AOvVaw3-9qFNGE760ymAF3_G8Fqg\">https:\/\/llegirensfagrans.<wbr \/>omnium.cat\/#punts-recollida<\/a><\/p>\n<\/li>\n<li dir=\"ltr\">\n<p dir=\"ltr\" role=\"presentation\">Per Sant Jordi, al Punt \u00d2mnium de Barcelona, situat a Rambla de Catalunya amb Diagonal.<\/p>\n<\/li>\n<li dir=\"ltr\">\n<p dir=\"ltr\" role=\"presentation\">En l\u00ednia, a la mateixa web de la campanya, fins al 30 d\u2019abril: <a href=\"https:\/\/llegirensfagrans.omnium.cat\/participa\/\" target=\"_blank\" rel=\"noopener\" data-saferedirecturl=\"https:\/\/www.google.com\/url?q=https:\/\/llegirensfagrans.omnium.cat\/participa\/&amp;source=gmail&amp;ust=1713716379756000&amp;usg=AOvVaw10nUyEabJc4TxEj1z64VTo\">https:\/\/llegirensfagrans.<wbr \/>omnium.cat\/participa\/<\/a><\/p>\n<\/li>\n<\/ul>\n<p dir=\"ltr\">Us animem a participar de la campanya i a difondre-la entre coneguts i amics.<\/p>\n<p dir=\"ltr\">Cal fomentar la lectura entre els infants i joves, promoure la creaci\u00f3 de referents en catal\u00e0 i incentivar la cultura, i m\u00e9s per Sant Jordi.\u00a0Fem cr\u00e9ixer entre tots la nostra biblioteca escolar?<\/p>\n<p>&nbsp;<\/p>\n<p dir=\"ltr\"><strong>Llegir ens fa GRANS!\u00a0<img decoding=\"async\" class=\"an1 CToWUd\" draggable=\"false\" src=\"https:\/\/fonts.gstatic.com\/s\/e\/notoemoji\/15.0\/1f9e1\/32.png\" alt=\"\ud83e\udde1\" data-emoji=\"\ud83e\udde1\" aria-label=\"\ud83e\udde1\" data-bit=\"iit\" \/><\/strong><\/p>\n","protected":false},"excerpt":{"rendered":"<p>Ens agradaria ampliar la biblioteca de l&#8217;escola, ens ajudes?<\/p>\n","protected":false},"author":3,"featured_media":7745,"comment_status":"open","ping_status":"closed","sticky":false,"template":"","format":"standard","meta":{"_bbp_topic_count":0,"_bbp_reply_count":0,"_bbp_total_topic_count":0,"_bbp_total_reply_count":0,"_bbp_voice_count":0,"_bbp_anonymous_reply_count":0,"_bbp_topic_count_hidden":0,"_bbp_reply_count_hidden":0,"_bbp_forum_subforum_count":0,"site-sidebar-layout":"default","site-content-layout":"","ast-site-content-layout":"","site-content-style":"default","site-sidebar-style":"default","ast-global-header-display":"","ast-banner-title-visibility":"","ast-main-header-display":"","ast-hfb-above-header-display":"","ast-hfb-below-header-display":"","ast-hfb-mobile-header-display":"","site-post-title":"","ast-breadcrumbs-content":"","ast-featured-img":"","footer-sml-layout":"","theme-transparent-header-meta":"","adv-header-id-meta":"","stick-header-meta":"","header-above-stick-meta":"","header-main-stick-meta":"","header-below-stick-meta":"","astra-migrate-meta-layouts":"default","ast-page-background-enabled":"default","ast-page-background-meta":{"desktop":{"background-color":"var(--ast-global-color-4)","background-image":"","background-repeat":"repeat","background-position":"center center","background-size":"auto","background-attachment":"scroll","background-type":"","background-media":"","overlay-type":"","overlay-color":"","overlay-opacity":"","overlay-gradient":""},"tablet":{"background-color":"","background-image":"","background-repeat":"repeat","background-position":"center center","background-size":"auto","background-attachment":"scroll","background-type":"","background-media":"","overlay-type":"","overlay-color":"","overlay-opacity":"","overlay-gradient":""},"mobile":{"background-color":"","background-image":"","background-repeat":"repeat","background-position":"center center","background-size":"auto","background-attachment":"scroll","background-type":"","background-media":"","overlay-type":"","overlay-color":"","overlay-opacity":"","overlay-gradient":""}},"ast-content-background-meta":{"desktop":{"background-color":"var(--ast-global-color-5)","background-image":"","background-repeat":"repeat","background-position":"center center","background-size":"auto","background-attachment":"scroll","background-type":"","background-media":"","overlay-type":"","overlay-color":"","overlay-opacity":"","overlay-gradient":""},"tablet":{"background-color":"var(--ast-global-color-5)","background-image":"","background-repeat":"repeat","background-position":"center center","background-size":"auto","background-attachment":"scroll","background-type":"","background-media":"","overlay-type":"","overlay-color":"","overlay-opacity":"","overlay-gradient":""},"mobile":{"background-color":"var(--ast-global-color-5)","background-image":"","background-repeat":"repeat","background-position":"center center","background-size":"auto","background-attachment":"scroll","background-type":"","background-media":"","overlay-type":"","overlay-color":"","overlay-opacity":"","overlay-gradient":""}},"footnotes":""},"categories":[7,1],"tags":[112,77,500,142],"class_list":["post-7742","post","type-post","status-publish","format-standard","has-post-thumbnail","hentry","category-calendari-del-curs","category-general","tag-catala","tag-lectura","tag-llegir","tag-llibres"],"post_mailing_queue_ids":[],"_links":{"self":[{"href":"https:\/\/agora.xtec.cat\/escolaserradeprades\/wp-json\/wp\/v2\/posts\/7742","targetHints":{"allow":["GET"]}}],"collection":[{"href":"https:\/\/agora.xtec.cat\/escolaserradeprades\/wp-json\/wp\/v2\/posts"}],"about":[{"href":"https:\/\/agora.xtec.cat\/escolaserradeprades\/wp-json\/wp\/v2\/types\/post"}],"author":[{"embeddable":true,"href":"https:\/\/agora.xtec.cat\/escolaserradeprades\/wp-json\/wp\/v2\/users\/3"}],"replies":[{"embeddable":true,"href":"https:\/\/agora.xtec.cat\/escolaserradeprades\/wp-json\/wp\/v2\/comments?post=7742"}],"version-history":[{"count":2,"href":"https:\/\/agora.xtec.cat\/escolaserradeprades\/wp-json\/wp\/v2\/posts\/7742\/revisions"}],"predecessor-version":[{"id":7746,"href":"https:\/\/agora.xtec.cat\/escolaserradeprades\/wp-json\/wp\/v2\/posts\/7742\/revisions\/7746"}],"wp:featuredmedia":[{"embeddable":true,"href":"https:\/\/agora.xtec.cat\/escolaserradeprades\/wp-json\/wp\/v2\/media\/7745"}],"wp:attachment":[{"href":"https:\/\/agora.xtec.cat\/escolaserradeprades\/wp-json\/wp\/v2\/media?parent=7742"}],"wp:term":[{"taxonomy":"category","embeddable":true,"href":"https:\/\/agora.xtec.cat\/escolaserradeprades\/wp-json\/wp\/v2\/categories?post=7742"},{"taxonomy":"post_tag","embeddable":true,"href":"https:\/\/agora.xtec.cat\/escolaserradeprades\/wp-json\/wp\/v2\/tags?post=7742"}],"curies":[{"name":"wp","href":"https:\/\/api.w.org\/{rel}","templated":true}]}}