{"id":6519,"date":"2023-11-09T16:51:33","date_gmt":"2023-11-09T15:51:33","guid":{"rendered":"https:\/\/agora.xtec.cat\/escolaserradeprades\/?p=6519"},"modified":"2023-11-09T16:51:33","modified_gmt":"2023-11-09T15:51:33","slug":"els-sentits","status":"publish","type":"post","link":"https:\/\/agora.xtec.cat\/escolaserradeprades\/general\/els-sentits\/","title":{"rendered":"ELS SENTITS"},"content":{"rendered":"<p>Propostes d&#8217;experimentaci\u00f3 dels sentits del nostre cos: com percebem els objectes, quines sensacions tenim, quina informaci\u00f3 rebem&#8230; Ens tapem els ulls i&#8230; tot canvia! Ens ajuda a aprendre com ens relacionem amb el nostre entorn m\u00e9s proper.<\/p>\n<p><img loading=\"lazy\" decoding=\"async\" class=\"alignnone  wp-image-6520\" src=\"https:\/\/agora.xtec.cat\/escolaserradeprades\/wp-content\/uploads\/usu1898\/2023\/11\/ci-els-sentits-1-1024x768.jpg\" alt=\"\" width=\"469\" height=\"352\" srcset=\"https:\/\/agora.xtec.cat\/escolaserradeprades\/wp-content\/uploads\/usu1898\/2023\/11\/ci-els-sentits-1-1024x768.jpg 1024w, https:\/\/agora.xtec.cat\/escolaserradeprades\/wp-content\/uploads\/usu1898\/2023\/11\/ci-els-sentits-1-300x225.jpg 300w, https:\/\/agora.xtec.cat\/escolaserradeprades\/wp-content\/uploads\/usu1898\/2023\/11\/ci-els-sentits-1-768x576.jpg 768w, https:\/\/agora.xtec.cat\/escolaserradeprades\/wp-content\/uploads\/usu1898\/2023\/11\/ci-els-sentits-1-1536x1152.jpg 1536w, https:\/\/agora.xtec.cat\/escolaserradeprades\/wp-content\/uploads\/usu1898\/2023\/11\/ci-els-sentits-1-2048x1536.jpg 2048w, https:\/\/agora.xtec.cat\/escolaserradeprades\/wp-content\/uploads\/usu1898\/2023\/11\/ci-els-sentits-1-200x150.jpg 200w\" sizes=\"auto, (max-width: 469px) 100vw, 469px\" \/> <img loading=\"lazy\" decoding=\"async\" class=\"alignnone  wp-image-6521\" src=\"https:\/\/agora.xtec.cat\/escolaserradeprades\/wp-content\/uploads\/usu1898\/2023\/11\/ci-els-sentits-2-1024x768.jpg\" alt=\"\" width=\"464\" height=\"348\" srcset=\"https:\/\/agora.xtec.cat\/escolaserradeprades\/wp-content\/uploads\/usu1898\/2023\/11\/ci-els-sentits-2-1024x768.jpg 1024w, https:\/\/agora.xtec.cat\/escolaserradeprades\/wp-content\/uploads\/usu1898\/2023\/11\/ci-els-sentits-2-300x225.jpg 300w, https:\/\/agora.xtec.cat\/escolaserradeprades\/wp-content\/uploads\/usu1898\/2023\/11\/ci-els-sentits-2-768x576.jpg 768w, https:\/\/agora.xtec.cat\/escolaserradeprades\/wp-content\/uploads\/usu1898\/2023\/11\/ci-els-sentits-2-1536x1152.jpg 1536w, https:\/\/agora.xtec.cat\/escolaserradeprades\/wp-content\/uploads\/usu1898\/2023\/11\/ci-els-sentits-2-2048x1536.jpg 2048w, https:\/\/agora.xtec.cat\/escolaserradeprades\/wp-content\/uploads\/usu1898\/2023\/11\/ci-els-sentits-2-200x150.jpg 200w\" sizes=\"auto, (max-width: 464px) 100vw, 464px\" \/> <img loading=\"lazy\" decoding=\"async\" class=\"alignnone  wp-image-6522\" src=\"https:\/\/agora.xtec.cat\/escolaserradeprades\/wp-content\/uploads\/usu1898\/2023\/11\/ci-els-sentits-3-1024x768.jpg\" alt=\"\" width=\"464\" height=\"348\" srcset=\"https:\/\/agora.xtec.cat\/escolaserradeprades\/wp-content\/uploads\/usu1898\/2023\/11\/ci-els-sentits-3-1024x768.jpg 1024w, https:\/\/agora.xtec.cat\/escolaserradeprades\/wp-content\/uploads\/usu1898\/2023\/11\/ci-els-sentits-3-300x225.jpg 300w, https:\/\/agora.xtec.cat\/escolaserradeprades\/wp-content\/uploads\/usu1898\/2023\/11\/ci-els-sentits-3-768x576.jpg 768w, https:\/\/agora.xtec.cat\/escolaserradeprades\/wp-content\/uploads\/usu1898\/2023\/11\/ci-els-sentits-3-1536x1152.jpg 1536w, https:\/\/agora.xtec.cat\/escolaserradeprades\/wp-content\/uploads\/usu1898\/2023\/11\/ci-els-sentits-3-2048x1536.jpg 2048w, https:\/\/agora.xtec.cat\/escolaserradeprades\/wp-content\/uploads\/usu1898\/2023\/11\/ci-els-sentits-3-200x150.jpg 200w\" sizes=\"auto, (max-width: 464px) 100vw, 464px\" \/> <img loading=\"lazy\" decoding=\"async\" class=\"alignnone  wp-image-6523\" src=\"https:\/\/agora.xtec.cat\/escolaserradeprades\/wp-content\/uploads\/usu1898\/2023\/11\/ci-els-sentits-4-1024x768.jpg\" alt=\"\" width=\"470\" height=\"353\" srcset=\"https:\/\/agora.xtec.cat\/escolaserradeprades\/wp-content\/uploads\/usu1898\/2023\/11\/ci-els-sentits-4-1024x768.jpg 1024w, https:\/\/agora.xtec.cat\/escolaserradeprades\/wp-content\/uploads\/usu1898\/2023\/11\/ci-els-sentits-4-300x225.jpg 300w, https:\/\/agora.xtec.cat\/escolaserradeprades\/wp-content\/uploads\/usu1898\/2023\/11\/ci-els-sentits-4-768x576.jpg 768w, https:\/\/agora.xtec.cat\/escolaserradeprades\/wp-content\/uploads\/usu1898\/2023\/11\/ci-els-sentits-4-1536x1152.jpg 1536w, https:\/\/agora.xtec.cat\/escolaserradeprades\/wp-content\/uploads\/usu1898\/2023\/11\/ci-els-sentits-4-2048x1536.jpg 2048w, https:\/\/agora.xtec.cat\/escolaserradeprades\/wp-content\/uploads\/usu1898\/2023\/11\/ci-els-sentits-4-200x150.jpg 200w\" sizes=\"auto, (max-width: 470px) 100vw, 470px\" \/><\/p>\n","protected":false},"excerpt":{"rendered":"<p>Vista, o\u00efda, olfacte, gust i tacte: com ens relacionem amb el nostre entorn<\/p>\n","protected":false},"author":3,"featured_media":6522,"comment_status":"open","ping_status":"closed","sticky":false,"template":"","format":"standard","meta":{"_bbp_topic_count":0,"_bbp_reply_count":0,"_bbp_total_topic_count":0,"_bbp_total_reply_count":0,"_bbp_voice_count":0,"_bbp_anonymous_reply_count":0,"_bbp_topic_count_hidden":0,"_bbp_reply_count_hidden":0,"_bbp_forum_subforum_count":0,"site-sidebar-layout":"default","site-content-layout":"","ast-site-content-layout":"","site-content-style":"default","site-sidebar-style":"default","ast-global-header-display":"","ast-banner-title-visibility":"","ast-main-header-display":"","ast-hfb-above-header-display":"","ast-hfb-below-header-display":"","ast-hfb-mobile-header-display":"","site-post-title":"","ast-breadcrumbs-content":"","ast-featured-img":"","footer-sml-layout":"","theme-transparent-header-meta":"","adv-header-id-meta":"","stick-header-meta":"","header-above-stick-meta":"","header-main-stick-meta":"","header-below-stick-meta":"","astra-migrate-meta-layouts":"default","ast-page-background-enabled":"default","ast-page-background-meta":{"desktop":{"background-color":"var(--ast-global-color-4)","background-image":"","background-repeat":"repeat","background-position":"center center","background-size":"auto","background-attachment":"scroll","background-type":"","background-media":"","overlay-type":"","overlay-color":"","overlay-opacity":"","overlay-gradient":""},"tablet":{"background-color":"","background-image":"","background-repeat":"repeat","background-position":"center center","background-size":"auto","background-attachment":"scroll","background-type":"","background-media":"","overlay-type":"","overlay-color":"","overlay-opacity":"","overlay-gradient":""},"mobile":{"background-color":"","background-image":"","background-repeat":"repeat","background-position":"center center","background-size":"auto","background-attachment":"scroll","background-type":"","background-media":"","overlay-type":"","overlay-color":"","overlay-opacity":"","overlay-gradient":""}},"ast-content-background-meta":{"desktop":{"background-color":"var(--ast-global-color-5)","background-image":"","background-repeat":"repeat","background-position":"center center","background-size":"auto","background-attachment":"scroll","background-type":"","background-media":"","overlay-type":"","overlay-color":"","overlay-opacity":"","overlay-gradient":""},"tablet":{"background-color":"var(--ast-global-color-5)","background-image":"","background-repeat":"repeat","background-position":"center center","background-size":"auto","background-attachment":"scroll","background-type":"","background-media":"","overlay-type":"","overlay-color":"","overlay-opacity":"","overlay-gradient":""},"mobile":{"background-color":"var(--ast-global-color-5)","background-image":"","background-repeat":"repeat","background-position":"center center","background-size":"auto","background-attachment":"scroll","background-type":"","background-media":"","overlay-type":"","overlay-color":"","overlay-opacity":"","overlay-gradient":""}},"footnotes":""},"categories":[84,1],"tags":[],"class_list":["post-6519","post","type-post","status-publish","format-standard","has-post-thumbnail","hentry","category-cicle-inicial","category-general"],"post_mailing_queue_ids":[],"_links":{"self":[{"href":"https:\/\/agora.xtec.cat\/escolaserradeprades\/wp-json\/wp\/v2\/posts\/6519","targetHints":{"allow":["GET"]}}],"collection":[{"href":"https:\/\/agora.xtec.cat\/escolaserradeprades\/wp-json\/wp\/v2\/posts"}],"about":[{"href":"https:\/\/agora.xtec.cat\/escolaserradeprades\/wp-json\/wp\/v2\/types\/post"}],"author":[{"embeddable":true,"href":"https:\/\/agora.xtec.cat\/escolaserradeprades\/wp-json\/wp\/v2\/users\/3"}],"replies":[{"embeddable":true,"href":"https:\/\/agora.xtec.cat\/escolaserradeprades\/wp-json\/wp\/v2\/comments?post=6519"}],"version-history":[{"count":1,"href":"https:\/\/agora.xtec.cat\/escolaserradeprades\/wp-json\/wp\/v2\/posts\/6519\/revisions"}],"predecessor-version":[{"id":6524,"href":"https:\/\/agora.xtec.cat\/escolaserradeprades\/wp-json\/wp\/v2\/posts\/6519\/revisions\/6524"}],"wp:featuredmedia":[{"embeddable":true,"href":"https:\/\/agora.xtec.cat\/escolaserradeprades\/wp-json\/wp\/v2\/media\/6522"}],"wp:attachment":[{"href":"https:\/\/agora.xtec.cat\/escolaserradeprades\/wp-json\/wp\/v2\/media?parent=6519"}],"wp:term":[{"taxonomy":"category","embeddable":true,"href":"https:\/\/agora.xtec.cat\/escolaserradeprades\/wp-json\/wp\/v2\/categories?post=6519"},{"taxonomy":"post_tag","embeddable":true,"href":"https:\/\/agora.xtec.cat\/escolaserradeprades\/wp-json\/wp\/v2\/tags?post=6519"}],"curies":[{"name":"wp","href":"https:\/\/api.w.org\/{rel}","templated":true}]}}