{"id":6390,"date":"2023-11-02T16:51:55","date_gmt":"2023-11-02T15:51:55","guid":{"rendered":"https:\/\/agora.xtec.cat\/escolaserradeprades\/?p=6390"},"modified":"2023-12-05T07:24:41","modified_gmt":"2023-12-05T06:24:41","slug":"participa-en-el-consell-escolar","status":"publish","type":"post","link":"https:\/\/agora.xtec.cat\/escolaserradeprades\/general\/participa-en-el-consell-escolar\/","title":{"rendered":"PARTICIPA EN EL CONSELL ESCOLAR"},"content":{"rendered":"<p>El consell escolar del centre \u00e9s l&#8217;<strong>\u00f2rgan col\u00b7legiat de participaci\u00f3<\/strong>\u00a0de la comunitat escolar en el govern del centre. En el consell escolar hi ha representats tots els col\u00b7lectius que intervenen en la comunitat educativa: director o directora, professorat, alumnes, personal d&#8217;administraci\u00f3 i serveis, etc.<\/p>\n<p>A l&#8217;Escola Serra de Prades participen en les eleccions el sector fam\u00edlies, d&#8217;on n&#8217;ha de sortit un representant tant a nivell d&#8217;escola com a nivell de ZER.<\/p>\n<p>Trobareu m\u00e9s informaci\u00f3 del proc\u00e9s,<a href=\"https:\/\/educacio.gencat.cat\/ca\/arees-actuacio\/centres-serveis-educatius\/centres\/consells-escolars-centres\/\"> AQU\u00cd<\/a>.<\/p>\n<p><strong>ACTUALITZACI\u00d3:<\/strong> el vot en aquestes eleccions es far\u00e0 per mitjans electr\u00f2nics, cal actualitzar el correu electr\u00f2nic si \u00e9s el cas o informar-lo al centre si no s&#8217;ha fet pr\u00e8viament.<\/p>\n<p><strong>AV\u00cdS:<\/strong><\/p>\n<div>\n<ul>\n<li><b><span style=\"color: #000000;\">DIA\u00a0<span class=\"il\">DE<\/span>\u00a0LA VOTACI\u00d3 TELEM\u00c0TICA: 23 i 24\u00a0<span class=\"il\">de<\/span>\u00a0novembre (a trav\u00e9s\u00a0<span class=\"il\">de<\/span>\u00a0qualsevol dispositiu amb connexi\u00f3 a internet, ja sigui m\u00f2bil, ordinador&#8230;)<\/span><\/b><\/li>\n<li><b><span style=\"color: #000000;\">DIA\u00a0<span class=\"il\">DE<\/span> LA VOTACI\u00d3 TELEM\u00c0TICA PRESENCIAL: 23\u00a0<span class=\"il\">de<\/span>\u00a0novembre a l&#8217;escola\u00a0<span class=\"il\">de<\/span>\u00a014 a 16, per aquells qui no disposin\u00a0<span class=\"il\">de<\/span>\u00a0correu electr\u00f2nic o dispositiu amb connexi\u00f3 a internet.<\/span><\/b><\/li>\n<\/ul>\n<\/div>\n<p>&nbsp;<\/p>\n<p><a href=\"https:\/\/educacio.gencat.cat\/ca\/arees-actuacio\/centres-serveis-educatius\/centres\/consells-escolars-centres\/\"><img loading=\"lazy\" decoding=\"async\" class=\"size-full wp-image-6391 aligncenter\" src=\"https:\/\/agora.xtec.cat\/escolaserradeprades\/wp-content\/uploads\/usu1898\/2023\/11\/consells-escolars.png_412773741.png\" alt=\"\" width=\"750\" height=\"183\" srcset=\"https:\/\/agora.xtec.cat\/escolaserradeprades\/wp-content\/uploads\/usu1898\/2023\/11\/consells-escolars.png_412773741.png 750w, https:\/\/agora.xtec.cat\/escolaserradeprades\/wp-content\/uploads\/usu1898\/2023\/11\/consells-escolars.png_412773741-300x73.png 300w\" sizes=\"auto, (max-width: 750px) 100vw, 750px\" \/><\/a><\/p>\n","protected":false},"excerpt":{"rendered":"<p>Eleccions al Consell Escolar <\/p>\n","protected":false},"author":3,"featured_media":6391,"comment_status":"open","ping_status":"closed","sticky":false,"template":"","format":"standard","meta":{"_bbp_topic_count":0,"_bbp_reply_count":0,"_bbp_total_topic_count":0,"_bbp_total_reply_count":0,"_bbp_voice_count":0,"_bbp_anonymous_reply_count":0,"_bbp_topic_count_hidden":0,"_bbp_reply_count_hidden":0,"_bbp_forum_subforum_count":0,"site-sidebar-layout":"default","site-content-layout":"","ast-site-content-layout":"","site-content-style":"default","site-sidebar-style":"default","ast-global-header-display":"","ast-banner-title-visibility":"","ast-main-header-display":"","ast-hfb-above-header-display":"","ast-hfb-below-header-display":"","ast-hfb-mobile-header-display":"","site-post-title":"","ast-breadcrumbs-content":"","ast-featured-img":"","footer-sml-layout":"","theme-transparent-header-meta":"","adv-header-id-meta":"","stick-header-meta":"","header-above-stick-meta":"","header-main-stick-meta":"","header-below-stick-meta":"","astra-migrate-meta-layouts":"default","ast-page-background-enabled":"default","ast-page-background-meta":{"desktop":{"background-color":"var(--ast-global-color-4)","background-image":"","background-repeat":"repeat","background-position":"center center","background-size":"auto","background-attachment":"scroll","background-type":"","background-media":"","overlay-type":"","overlay-color":"","overlay-opacity":"","overlay-gradient":""},"tablet":{"background-color":"","background-image":"","background-repeat":"repeat","background-position":"center center","background-size":"auto","background-attachment":"scroll","background-type":"","background-media":"","overlay-type":"","overlay-color":"","overlay-opacity":"","overlay-gradient":""},"mobile":{"background-color":"","background-image":"","background-repeat":"repeat","background-position":"center center","background-size":"auto","background-attachment":"scroll","background-type":"","background-media":"","overlay-type":"","overlay-color":"","overlay-opacity":"","overlay-gradient":""}},"ast-content-background-meta":{"desktop":{"background-color":"var(--ast-global-color-5)","background-image":"","background-repeat":"repeat","background-position":"center center","background-size":"auto","background-attachment":"scroll","background-type":"","background-media":"","overlay-type":"","overlay-color":"","overlay-opacity":"","overlay-gradient":""},"tablet":{"background-color":"var(--ast-global-color-5)","background-image":"","background-repeat":"repeat","background-position":"center center","background-size":"auto","background-attachment":"scroll","background-type":"","background-media":"","overlay-type":"","overlay-color":"","overlay-opacity":"","overlay-gradient":""},"mobile":{"background-color":"var(--ast-global-color-5)","background-image":"","background-repeat":"repeat","background-position":"center center","background-size":"auto","background-attachment":"scroll","background-type":"","background-media":"","overlay-type":"","overlay-color":"","overlay-opacity":"","overlay-gradient":""}},"footnotes":""},"categories":[7,1],"tags":[],"class_list":["post-6390","post","type-post","status-publish","format-standard","has-post-thumbnail","hentry","category-calendari-del-curs","category-general"],"post_mailing_queue_ids":[],"_links":{"self":[{"href":"https:\/\/agora.xtec.cat\/escolaserradeprades\/wp-json\/wp\/v2\/posts\/6390","targetHints":{"allow":["GET"]}}],"collection":[{"href":"https:\/\/agora.xtec.cat\/escolaserradeprades\/wp-json\/wp\/v2\/posts"}],"about":[{"href":"https:\/\/agora.xtec.cat\/escolaserradeprades\/wp-json\/wp\/v2\/types\/post"}],"author":[{"embeddable":true,"href":"https:\/\/agora.xtec.cat\/escolaserradeprades\/wp-json\/wp\/v2\/users\/3"}],"replies":[{"embeddable":true,"href":"https:\/\/agora.xtec.cat\/escolaserradeprades\/wp-json\/wp\/v2\/comments?post=6390"}],"version-history":[{"count":6,"href":"https:\/\/agora.xtec.cat\/escolaserradeprades\/wp-json\/wp\/v2\/posts\/6390\/revisions"}],"predecessor-version":[{"id":6718,"href":"https:\/\/agora.xtec.cat\/escolaserradeprades\/wp-json\/wp\/v2\/posts\/6390\/revisions\/6718"}],"wp:featuredmedia":[{"embeddable":true,"href":"https:\/\/agora.xtec.cat\/escolaserradeprades\/wp-json\/wp\/v2\/media\/6391"}],"wp:attachment":[{"href":"https:\/\/agora.xtec.cat\/escolaserradeprades\/wp-json\/wp\/v2\/media?parent=6390"}],"wp:term":[{"taxonomy":"category","embeddable":true,"href":"https:\/\/agora.xtec.cat\/escolaserradeprades\/wp-json\/wp\/v2\/categories?post=6390"},{"taxonomy":"post_tag","embeddable":true,"href":"https:\/\/agora.xtec.cat\/escolaserradeprades\/wp-json\/wp\/v2\/tags?post=6390"}],"curies":[{"name":"wp","href":"https:\/\/api.w.org\/{rel}","templated":true}]}}