{"id":6232,"date":"2023-10-18T16:18:06","date_gmt":"2023-10-18T14:18:06","guid":{"rendered":"https:\/\/agora.xtec.cat\/escolaserradeprades\/?p=6232"},"modified":"2023-10-19T16:23:29","modified_gmt":"2023-10-19T14:23:29","slug":"cultius-de-prades-les-pomeres","status":"publish","type":"post","link":"https:\/\/agora.xtec.cat\/escolaserradeprades\/general\/cultius-de-prades-les-pomeres\/","title":{"rendered":"CULTIUS DE PRADES: LES POMERES"},"content":{"rendered":"<p>A Prades gaudim de bons productes locals com les pomes de muntanya, aix\u00ed que els nens i nenes de cicle mitj\u00e0 estem treballant l&#8217;arbre de la pomera. L&#8217;Enric Dom\u00e8nech, productor de poma, agricultor i pare de l&#8217;escola, ens endinsa a descobrir aquest producte de quil\u00f2metre 0.<\/p>\n<p>Avui hem visitat el tros, que ja est\u00e0 a punt per la collita de poma de la varietat Golden.<\/p>\n<p>Gr\u00e0cies Enric per compartir els teus sabers i la teva experi\u00e8ncia!<\/p>\n<p><img loading=\"lazy\" decoding=\"async\" class=\"alignnone  wp-image-6234\" src=\"https:\/\/agora.xtec.cat\/escolaserradeprades\/wp-content\/uploads\/usu1898\/2023\/10\/pomeres-enric-cm-2-1024x768.jpg\" alt=\"\" width=\"821\" height=\"616\" srcset=\"https:\/\/agora.xtec.cat\/escolaserradeprades\/wp-content\/uploads\/usu1898\/2023\/10\/pomeres-enric-cm-2-1024x768.jpg 1024w, https:\/\/agora.xtec.cat\/escolaserradeprades\/wp-content\/uploads\/usu1898\/2023\/10\/pomeres-enric-cm-2-300x225.jpg 300w, https:\/\/agora.xtec.cat\/escolaserradeprades\/wp-content\/uploads\/usu1898\/2023\/10\/pomeres-enric-cm-2-768x576.jpg 768w, https:\/\/agora.xtec.cat\/escolaserradeprades\/wp-content\/uploads\/usu1898\/2023\/10\/pomeres-enric-cm-2-1536x1152.jpg 1536w, https:\/\/agora.xtec.cat\/escolaserradeprades\/wp-content\/uploads\/usu1898\/2023\/10\/pomeres-enric-cm-2-2048x1536.jpg 2048w, https:\/\/agora.xtec.cat\/escolaserradeprades\/wp-content\/uploads\/usu1898\/2023\/10\/pomeres-enric-cm-2-200x150.jpg 200w\" sizes=\"auto, (max-width: 821px) 100vw, 821px\" \/> <img loading=\"lazy\" decoding=\"async\" class=\"alignnone  wp-image-6233\" src=\"https:\/\/agora.xtec.cat\/escolaserradeprades\/wp-content\/uploads\/usu1898\/2023\/10\/pomeres-enric-cm-1-768x1024.jpg\" alt=\"\" width=\"628\" height=\"837\" srcset=\"https:\/\/agora.xtec.cat\/escolaserradeprades\/wp-content\/uploads\/usu1898\/2023\/10\/pomeres-enric-cm-1-768x1024.jpg 768w, https:\/\/agora.xtec.cat\/escolaserradeprades\/wp-content\/uploads\/usu1898\/2023\/10\/pomeres-enric-cm-1-225x300.jpg 225w, https:\/\/agora.xtec.cat\/escolaserradeprades\/wp-content\/uploads\/usu1898\/2023\/10\/pomeres-enric-cm-1-1152x1536.jpg 1152w, https:\/\/agora.xtec.cat\/escolaserradeprades\/wp-content\/uploads\/usu1898\/2023\/10\/pomeres-enric-cm-1-1536x2048.jpg 1536w, https:\/\/agora.xtec.cat\/escolaserradeprades\/wp-content\/uploads\/usu1898\/2023\/10\/pomeres-enric-cm-1-scaled.jpg 1920w\" sizes=\"auto, (max-width: 628px) 100vw, 628px\" \/><\/p>\n","protected":false},"excerpt":{"rendered":"<p>La poma \u00e9s un dels productes de Prades amb unes qualitats especials<\/p>\n","protected":false},"author":3,"featured_media":6234,"comment_status":"open","ping_status":"closed","sticky":false,"template":"","format":"standard","meta":{"_bbp_topic_count":0,"_bbp_reply_count":0,"_bbp_total_topic_count":0,"_bbp_total_reply_count":0,"_bbp_voice_count":0,"_bbp_anonymous_reply_count":0,"_bbp_topic_count_hidden":0,"_bbp_reply_count_hidden":0,"_bbp_forum_subforum_count":0,"site-sidebar-layout":"default","site-content-layout":"","ast-site-content-layout":"","site-content-style":"default","site-sidebar-style":"default","ast-global-header-display":"","ast-banner-title-visibility":"","ast-main-header-display":"","ast-hfb-above-header-display":"","ast-hfb-below-header-display":"","ast-hfb-mobile-header-display":"","site-post-title":"","ast-breadcrumbs-content":"","ast-featured-img":"","footer-sml-layout":"","theme-transparent-header-meta":"","adv-header-id-meta":"","stick-header-meta":"","header-above-stick-meta":"","header-main-stick-meta":"","header-below-stick-meta":"","astra-migrate-meta-layouts":"default","ast-page-background-enabled":"default","ast-page-background-meta":{"desktop":{"background-color":"var(--ast-global-color-4)","background-image":"","background-repeat":"repeat","background-position":"center center","background-size":"auto","background-attachment":"scroll","background-type":"","background-media":"","overlay-type":"","overlay-color":"","overlay-opacity":"","overlay-gradient":""},"tablet":{"background-color":"","background-image":"","background-repeat":"repeat","background-position":"center center","background-size":"auto","background-attachment":"scroll","background-type":"","background-media":"","overlay-type":"","overlay-color":"","overlay-opacity":"","overlay-gradient":""},"mobile":{"background-color":"","background-image":"","background-repeat":"repeat","background-position":"center center","background-size":"auto","background-attachment":"scroll","background-type":"","background-media":"","overlay-type":"","overlay-color":"","overlay-opacity":"","overlay-gradient":""}},"ast-content-background-meta":{"desktop":{"background-color":"var(--ast-global-color-5)","background-image":"","background-repeat":"repeat","background-position":"center center","background-size":"auto","background-attachment":"scroll","background-type":"","background-media":"","overlay-type":"","overlay-color":"","overlay-opacity":"","overlay-gradient":""},"tablet":{"background-color":"var(--ast-global-color-5)","background-image":"","background-repeat":"repeat","background-position":"center center","background-size":"auto","background-attachment":"scroll","background-type":"","background-media":"","overlay-type":"","overlay-color":"","overlay-opacity":"","overlay-gradient":""},"mobile":{"background-color":"var(--ast-global-color-5)","background-image":"","background-repeat":"repeat","background-position":"center center","background-size":"auto","background-attachment":"scroll","background-type":"","background-media":"","overlay-type":"","overlay-color":"","overlay-opacity":"","overlay-gradient":""}},"footnotes":""},"categories":[7,90,1],"tags":[158,235,461,462],"class_list":["post-6232","post","type-post","status-publish","format-standard","has-post-thumbnail","hentry","category-calendari-del-curs","category-cicle-mitja","category-general","tag-entorn","tag-natura","tag-pomes","tag-productes-locals"],"post_mailing_queue_ids":[],"_links":{"self":[{"href":"https:\/\/agora.xtec.cat\/escolaserradeprades\/wp-json\/wp\/v2\/posts\/6232","targetHints":{"allow":["GET"]}}],"collection":[{"href":"https:\/\/agora.xtec.cat\/escolaserradeprades\/wp-json\/wp\/v2\/posts"}],"about":[{"href":"https:\/\/agora.xtec.cat\/escolaserradeprades\/wp-json\/wp\/v2\/types\/post"}],"author":[{"embeddable":true,"href":"https:\/\/agora.xtec.cat\/escolaserradeprades\/wp-json\/wp\/v2\/users\/3"}],"replies":[{"embeddable":true,"href":"https:\/\/agora.xtec.cat\/escolaserradeprades\/wp-json\/wp\/v2\/comments?post=6232"}],"version-history":[{"count":1,"href":"https:\/\/agora.xtec.cat\/escolaserradeprades\/wp-json\/wp\/v2\/posts\/6232\/revisions"}],"predecessor-version":[{"id":6235,"href":"https:\/\/agora.xtec.cat\/escolaserradeprades\/wp-json\/wp\/v2\/posts\/6232\/revisions\/6235"}],"wp:featuredmedia":[{"embeddable":true,"href":"https:\/\/agora.xtec.cat\/escolaserradeprades\/wp-json\/wp\/v2\/media\/6234"}],"wp:attachment":[{"href":"https:\/\/agora.xtec.cat\/escolaserradeprades\/wp-json\/wp\/v2\/media?parent=6232"}],"wp:term":[{"taxonomy":"category","embeddable":true,"href":"https:\/\/agora.xtec.cat\/escolaserradeprades\/wp-json\/wp\/v2\/categories?post=6232"},{"taxonomy":"post_tag","embeddable":true,"href":"https:\/\/agora.xtec.cat\/escolaserradeprades\/wp-json\/wp\/v2\/tags?post=6232"}],"curies":[{"name":"wp","href":"https:\/\/api.w.org\/{rel}","templated":true}]}}