{"id":5540,"date":"2023-06-20T07:39:49","date_gmt":"2023-06-20T05:39:49","guid":{"rendered":"https:\/\/agora.xtec.cat\/escolaserradeprades\/?p=5540"},"modified":"2023-07-14T10:01:30","modified_gmt":"2023-07-14T08:01:30","slug":"informacio-sobre-els-vals-escolars","status":"publish","type":"post","link":"https:\/\/agora.xtec.cat\/escolaserradeprades\/general\/informacio-sobre-els-vals-escolars\/","title":{"rendered":"INFORMACI\u00d3 SOBRE ELS VALS ESCOLARS"},"content":{"rendered":"<p><a href=\"http:\/\/valescolar.cat\" target=\"_blank\" rel=\"noopener\"><strong>INFORMACI\u00d3 SOBRE VALS ESCOLARS<\/strong><\/a><\/p>\n<ul style=\"list-style-type: square;\">\n<li style=\"text-align: left;\">Tots els infants escolaritzats en cursos d&#8217;educaci\u00f3 prim\u00e0ria en centres educatius sostinguts amb fons p\u00fablics\u00a0del Servei d&#8217;Educaci\u00f3 de Catalunya,\u00a0el curs 2023-2024 \u200b(inclosos\u00a0els\u00a0<strong>centres d&#8217;educaci\u00f3 especial<\/strong>).<\/li>\n<li style=\"text-align: left;\"><strong>Primera distribuci\u00f3:<\/strong>\u00a0durant el\u00a0mes de\u00a0juliol.<\/li>\n<li style=\"text-align: left;\"><strong>Data l\u00edmit per bescanviar els vals:<\/strong>\u00a030 de novembre del 2023<\/li>\n<li style=\"text-align: left;\">Els ajuts es rebran mitjan\u00e7ant un<strong>\u00a0sistema de\u00a0<\/strong><strong><strong>v<\/strong>als, que caldr\u00e0 activar<\/strong>. Un cop activats, es podran\u00a0utilitzar per comprar\u200b\u00a0material escolar per un import m\u00e0xim de fins a\u00a0100 euros per alumne\/a beneficiari\/\u00e0ria.<\/li>\n<li style=\"text-align: left;\">La primera distribuci\u00f3 dels vals es far\u00e0\u00a0per\u00a0<strong>correu postal\u00a0<\/strong>o, si escau, per qualsevol altre\u00a0sistema que en\u00a0garanteixi el lliurament.<\/li>\n<li style=\"text-align: left;\">La segona i tercera distribuci\u00f3\u00a0es far\u00e0\u00a0per\u00a0<strong>altres vies\u00a0<\/strong>que s&#8217;habilitaran a aquest efecte.<\/li>\n<li style=\"text-align: left;\"><span class=\"ms-rteThemeBackColor-1-0\">Cada alumne\/a beneficiari\/\u00e0ria rebr\u00e0 dos vals per un import de 50 euros cadascun, que es poden bescanviar en un mateix establiment o en dos de diferent.<\/span><\/li>\n<li style=\"text-align: left;\"><strong>Els ajuts s\u00f3n per comprar\u200b\u00a0material escolar no inventariable:<\/strong>\u00a0elements d&#8217;escriptura i de\u00a0papereria; llibres de text i\u00a0de literatura infantil i juvenil,\u00a0i\u00a0diccionaris,\u00a0calculadores, motxilles, estoigs i jocs educatius. S&#8217;hi inclouen\u00a0llic\u00e8ncies de continguts educatius digitals.<\/li>\n<li style=\"text-align: left;\"><strong>No es poden utilitzar\u00a0per comprar\u00a0<\/strong>roba, cal\u00e7at, material electr\u00f2nic (com ordinadors port\u00e0tils, tauletes o videojocs).<\/li>\n<li style=\"text-align: left;\">Els vals es podran bescanviar en qualsevol dels\u00a0establiments comercials amb venda presencial i\u00a0situats a Catalunya\u00a0que s&#8217;hagin adherit a la campanya.<\/li>\n<li style=\"text-align: left;\">No es podr\u00e0 adquirir material escolar en un\u200b\u00a0comer\u00e7 electr\u00f2nic.\u200b<\/li>\n<\/ul>\n<p><a href=\"https:\/\/educacio.gencat.cat\/ca\/tramits\/tramits-temes\/identificador-alumne?category=bd1b6d64-ca6f-11e5-8c48-005056924a59\" target=\"_blank\" rel=\"noopener\"><strong>CONSULTA DEL CODI IDENTIFICADOR DE L&#8217;ALUMNAT<\/strong><\/a><\/p>\n<p>L&#8217;Escola Serra de Prades us facilitar\u00e0 un certificat amb el codi IDALU dels vostres fills i filles per tal de facilitar el bescanvi dels vals escolars. En cas que l&#8217;h\u00e0giu perdut, podeu consultar-lo seguint les instruccions del seg\u00fcent <a href=\"https:\/\/educacio.gencat.cat\/ca\/tramits\/tramits-temes\/identificador-alumne?category=bd1b6d64-ca6f-11e5-8c48-005056924a59\" target=\"_blank\" rel=\"noopener\">ENLLA\u00c7<\/a>.<\/p>\n","protected":false},"excerpt":{"rendered":"<p>Instruccions sobre el val escolar per a l&#8217;alumnat de prim\u00e0ria del curs 2023\/2024.<\/p>\n","protected":false},"author":3,"featured_media":5541,"comment_status":"open","ping_status":"closed","sticky":false,"template":"","format":"standard","meta":{"_bbp_topic_count":0,"_bbp_reply_count":0,"_bbp_total_topic_count":0,"_bbp_total_reply_count":0,"_bbp_voice_count":0,"_bbp_anonymous_reply_count":0,"_bbp_topic_count_hidden":0,"_bbp_reply_count_hidden":0,"_bbp_forum_subforum_count":0,"site-sidebar-layout":"default","site-content-layout":"","ast-site-content-layout":"","site-content-style":"default","site-sidebar-style":"default","ast-global-header-display":"","ast-banner-title-visibility":"","ast-main-header-display":"","ast-hfb-above-header-display":"","ast-hfb-below-header-display":"","ast-hfb-mobile-header-display":"","site-post-title":"","ast-breadcrumbs-content":"","ast-featured-img":"","footer-sml-layout":"","theme-transparent-header-meta":"","adv-header-id-meta":"","stick-header-meta":"","header-above-stick-meta":"","header-main-stick-meta":"","header-below-stick-meta":"","astra-migrate-meta-layouts":"default","ast-page-background-enabled":"default","ast-page-background-meta":{"desktop":{"background-color":"var(--ast-global-color-4)","background-image":"","background-repeat":"repeat","background-position":"center center","background-size":"auto","background-attachment":"scroll","background-type":"","background-media":"","overlay-type":"","overlay-color":"","overlay-opacity":"","overlay-gradient":""},"tablet":{"background-color":"","background-image":"","background-repeat":"repeat","background-position":"center center","background-size":"auto","background-attachment":"scroll","background-type":"","background-media":"","overlay-type":"","overlay-color":"","overlay-opacity":"","overlay-gradient":""},"mobile":{"background-color":"","background-image":"","background-repeat":"repeat","background-position":"center center","background-size":"auto","background-attachment":"scroll","background-type":"","background-media":"","overlay-type":"","overlay-color":"","overlay-opacity":"","overlay-gradient":""}},"ast-content-background-meta":{"desktop":{"background-color":"var(--ast-global-color-5)","background-image":"","background-repeat":"repeat","background-position":"center center","background-size":"auto","background-attachment":"scroll","background-type":"","background-media":"","overlay-type":"","overlay-color":"","overlay-opacity":"","overlay-gradient":""},"tablet":{"background-color":"var(--ast-global-color-5)","background-image":"","background-repeat":"repeat","background-position":"center center","background-size":"auto","background-attachment":"scroll","background-type":"","background-media":"","overlay-type":"","overlay-color":"","overlay-opacity":"","overlay-gradient":""},"mobile":{"background-color":"var(--ast-global-color-5)","background-image":"","background-repeat":"repeat","background-position":"center center","background-size":"auto","background-attachment":"scroll","background-type":"","background-media":"","overlay-type":"","overlay-color":"","overlay-opacity":"","overlay-gradient":""}},"footnotes":""},"categories":[7,84,90,89,153,1],"tags":[433],"class_list":["post-5540","post","type-post","status-publish","format-standard","has-post-thumbnail","hentry","category-calendari-del-curs","category-cicle-inicial","category-cicle-mitja","category-cicle-superior","category-educacio-infantil","category-general","tag-val-escolar"],"post_mailing_queue_ids":[],"_links":{"self":[{"href":"https:\/\/agora.xtec.cat\/escolaserradeprades\/wp-json\/wp\/v2\/posts\/5540","targetHints":{"allow":["GET"]}}],"collection":[{"href":"https:\/\/agora.xtec.cat\/escolaserradeprades\/wp-json\/wp\/v2\/posts"}],"about":[{"href":"https:\/\/agora.xtec.cat\/escolaserradeprades\/wp-json\/wp\/v2\/types\/post"}],"author":[{"embeddable":true,"href":"https:\/\/agora.xtec.cat\/escolaserradeprades\/wp-json\/wp\/v2\/users\/3"}],"replies":[{"embeddable":true,"href":"https:\/\/agora.xtec.cat\/escolaserradeprades\/wp-json\/wp\/v2\/comments?post=5540"}],"version-history":[{"count":1,"href":"https:\/\/agora.xtec.cat\/escolaserradeprades\/wp-json\/wp\/v2\/posts\/5540\/revisions"}],"predecessor-version":[{"id":5542,"href":"https:\/\/agora.xtec.cat\/escolaserradeprades\/wp-json\/wp\/v2\/posts\/5540\/revisions\/5542"}],"wp:featuredmedia":[{"embeddable":true,"href":"https:\/\/agora.xtec.cat\/escolaserradeprades\/wp-json\/wp\/v2\/media\/5541"}],"wp:attachment":[{"href":"https:\/\/agora.xtec.cat\/escolaserradeprades\/wp-json\/wp\/v2\/media?parent=5540"}],"wp:term":[{"taxonomy":"category","embeddable":true,"href":"https:\/\/agora.xtec.cat\/escolaserradeprades\/wp-json\/wp\/v2\/categories?post=5540"},{"taxonomy":"post_tag","embeddable":true,"href":"https:\/\/agora.xtec.cat\/escolaserradeprades\/wp-json\/wp\/v2\/tags?post=5540"}],"curies":[{"name":"wp","href":"https:\/\/api.w.org\/{rel}","templated":true}]}}