{"id":5478,"date":"2023-06-13T19:01:39","date_gmt":"2023-06-13T17:01:39","guid":{"rendered":"https:\/\/agora.xtec.cat\/escolaserradeprades\/?p=5478"},"modified":"2023-06-13T19:01:39","modified_gmt":"2023-06-13T17:01:39","slug":"periode-de-matricula-curs-2023-2024","status":"publish","type":"post","link":"https:\/\/agora.xtec.cat\/escolaserradeprades\/general\/periode-de-matricula-curs-2023-2024\/","title":{"rendered":"PER\u00cdODE DE MATR\u00cdCULA CURS 2023\/2024"},"content":{"rendered":"<div class=\"blocs\">\n<div class=\"row\">\n<h2 class=\"basic_title col-sm-12 pd-10\">Quan s&#8217;ha de fer la matr\u00edcula?<\/h2>\n<div class=\"col-xs-12 columna_esquerra\">\n<div class=\"cos_bloc basic_text_peq pd-15 link-dotted\">\n<p>El per\u00edode de matriculaci\u00f3 de prim\u00e0ria \u00e9s\u00a0<strong>del 20 al 28 de juny de 2023<\/strong>. Si no pots fer la matriculaci\u00f3 en aquestes dates, cal que presentis un justificant el m\u00e9s aviat possible al mateix centre, perqu\u00e8 si no es considera que renuncies a la pla\u00e7a i la perds.<\/p>\n<\/div>\n<\/div>\n<\/div>\n<\/div>\n<div class=\"blocs\">\n<div class=\"row\">\n<h2 class=\"basic_title col-sm-12 pd-10\">Qu\u00e8 necessito per fer la matr\u00edcula ?<\/h2>\n<div class=\"col-xs-12 columna_esquerra\">\n<div class=\"cos_bloc basic_text_peq pd-15 link-dotted\">\n<ul>\n<li><strong>C\u00f2pia del carnet de vacunacions de l&#8217;alumne o l&#8217;alumna.\u00a0<\/strong>Si no es t\u00e9 el carnet de vacunacions, s&#8217;ha d&#8217;aportar un certificat m\u00e8dic oficial o el carnet de salut de l&#8217;infant en el qual figurin les dosis de les vacunes rebudes amb les dates corresponents. Si el vostre fill o filla no ha estat vacunat per indicaci\u00f3 m\u00e8dica o per altres circumst\u00e0ncies, cal aportar un certificat m\u00e8dic oficial justificatiu.<\/li>\n<li>\u00c9s convenient contactar amb el centre on has de fer la matr\u00edcula per saber si has d&#8217;aportar alguna altra documentaci\u00f3 o informaci\u00f3 que necessitin per a la seva gesti\u00f3 interna.<\/li>\n<\/ul>\n<\/div>\n<\/div>\n<\/div>\n<\/div>\n<div class=\"blocs\">\n<div class=\"row\">\n<h2 class=\"basic_title col-sm-12 pd-10\">Com es fa la matr\u00edcula?<\/h2>\n<div class=\"col-xs-12 columna_esquerra\">\n<div class=\"cos_bloc basic_text_peq pd-15 link-dotted\">\n<ol>\n<li>Contacta amb el centre educatiu on t&#8217;han assignat la pla\u00e7a per concertar cita per formalitzar la matr\u00edcula dins el per\u00edode establert per a la matriculaci\u00f3.<\/li>\n<li>Prepara la documentaci\u00f3 i la informaci\u00f3 que necessitar\u00e0s per fer la gesti\u00f3.<\/li>\n<li>Ves al centre per formalitzar la matr\u00edcula.<\/li>\n<\/ol>\n<\/div>\n<\/div>\n<\/div>\n<\/div>\n","protected":false},"excerpt":{"rendered":"<p>Quan s&#8217;ha de fer la matr\u00edcula? El per\u00edode de matriculaci\u00f3 de prim\u00e0ria \u00e9s\u00a0del 20 al 28 de juny de 2023. Si no pots fer la matriculaci\u00f3 en aquestes dates, cal que presentis un justificant el m\u00e9s aviat possible al mateix centre, perqu\u00e8 si no es considera que renuncies a la pla\u00e7a i la perds. Qu\u00e8 [&hellip;]<\/p>\n","protected":false},"author":3,"featured_media":5479,"comment_status":"open","ping_status":"closed","sticky":false,"template":"","format":"standard","meta":{"_bbp_topic_count":0,"_bbp_reply_count":0,"_bbp_total_topic_count":0,"_bbp_total_reply_count":0,"_bbp_voice_count":0,"_bbp_anonymous_reply_count":0,"_bbp_topic_count_hidden":0,"_bbp_reply_count_hidden":0,"_bbp_forum_subforum_count":0,"site-sidebar-layout":"default","site-content-layout":"","ast-site-content-layout":"","site-content-style":"default","site-sidebar-style":"default","ast-global-header-display":"","ast-banner-title-visibility":"","ast-main-header-display":"","ast-hfb-above-header-display":"","ast-hfb-below-header-display":"","ast-hfb-mobile-header-display":"","site-post-title":"","ast-breadcrumbs-content":"","ast-featured-img":"","footer-sml-layout":"","theme-transparent-header-meta":"","adv-header-id-meta":"","stick-header-meta":"","header-above-stick-meta":"","header-main-stick-meta":"","header-below-stick-meta":"","astra-migrate-meta-layouts":"default","ast-page-background-enabled":"default","ast-page-background-meta":{"desktop":{"background-color":"var(--ast-global-color-4)","background-image":"","background-repeat":"repeat","background-position":"center center","background-size":"auto","background-attachment":"scroll","background-type":"","background-media":"","overlay-type":"","overlay-color":"","overlay-opacity":"","overlay-gradient":""},"tablet":{"background-color":"","background-image":"","background-repeat":"repeat","background-position":"center center","background-size":"auto","background-attachment":"scroll","background-type":"","background-media":"","overlay-type":"","overlay-color":"","overlay-opacity":"","overlay-gradient":""},"mobile":{"background-color":"","background-image":"","background-repeat":"repeat","background-position":"center center","background-size":"auto","background-attachment":"scroll","background-type":"","background-media":"","overlay-type":"","overlay-color":"","overlay-opacity":"","overlay-gradient":""}},"ast-content-background-meta":{"desktop":{"background-color":"var(--ast-global-color-5)","background-image":"","background-repeat":"repeat","background-position":"center center","background-size":"auto","background-attachment":"scroll","background-type":"","background-media":"","overlay-type":"","overlay-color":"","overlay-opacity":"","overlay-gradient":""},"tablet":{"background-color":"var(--ast-global-color-5)","background-image":"","background-repeat":"repeat","background-position":"center center","background-size":"auto","background-attachment":"scroll","background-type":"","background-media":"","overlay-type":"","overlay-color":"","overlay-opacity":"","overlay-gradient":""},"mobile":{"background-color":"var(--ast-global-color-5)","background-image":"","background-repeat":"repeat","background-position":"center center","background-size":"auto","background-attachment":"scroll","background-type":"","background-media":"","overlay-type":"","overlay-color":"","overlay-opacity":"","overlay-gradient":""}},"footnotes":""},"categories":[1],"tags":[],"class_list":["post-5478","post","type-post","status-publish","format-standard","has-post-thumbnail","hentry","category-general"],"post_mailing_queue_ids":[],"_links":{"self":[{"href":"https:\/\/agora.xtec.cat\/escolaserradeprades\/wp-json\/wp\/v2\/posts\/5478","targetHints":{"allow":["GET"]}}],"collection":[{"href":"https:\/\/agora.xtec.cat\/escolaserradeprades\/wp-json\/wp\/v2\/posts"}],"about":[{"href":"https:\/\/agora.xtec.cat\/escolaserradeprades\/wp-json\/wp\/v2\/types\/post"}],"author":[{"embeddable":true,"href":"https:\/\/agora.xtec.cat\/escolaserradeprades\/wp-json\/wp\/v2\/users\/3"}],"replies":[{"embeddable":true,"href":"https:\/\/agora.xtec.cat\/escolaserradeprades\/wp-json\/wp\/v2\/comments?post=5478"}],"version-history":[{"count":1,"href":"https:\/\/agora.xtec.cat\/escolaserradeprades\/wp-json\/wp\/v2\/posts\/5478\/revisions"}],"predecessor-version":[{"id":5480,"href":"https:\/\/agora.xtec.cat\/escolaserradeprades\/wp-json\/wp\/v2\/posts\/5478\/revisions\/5480"}],"wp:featuredmedia":[{"embeddable":true,"href":"https:\/\/agora.xtec.cat\/escolaserradeprades\/wp-json\/wp\/v2\/media\/5479"}],"wp:attachment":[{"href":"https:\/\/agora.xtec.cat\/escolaserradeprades\/wp-json\/wp\/v2\/media?parent=5478"}],"wp:term":[{"taxonomy":"category","embeddable":true,"href":"https:\/\/agora.xtec.cat\/escolaserradeprades\/wp-json\/wp\/v2\/categories?post=5478"},{"taxonomy":"post_tag","embeddable":true,"href":"https:\/\/agora.xtec.cat\/escolaserradeprades\/wp-json\/wp\/v2\/tags?post=5478"}],"curies":[{"name":"wp","href":"https:\/\/api.w.org\/{rel}","templated":true}]}}