{"id":3496,"date":"2022-09-26T11:05:34","date_gmt":"2022-09-26T09:05:34","guid":{"rendered":"https:\/\/agora.xtec.cat\/escolaserradeprades\/?p=3496"},"modified":"2022-10-06T10:10:43","modified_gmt":"2022-10-06T08:10:43","slug":"reunions-amb-families","status":"publish","type":"post","link":"https:\/\/agora.xtec.cat\/escolaserradeprades\/general\/reunions-amb-families\/","title":{"rendered":"REUNIONS AMB FAM\u00cdLIES"},"content":{"rendered":"<p><img loading=\"lazy\" decoding=\"async\" class=\"alignnone size-large wp-image-3497\" src=\"https:\/\/agora.xtec.cat\/escolaserradeprades\/wp-content\/uploads\/usu1898\/2022\/09\/REUNIONS-FAMILIES-22_23-724x1024.jpg\" alt=\"\" width=\"724\" height=\"1024\" srcset=\"https:\/\/agora.xtec.cat\/escolaserradeprades\/wp-content\/uploads\/usu1898\/2022\/09\/REUNIONS-FAMILIES-22_23-724x1024.jpg 724w, https:\/\/agora.xtec.cat\/escolaserradeprades\/wp-content\/uploads\/usu1898\/2022\/09\/REUNIONS-FAMILIES-22_23-212x300.jpg 212w, https:\/\/agora.xtec.cat\/escolaserradeprades\/wp-content\/uploads\/usu1898\/2022\/09\/REUNIONS-FAMILIES-22_23-768x1086.jpg 768w, https:\/\/agora.xtec.cat\/escolaserradeprades\/wp-content\/uploads\/usu1898\/2022\/09\/REUNIONS-FAMILIES-22_23-1087x1536.jpg 1087w, https:\/\/agora.xtec.cat\/escolaserradeprades\/wp-content\/uploads\/usu1898\/2022\/09\/REUNIONS-FAMILIES-22_23.jpg 1132w\" sizes=\"auto, (max-width: 724px) 100vw, 724px\" \/><\/p>\n","protected":false},"excerpt":{"rendered":"<p>Aquesta setmana us esperem a l&#8217;escola per con\u00e8ixer tota la informaci\u00f3 de la m\u00e0 de les tutores de cada aula<\/p>\n","protected":false},"author":3,"featured_media":3497,"comment_status":"open","ping_status":"closed","sticky":false,"template":"","format":"standard","meta":{"_bbp_topic_count":0,"_bbp_reply_count":0,"_bbp_total_topic_count":0,"_bbp_total_reply_count":0,"_bbp_voice_count":0,"_bbp_anonymous_reply_count":0,"_bbp_topic_count_hidden":0,"_bbp_reply_count_hidden":0,"_bbp_forum_subforum_count":0,"site-sidebar-layout":"default","site-content-layout":"","ast-site-content-layout":"","site-content-style":"default","site-sidebar-style":"default","ast-global-header-display":"","ast-banner-title-visibility":"","ast-main-header-display":"","ast-hfb-above-header-display":"","ast-hfb-below-header-display":"","ast-hfb-mobile-header-display":"","site-post-title":"","ast-breadcrumbs-content":"","ast-featured-img":"","footer-sml-layout":"","theme-transparent-header-meta":"","adv-header-id-meta":"","stick-header-meta":"","header-above-stick-meta":"","header-main-stick-meta":"","header-below-stick-meta":"","astra-migrate-meta-layouts":"default","ast-page-background-enabled":"default","ast-page-background-meta":{"desktop":{"background-color":"var(--ast-global-color-4)","background-image":"","background-repeat":"repeat","background-position":"center center","background-size":"auto","background-attachment":"scroll","background-type":"","background-media":"","overlay-type":"","overlay-color":"","overlay-opacity":"","overlay-gradient":""},"tablet":{"background-color":"","background-image":"","background-repeat":"repeat","background-position":"center center","background-size":"auto","background-attachment":"scroll","background-type":"","background-media":"","overlay-type":"","overlay-color":"","overlay-opacity":"","overlay-gradient":""},"mobile":{"background-color":"","background-image":"","background-repeat":"repeat","background-position":"center center","background-size":"auto","background-attachment":"scroll","background-type":"","background-media":"","overlay-type":"","overlay-color":"","overlay-opacity":"","overlay-gradient":""}},"ast-content-background-meta":{"desktop":{"background-color":"var(--ast-global-color-5)","background-image":"","background-repeat":"repeat","background-position":"center center","background-size":"auto","background-attachment":"scroll","background-type":"","background-media":"","overlay-type":"","overlay-color":"","overlay-opacity":"","overlay-gradient":""},"tablet":{"background-color":"var(--ast-global-color-5)","background-image":"","background-repeat":"repeat","background-position":"center center","background-size":"auto","background-attachment":"scroll","background-type":"","background-media":"","overlay-type":"","overlay-color":"","overlay-opacity":"","overlay-gradient":""},"mobile":{"background-color":"var(--ast-global-color-5)","background-image":"","background-repeat":"repeat","background-position":"center center","background-size":"auto","background-attachment":"scroll","background-type":"","background-media":"","overlay-type":"","overlay-color":"","overlay-opacity":"","overlay-gradient":""}},"footnotes":""},"categories":[7,84,90,89,153,1],"tags":[291,175,292],"class_list":["post-3496","post","type-post","status-publish","format-standard","has-post-thumbnail","hentry","category-calendari-del-curs","category-cicle-inicial","category-cicle-mitja","category-cicle-superior","category-educacio-infantil","category-general","tag-aula","tag-families","tag-tutoria"],"post_mailing_queue_ids":[],"_links":{"self":[{"href":"https:\/\/agora.xtec.cat\/escolaserradeprades\/wp-json\/wp\/v2\/posts\/3496","targetHints":{"allow":["GET"]}}],"collection":[{"href":"https:\/\/agora.xtec.cat\/escolaserradeprades\/wp-json\/wp\/v2\/posts"}],"about":[{"href":"https:\/\/agora.xtec.cat\/escolaserradeprades\/wp-json\/wp\/v2\/types\/post"}],"author":[{"embeddable":true,"href":"https:\/\/agora.xtec.cat\/escolaserradeprades\/wp-json\/wp\/v2\/users\/3"}],"replies":[{"embeddable":true,"href":"https:\/\/agora.xtec.cat\/escolaserradeprades\/wp-json\/wp\/v2\/comments?post=3496"}],"version-history":[{"count":1,"href":"https:\/\/agora.xtec.cat\/escolaserradeprades\/wp-json\/wp\/v2\/posts\/3496\/revisions"}],"predecessor-version":[{"id":3498,"href":"https:\/\/agora.xtec.cat\/escolaserradeprades\/wp-json\/wp\/v2\/posts\/3496\/revisions\/3498"}],"wp:featuredmedia":[{"embeddable":true,"href":"https:\/\/agora.xtec.cat\/escolaserradeprades\/wp-json\/wp\/v2\/media\/3497"}],"wp:attachment":[{"href":"https:\/\/agora.xtec.cat\/escolaserradeprades\/wp-json\/wp\/v2\/media?parent=3496"}],"wp:term":[{"taxonomy":"category","embeddable":true,"href":"https:\/\/agora.xtec.cat\/escolaserradeprades\/wp-json\/wp\/v2\/categories?post=3496"},{"taxonomy":"post_tag","embeddable":true,"href":"https:\/\/agora.xtec.cat\/escolaserradeprades\/wp-json\/wp\/v2\/tags?post=3496"}],"curies":[{"name":"wp","href":"https:\/\/api.w.org\/{rel}","templated":true}]}}