{"id":2217,"date":"2021-09-17T08:04:31","date_gmt":"2021-09-17T06:04:31","guid":{"rendered":"https:\/\/agora.xtec.cat\/escolaserradeprades\/?p=2217"},"modified":"2021-09-17T08:06:30","modified_gmt":"2021-09-17T06:06:30","slug":"participem-a-lany-internacional-de-la-fruita-i-la-verdura","status":"publish","type":"post","link":"https:\/\/agora.xtec.cat\/escolaserradeprades\/general\/participem-a-lany-internacional-de-la-fruita-i-la-verdura\/","title":{"rendered":"PARTICIPEM A L&#8217;ANY INTERNACIONAL DE LES FRUITES I LES VERDURES"},"content":{"rendered":"<p>Com cada curs, un any m\u00e9s l&#8217;Escola Serra de Prades participa al Programa de la Fruita i la Llet a l&#8217;escola. Els dijous que ens arriba la fruita la traiem durant l&#8217;estona de pati i compartim l&#8217;esmorzar saludable plegats. Si ens en sobra, l&#8217;anem oferint durant l&#8217;esbarjo. Tamb\u00e9 oferim llet als nens i nenes que els ve de gust. Es tracta d&#8217;una acci\u00f3 m\u00e9s per tal de promocionar els h\u00e0bits alimentaris saludables.<\/p>\n<p><img loading=\"lazy\" decoding=\"async\" class=\"alignnone wp-image-2220 aligncenter\" src=\"https:\/\/agora.xtec.cat\/escolaserradeprades\/wp-content\/uploads\/usu1898\/2021\/09\/CAT_Desk-Home-horizontal-alimentacio.jpg_1117148403-1024x319.jpg\" alt=\"\" width=\"607\" height=\"189\" srcset=\"https:\/\/agora.xtec.cat\/escolaserradeprades\/wp-content\/uploads\/usu1898\/2021\/09\/CAT_Desk-Home-horizontal-alimentacio.jpg_1117148403-1024x319.jpg 1024w, https:\/\/agora.xtec.cat\/escolaserradeprades\/wp-content\/uploads\/usu1898\/2021\/09\/CAT_Desk-Home-horizontal-alimentacio.jpg_1117148403-300x93.jpg 300w, https:\/\/agora.xtec.cat\/escolaserradeprades\/wp-content\/uploads\/usu1898\/2021\/09\/CAT_Desk-Home-horizontal-alimentacio.jpg_1117148403-768x239.jpg 768w, https:\/\/agora.xtec.cat\/escolaserradeprades\/wp-content\/uploads\/usu1898\/2021\/09\/CAT_Desk-Home-horizontal-alimentacio.jpg_1117148403-1536x478.jpg 1536w, https:\/\/agora.xtec.cat\/escolaserradeprades\/wp-content\/uploads\/usu1898\/2021\/09\/CAT_Desk-Home-horizontal-alimentacio.jpg_1117148403.jpg 1920w\" sizes=\"auto, (max-width: 607px) 100vw, 607px\" \/><\/p>\n<p>Voleu saber si mengeu prou fruita i verdura? Poseu-vos a prova amb aquesta enquesta! <a href=\"https:\/\/interactius.ara.cat\/menges-prou-fruita-i-verdura\" target=\"_blank\" rel=\"noopener\">ACCEDIR A L&#8217;ENQUESTA<\/a><\/p>\n<p><a href=\"http:\/\/agricultura.gencat.cat\/ca\/ambits\/alimentacio\/promocio-agroalimentaria\/fruita-llet-escoles\/fruita-escoles\/\" target=\"_blank\" rel=\"noopener\"><img loading=\"lazy\" decoding=\"async\" class=\"alignnone wp-image-2218\" src=\"https:\/\/agora.xtec.cat\/escolaserradeprades\/wp-content\/uploads\/usu1898\/2021\/09\/cartell-programa-consum-fruita-hortalisses-escoles-unio-europea-750.jpg_1332006011.jpg\" alt=\"\" width=\"349\" height=\"347\" srcset=\"https:\/\/agora.xtec.cat\/escolaserradeprades\/wp-content\/uploads\/usu1898\/2021\/09\/cartell-programa-consum-fruita-hortalisses-escoles-unio-europea-750.jpg_1332006011.jpg 750w, https:\/\/agora.xtec.cat\/escolaserradeprades\/wp-content\/uploads\/usu1898\/2021\/09\/cartell-programa-consum-fruita-hortalisses-escoles-unio-europea-750.jpg_1332006011-150x150.jpg 150w\" sizes=\"auto, (max-width: 349px) 100vw, 349px\" \/><\/a>\u00a0 \u00a0 \u00a0 \u00a0 \u00a0 \u00a0 <a href=\"http:\/\/agricultura.gencat.cat\/ca\/ambits\/alimentacio\/promocio-agroalimentaria\/fruita-llet-escoles\/llet-escoles\/\" target=\"_blank\" rel=\"noopener\"><img loading=\"lazy\" decoding=\"async\" class=\"alignnone wp-image-2219\" src=\"https:\/\/agora.xtec.cat\/escolaserradeprades\/wp-content\/uploads\/usu1898\/2021\/09\/cartell-programa-consum-llet-escoles-unio-europea-750.jpg_1332006011.jpg\" alt=\"\" width=\"350\" height=\"348\" srcset=\"https:\/\/agora.xtec.cat\/escolaserradeprades\/wp-content\/uploads\/usu1898\/2021\/09\/cartell-programa-consum-llet-escoles-unio-europea-750.jpg_1332006011.jpg 750w, https:\/\/agora.xtec.cat\/escolaserradeprades\/wp-content\/uploads\/usu1898\/2021\/09\/cartell-programa-consum-llet-escoles-unio-europea-750.jpg_1332006011-150x150.jpg 150w\" sizes=\"auto, (max-width: 350px) 100vw, 350px\" \/><\/a><\/p>\n","protected":false},"excerpt":{"rendered":"<p>Comencem de nou el Pla de Consum de Fruita i Llet a l&#8217;escola<\/p>\n","protected":false},"author":3,"featured_media":2220,"comment_status":"open","ping_status":"closed","sticky":false,"template":"","format":"standard","meta":{"_bbp_topic_count":0,"_bbp_reply_count":0,"_bbp_total_topic_count":0,"_bbp_total_reply_count":0,"_bbp_voice_count":0,"_bbp_anonymous_reply_count":0,"_bbp_topic_count_hidden":0,"_bbp_reply_count_hidden":0,"_bbp_forum_subforum_count":0,"site-sidebar-layout":"default","site-content-layout":"","ast-site-content-layout":"","site-content-style":"default","site-sidebar-style":"default","ast-global-header-display":"","ast-banner-title-visibility":"","ast-main-header-display":"","ast-hfb-above-header-display":"","ast-hfb-below-header-display":"","ast-hfb-mobile-header-display":"","site-post-title":"","ast-breadcrumbs-content":"","ast-featured-img":"","footer-sml-layout":"","theme-transparent-header-meta":"","adv-header-id-meta":"","stick-header-meta":"","header-above-stick-meta":"","header-main-stick-meta":"","header-below-stick-meta":"","astra-migrate-meta-layouts":"default","ast-page-background-enabled":"default","ast-page-background-meta":{"desktop":{"background-color":"var(--ast-global-color-4)","background-image":"","background-repeat":"repeat","background-position":"center center","background-size":"auto","background-attachment":"scroll","background-type":"","background-media":"","overlay-type":"","overlay-color":"","overlay-opacity":"","overlay-gradient":""},"tablet":{"background-color":"","background-image":"","background-repeat":"repeat","background-position":"center center","background-size":"auto","background-attachment":"scroll","background-type":"","background-media":"","overlay-type":"","overlay-color":"","overlay-opacity":"","overlay-gradient":""},"mobile":{"background-color":"","background-image":"","background-repeat":"repeat","background-position":"center center","background-size":"auto","background-attachment":"scroll","background-type":"","background-media":"","overlay-type":"","overlay-color":"","overlay-opacity":"","overlay-gradient":""}},"ast-content-background-meta":{"desktop":{"background-color":"var(--ast-global-color-5)","background-image":"","background-repeat":"repeat","background-position":"center center","background-size":"auto","background-attachment":"scroll","background-type":"","background-media":"","overlay-type":"","overlay-color":"","overlay-opacity":"","overlay-gradient":""},"tablet":{"background-color":"var(--ast-global-color-5)","background-image":"","background-repeat":"repeat","background-position":"center center","background-size":"auto","background-attachment":"scroll","background-type":"","background-media":"","overlay-type":"","overlay-color":"","overlay-opacity":"","overlay-gradient":""},"mobile":{"background-color":"var(--ast-global-color-5)","background-image":"","background-repeat":"repeat","background-position":"center center","background-size":"auto","background-attachment":"scroll","background-type":"","background-media":"","overlay-type":"","overlay-color":"","overlay-opacity":"","overlay-gradient":""}},"footnotes":""},"categories":[84,90,89,153,1],"tags":[213,214],"class_list":["post-2217","post","type-post","status-publish","format-standard","has-post-thumbnail","hentry","category-cicle-inicial","category-cicle-mitja","category-cicle-superior","category-educacio-infantil","category-general","tag-alimentacio-saludable","tag-esmorzars"],"post_mailing_queue_ids":[],"_links":{"self":[{"href":"https:\/\/agora.xtec.cat\/escolaserradeprades\/wp-json\/wp\/v2\/posts\/2217","targetHints":{"allow":["GET"]}}],"collection":[{"href":"https:\/\/agora.xtec.cat\/escolaserradeprades\/wp-json\/wp\/v2\/posts"}],"about":[{"href":"https:\/\/agora.xtec.cat\/escolaserradeprades\/wp-json\/wp\/v2\/types\/post"}],"author":[{"embeddable":true,"href":"https:\/\/agora.xtec.cat\/escolaserradeprades\/wp-json\/wp\/v2\/users\/3"}],"replies":[{"embeddable":true,"href":"https:\/\/agora.xtec.cat\/escolaserradeprades\/wp-json\/wp\/v2\/comments?post=2217"}],"version-history":[{"count":2,"href":"https:\/\/agora.xtec.cat\/escolaserradeprades\/wp-json\/wp\/v2\/posts\/2217\/revisions"}],"predecessor-version":[{"id":2222,"href":"https:\/\/agora.xtec.cat\/escolaserradeprades\/wp-json\/wp\/v2\/posts\/2217\/revisions\/2222"}],"wp:featuredmedia":[{"embeddable":true,"href":"https:\/\/agora.xtec.cat\/escolaserradeprades\/wp-json\/wp\/v2\/media\/2220"}],"wp:attachment":[{"href":"https:\/\/agora.xtec.cat\/escolaserradeprades\/wp-json\/wp\/v2\/media?parent=2217"}],"wp:term":[{"taxonomy":"category","embeddable":true,"href":"https:\/\/agora.xtec.cat\/escolaserradeprades\/wp-json\/wp\/v2\/categories?post=2217"},{"taxonomy":"post_tag","embeddable":true,"href":"https:\/\/agora.xtec.cat\/escolaserradeprades\/wp-json\/wp\/v2\/tags?post=2217"}],"curies":[{"name":"wp","href":"https:\/\/api.w.org\/{rel}","templated":true}]}}