{"id":1826,"date":"2021-03-04T16:38:56","date_gmt":"2021-03-04T15:38:56","guid":{"rendered":"https:\/\/agora.xtec.cat\/escolaserradeprades\/?p=1826"},"modified":"2021-09-02T10:58:58","modified_gmt":"2021-09-02T08:58:58","slug":"preinscripcio-curs-2021-2022","status":"publish","type":"post","link":"https:\/\/agora.xtec.cat\/escolaserradeprades\/general\/preinscripcio-curs-2021-2022\/","title":{"rendered":"PREINSCRIPCI\u00d3 CURS 2021\/2022"},"content":{"rendered":"<h2>Calendari per a la preinscripci\u00f3 del curs 2021-2022<\/h2>\n<div>\n<p>\u200b\u200b\u200b\u200bLes dates previstes per a la<strong>\u00a0presentaci\u00f3 de sol\u00b7licituds<\/strong>\u00a0del proc\u00e9s de preinscripci\u00f3 per al curs escolar 2021-2022.\u200b<\/p>\n<ul>\n<li><strong>\u200bEducaci\u00f3 infantil de segon cicle<\/strong><\/li>\n<li style=\"text-align: left;\"><strong><strong>Educaci\u00f3 prim\u00e0ria<\/strong><\/strong>Del 15 al 24 de mar\u00e7 de 2021 de manera telem\u00e0tica al <a href=\"https:\/\/preinscripcio.gencat.cat\/ca\/inici\/\" target=\"_blank\" rel=\"noopener noreferrer\"><strong>PORTAL DE LA PREINSCRIPCI\u00d3<\/strong><\/a>.Podeu contactar amb nosaltres a trav\u00e9s del correu electr\u00f2nic o telef\u00f2nicament a:\n<p><strong><em>e3005510@xtec.cat <\/em><\/strong><br \/>\n<strong><em>977868011<\/em><\/strong><\/p>\n<p><a href=\"https:\/\/agora.xtec.cat\/escolaserradeprades\/wp-content\/uploads\/usu1898\/2021\/03\/circular_preinscripcio_21_22.pdf\" target=\"_blank\" rel=\"noopener noreferrer\"><strong>CIRCULAR PREINSCRIPCI\u00d3<\/strong><\/a><\/p>\n<p><img loading=\"lazy\" decoding=\"async\" class=\"alignnone  wp-image-1201\" src=\"https:\/\/agora.xtec.cat\/escolaserradeprades\/wp-content\/uploads\/usu1898\/2020\/05\/NOVETAT-300x242.jpg\" alt=\"\" width=\"98\" height=\"78\" \/><a href=\"https:\/\/agora.xtec.cat\/escolaserradeprades\/wp-content\/uploads\/usu1898\/2021\/03\/INFORME_BAREM_PROVISIONAL.pdf\" target=\"_blank\" rel=\"noopener noreferrer\"><strong>LLISTAT DE BAREM PROVISIONAL<\/strong><\/a><br \/>\n<img loading=\"lazy\" decoding=\"async\" class=\"size-full wp-image-1827 aligncenter\" src=\"https:\/\/agora.xtec.cat\/escolaserradeprades\/wp-content\/uploads\/usu1898\/2021\/03\/Baner-rosa-preins-quadrat-centres.png\" alt=\"\" width=\"300\" height=\"300\" srcset=\"https:\/\/agora.xtec.cat\/escolaserradeprades\/wp-content\/uploads\/usu1898\/2021\/03\/Baner-rosa-preins-quadrat-centres.png 300w, https:\/\/agora.xtec.cat\/escolaserradeprades\/wp-content\/uploads\/usu1898\/2021\/03\/Baner-rosa-preins-quadrat-centres-150x150.png 150w\" sizes=\"auto, (max-width: 300px) 100vw, 300px\" \/><\/li>\n<\/ul>\n<\/div>\n","protected":false},"excerpt":{"rendered":"<p>Calendari per a la preinscripci\u00f3 del curs 2021-2022 \u200b\u200b\u200b\u200bLes dates previstes per a la\u00a0presentaci\u00f3 de sol\u00b7licituds\u00a0del proc\u00e9s de preinscripci\u00f3 per al curs escolar 2021-2022.\u200b \u200bEducaci\u00f3 infantil de segon cicle Educaci\u00f3 prim\u00e0riaDel 15 al 24 de mar\u00e7 de 2021 de manera telem\u00e0tica al PORTAL DE LA PREINSCRIPCI\u00d3.Podeu contactar amb nosaltres a trav\u00e9s del correu electr\u00f2nic o [&hellip;]<\/p>\n","protected":false},"author":3,"featured_media":0,"comment_status":"open","ping_status":"closed","sticky":false,"template":"","format":"standard","meta":{"_bbp_topic_count":0,"_bbp_reply_count":0,"_bbp_total_topic_count":0,"_bbp_total_reply_count":0,"_bbp_voice_count":0,"_bbp_anonymous_reply_count":0,"_bbp_topic_count_hidden":0,"_bbp_reply_count_hidden":0,"_bbp_forum_subforum_count":0,"site-sidebar-layout":"default","site-content-layout":"","ast-site-content-layout":"","site-content-style":"default","site-sidebar-style":"default","ast-global-header-display":"","ast-banner-title-visibility":"","ast-main-header-display":"","ast-hfb-above-header-display":"","ast-hfb-below-header-display":"","ast-hfb-mobile-header-display":"","site-post-title":"","ast-breadcrumbs-content":"","ast-featured-img":"","footer-sml-layout":"","theme-transparent-header-meta":"","adv-header-id-meta":"","stick-header-meta":"","header-above-stick-meta":"","header-main-stick-meta":"","header-below-stick-meta":"","astra-migrate-meta-layouts":"default","ast-page-background-enabled":"default","ast-page-background-meta":{"desktop":{"background-color":"var(--ast-global-color-4)","background-image":"","background-repeat":"repeat","background-position":"center center","background-size":"auto","background-attachment":"scroll","background-type":"","background-media":"","overlay-type":"","overlay-color":"","overlay-opacity":"","overlay-gradient":""},"tablet":{"background-color":"","background-image":"","background-repeat":"repeat","background-position":"center center","background-size":"auto","background-attachment":"scroll","background-type":"","background-media":"","overlay-type":"","overlay-color":"","overlay-opacity":"","overlay-gradient":""},"mobile":{"background-color":"","background-image":"","background-repeat":"repeat","background-position":"center center","background-size":"auto","background-attachment":"scroll","background-type":"","background-media":"","overlay-type":"","overlay-color":"","overlay-opacity":"","overlay-gradient":""}},"ast-content-background-meta":{"desktop":{"background-color":"var(--ast-global-color-5)","background-image":"","background-repeat":"repeat","background-position":"center center","background-size":"auto","background-attachment":"scroll","background-type":"","background-media":"","overlay-type":"","overlay-color":"","overlay-opacity":"","overlay-gradient":""},"tablet":{"background-color":"var(--ast-global-color-5)","background-image":"","background-repeat":"repeat","background-position":"center center","background-size":"auto","background-attachment":"scroll","background-type":"","background-media":"","overlay-type":"","overlay-color":"","overlay-opacity":"","overlay-gradient":""},"mobile":{"background-color":"var(--ast-global-color-5)","background-image":"","background-repeat":"repeat","background-position":"center center","background-size":"auto","background-attachment":"scroll","background-type":"","background-media":"","overlay-type":"","overlay-color":"","overlay-opacity":"","overlay-gradient":""}},"footnotes":""},"categories":[84,90,89,153,1],"tags":[193],"class_list":["post-1826","post","type-post","status-publish","format-standard","hentry","category-cicle-inicial","category-cicle-mitja","category-cicle-superior","category-educacio-infantil","category-general","tag-preinscripcio"],"post_mailing_queue_ids":[],"_links":{"self":[{"href":"https:\/\/agora.xtec.cat\/escolaserradeprades\/wp-json\/wp\/v2\/posts\/1826","targetHints":{"allow":["GET"]}}],"collection":[{"href":"https:\/\/agora.xtec.cat\/escolaserradeprades\/wp-json\/wp\/v2\/posts"}],"about":[{"href":"https:\/\/agora.xtec.cat\/escolaserradeprades\/wp-json\/wp\/v2\/types\/post"}],"author":[{"embeddable":true,"href":"https:\/\/agora.xtec.cat\/escolaserradeprades\/wp-json\/wp\/v2\/users\/3"}],"replies":[{"embeddable":true,"href":"https:\/\/agora.xtec.cat\/escolaserradeprades\/wp-json\/wp\/v2\/comments?post=1826"}],"version-history":[{"count":3,"href":"https:\/\/agora.xtec.cat\/escolaserradeprades\/wp-json\/wp\/v2\/posts\/1826\/revisions"}],"predecessor-version":[{"id":1922,"href":"https:\/\/agora.xtec.cat\/escolaserradeprades\/wp-json\/wp\/v2\/posts\/1826\/revisions\/1922"}],"wp:attachment":[{"href":"https:\/\/agora.xtec.cat\/escolaserradeprades\/wp-json\/wp\/v2\/media?parent=1826"}],"wp:term":[{"taxonomy":"category","embeddable":true,"href":"https:\/\/agora.xtec.cat\/escolaserradeprades\/wp-json\/wp\/v2\/categories?post=1826"},{"taxonomy":"post_tag","embeddable":true,"href":"https:\/\/agora.xtec.cat\/escolaserradeprades\/wp-json\/wp\/v2\/tags?post=1826"}],"curies":[{"name":"wp","href":"https:\/\/api.w.org\/{rel}","templated":true}]}}