{"id":3605,"date":"2026-05-01T11:45:03","date_gmt":"2026-05-01T09:45:03","guid":{"rendered":"https:\/\/agora.xtec.cat\/escolaseat\/?p=3605"},"modified":"2026-05-01T11:46:48","modified_gmt":"2026-05-01T09:46:48","slug":"assetjament-escolar-comunitat-de-mitjans","status":"publish","type":"post","link":"https:\/\/agora.xtec.cat\/escolaseat\/general\/assetjament-escolar-comunitat-de-mitjans\/","title":{"rendered":"Dia contra l&#8217;assetjament escolar &#8211; comunitat de Mitjans."},"content":{"rendered":"<p>Al llarg d\u2019aquests dies tot l\u2019alumnat de l\u2019escola Seat hem estat treballant, a trav\u00e9s de diverses din\u00e0miques, la identificaci\u00f3 i prevenci\u00f3 de diferents conductes relacionades amb l\u2019assetjament escolar.<\/p>\n<p>Mitjan\u00e7ant videos, role-playings, din\u00e0miques grupals, vocabulari,\u2026 Hem aprofundit en aquesta tem\u00e0tica i hem adquirit eines per detectar-la i, si es produ\u00eds, poder actuar.<\/p>\n<p>Aquest treball de conscienciaci\u00f3 forma part del dia a dia de la nostra de l\u2019escola.<\/p>\n<p data-start=\"203\" data-end=\"435\">\r\n\t<div class=\"slideshow_container slideshow_container_style-light\" style=\"height: 300px; \" data-slideshow-id=\"3598\" data-style-name=\"style-light\" data-style-version=\"2.3.1\" >\r\n\r\n\t\t\t\t\t<div class=\"slideshow_loading_icon\"><\/div>\r\n\t\t\r\n\t\t<div class=\"slideshow_content\" style=\"display: none;\">\r\n\r\n\t\t\t<div class=\"slideshow_view\">\r\n\t\t\t\t<div class=\"slideshow_slide slideshow_slide_image\">\r\n\t\t\t\t\t\t\t\t\t\t\t<img src=\"https:\/\/agora.xtec.cat\/escolaseat\/wp-content\/uploads\/usu3041\/2026\/05\/3rB.jpeg\" alt=\"3rB\" width=\"1600\" height=\"1200\" \/>\r\n\t\t\t\t\t\t\t\t\t\t<div class=\"slideshow_description_box slideshow_transparent\">\r\n\t\t\t\t\t\t<div class=\"slideshow_title\">3rB<\/div>\t\t\t\t\t\t\t\t\t\t\t<\/div>\r\n\t\t\t\t<\/div>\r\n\r\n\t\t\t\t\t\t\r\n\t\t\t\t<div class=\"slideshow_slide slideshow_slide_image\">\r\n\t\t\t\t\t\t\t\t\t\t\t<img src=\"https:\/\/agora.xtec.cat\/escolaseat\/wp-content\/uploads\/usu3041\/2026\/05\/3rA.jpeg\" alt=\"3rA\" width=\"900\" height=\"1600\" \/>\r\n\t\t\t\t\t\t\t\t\t\t<div class=\"slideshow_description_box slideshow_transparent\">\r\n\t\t\t\t\t\t<div class=\"slideshow_title\">3rA<\/div>\t\t\t\t\t\t\t\t\t\t\t<\/div>\r\n\t\t\t\t<\/div>\r\n\r\n\t\t\t\t\t\t<div style=\"clear: both;\"><\/div><\/div><div class=\"slideshow_view\">\r\n\t\t\t\t<div class=\"slideshow_slide slideshow_slide_image\">\r\n\t\t\t\t\t\t\t\t\t\t\t<img src=\"https:\/\/agora.xtec.cat\/escolaseat\/wp-content\/uploads\/usu3041\/2026\/05\/2nB.jpeg\" alt=\"2nB\" width=\"1200\" height=\"1600\" \/>\r\n\t\t\t\t\t\t\t\t\t\t<div class=\"slideshow_description_box slideshow_transparent\">\r\n\t\t\t\t\t\t<div class=\"slideshow_title\">2nB<\/div>\t\t\t\t\t\t\t\t\t\t\t<\/div>\r\n\t\t\t\t<\/div>\r\n\r\n\t\t\t\t\t\t\r\n\t\t\t\t<div class=\"slideshow_slide slideshow_slide_image\">\r\n\t\t\t\t\t\t\t\t\t\t\t<img src=\"https:\/\/agora.xtec.cat\/escolaseat\/wp-content\/uploads\/usu3041\/2026\/05\/2nA.jpeg\" alt=\"2nA\" width=\"2048\" height=\"1536\" \/>\r\n\t\t\t\t\t\t\t\t\t\t<div class=\"slideshow_description_box slideshow_transparent\">\r\n\t\t\t\t\t\t<div class=\"slideshow_title\">2nA<\/div>\t\t\t\t\t\t\t\t\t\t\t<\/div>\r\n\t\t\t\t<\/div>\r\n\r\n\t\t\t\t\t\t<div style=\"clear: both;\"><\/div><\/div><div class=\"slideshow_view\">\r\n\t\t\t\t<div class=\"slideshow_slide slideshow_slide_image\">\r\n\t\t\t\t\t\t\t\t\t\t\t<img src=\"https:\/\/agora.xtec.cat\/escolaseat\/wp-content\/uploads\/usu3041\/2026\/05\/1rB.jpeg\" alt=\"1rB\" width=\"1600\" height=\"1201\" \/>\r\n\t\t\t\t\t\t\t\t\t\t<div class=\"slideshow_description_box slideshow_transparent\">\r\n\t\t\t\t\t\t<div class=\"slideshow_title\">1rB<\/div>\t\t\t\t\t\t\t\t\t\t\t<\/div>\r\n\t\t\t\t<\/div>\r\n\r\n\t\t\t\t\t\t\r\n\t\t\t\t<div class=\"slideshow_slide slideshow_slide_image\">\r\n\t\t\t\t\t\t\t\t\t\t\t<img src=\"https:\/\/agora.xtec.cat\/escolaseat\/wp-content\/uploads\/usu3041\/2026\/05\/1rA.jpeg\" alt=\"1rA\" width=\"1600\" height=\"1200\" \/>\r\n\t\t\t\t\t\t\t\t\t\t<div class=\"slideshow_description_box slideshow_transparent\">\r\n\t\t\t\t\t\t<div class=\"slideshow_title\">1rA<\/div>\t\t\t\t\t\t\t\t\t\t\t<\/div>\r\n\t\t\t\t<\/div>\r\n\r\n\t\t\t\t\t\t<div style=\"clear: both;\"><\/div><\/div>\r\n\t\t<\/div>\r\n\r\n\t\t<div class=\"slideshow_controlPanel slideshow_transparent\" style=\"display: none;\"><ul><li class=\"slideshow_togglePlay\" data-play-text=\"Visualitza\" data-pause-text=\"Pausa\"><\/li><\/ul><\/div>\r\n\r\n\t\t<div class=\"slideshow_button slideshow_previous slideshow_transparent\" role=\"button\" data-previous-text=\"Anterior\" style=\"display: none;\"><\/div>\r\n\t\t<div class=\"slideshow_button slideshow_next slideshow_transparent\" role=\"button\" data-next-text=\"Seg\u00fcent\" style=\"display: none;\"><\/div>\r\n\r\n\t\t<div class=\"slideshow_pagination\" style=\"display: none;\" data-go-to-text=\"V\u00e9s a la diapositiva\"><div class=\"slideshow_pagination_center\"><\/div><\/div>\r\n\r\n\t\t<!-- WordPress Slideshow Version 2.3.1 -->\r\n\r\n\t\t\t<\/div>\r\n\r\n<\/p>\n<p data-start=\"437\" data-end=\"550\" data-is-last-node=\"\" data-is-only-node=\"\">\n","protected":false},"excerpt":{"rendered":"<p>Al llarg d\u2019aquests dies tot l\u2019alumnat de l\u2019escola Seat hem estat treballant, a trav\u00e9s de diverses din\u00e0miques, la identificaci\u00f3 i prevenci\u00f3 de diferents conductes relacionades amb l\u2019assetjament escolar.<br \/>\nMitjan\u00e7ant videos, role-playings, din\u00e0miques grupals, vocabulari,\u2026 Hem aprofundit en aquesta tem\u00e0tica i hem adquirit eines per detectar-la i,&hellip;  <a href=\"https:\/\/agora.xtec.cat\/escolaseat\/general\/assetjament-escolar-comunitat-de-mitjans\/\" title=\"Read Dia contra l&#8217;assetjament escolar &#8211; comunitat de Mitjans.\">Llegeix m\u00e9s\u00bb<\/a><\/p>\n","protected":false},"author":4,"featured_media":3603,"comment_status":"open","ping_status":"open","sticky":false,"template":"","format":"standard","meta":{"footnotes":""},"categories":[10,11,12,1,4],"tags":[94,84,80,79],"class_list":["post-3605","post","type-post","status-publish","format-standard","has-post-thumbnail","hentry","category-1r","category-2n","category-3r","category-general","category-portada","tag-1r","tag-2n","tag-3r","tag-comunitat-de-mitjans"],"post_mailing_queue_ids":[],"_links":{"self":[{"href":"https:\/\/agora.xtec.cat\/escolaseat\/wp-json\/wp\/v2\/posts\/3605","targetHints":{"allow":["GET"]}}],"collection":[{"href":"https:\/\/agora.xtec.cat\/escolaseat\/wp-json\/wp\/v2\/posts"}],"about":[{"href":"https:\/\/agora.xtec.cat\/escolaseat\/wp-json\/wp\/v2\/types\/post"}],"author":[{"embeddable":true,"href":"https:\/\/agora.xtec.cat\/escolaseat\/wp-json\/wp\/v2\/users\/4"}],"replies":[{"embeddable":true,"href":"https:\/\/agora.xtec.cat\/escolaseat\/wp-json\/wp\/v2\/comments?post=3605"}],"version-history":[{"count":4,"href":"https:\/\/agora.xtec.cat\/escolaseat\/wp-json\/wp\/v2\/posts\/3605\/revisions"}],"predecessor-version":[{"id":3609,"href":"https:\/\/agora.xtec.cat\/escolaseat\/wp-json\/wp\/v2\/posts\/3605\/revisions\/3609"}],"wp:featuredmedia":[{"embeddable":true,"href":"https:\/\/agora.xtec.cat\/escolaseat\/wp-json\/wp\/v2\/media\/3603"}],"wp:attachment":[{"href":"https:\/\/agora.xtec.cat\/escolaseat\/wp-json\/wp\/v2\/media?parent=3605"}],"wp:term":[{"taxonomy":"category","embeddable":true,"href":"https:\/\/agora.xtec.cat\/escolaseat\/wp-json\/wp\/v2\/categories?post=3605"},{"taxonomy":"post_tag","embeddable":true,"href":"https:\/\/agora.xtec.cat\/escolaseat\/wp-json\/wp\/v2\/tags?post=3605"}],"curies":[{"name":"wp","href":"https:\/\/api.w.org\/{rel}","templated":true}]}}