{"id":3571,"date":"2026-04-30T16:30:28","date_gmt":"2026-04-30T14:30:28","guid":{"rendered":"https:\/\/agora.xtec.cat\/escolaseat\/?p=3571"},"modified":"2026-04-30T12:52:23","modified_gmt":"2026-04-30T10:52:23","slug":"dia-contra-lassetjament-escolar-comunitat-de-petits","status":"publish","type":"post","link":"https:\/\/agora.xtec.cat\/escolaseat\/general\/dia-contra-lassetjament-escolar-comunitat-de-petits\/","title":{"rendered":"Dia contra l&#8217;assetjament escolar &#8211; Comunitat de petits."},"content":{"rendered":"<p><span style=\"font-weight: 400;\">Al llarg d\u2019aquests dies tot l\u2019alumnat de l\u2019escola Seat hem estat treballant, a trav\u00e9s de diverses din\u00e0miques, la identificaci\u00f3 i prevenci\u00f3 de diferents conductes relacionades amb l\u2019assetjament escolar.<\/span><\/p>\n<p><span style=\"font-weight: 400;\">Mitjan\u00e7ant videos, role-playings, din\u00e0miques grupals, vocabulari,&#8230; Hem aprofundit en aquesta tem\u00e0tica i hem adquirit eines per detectar-la i, si es produ\u00eds, poder actuar.<\/span><\/p>\n<p><span style=\"font-weight: 400;\">Aquest treball de conscienciaci\u00f3 forma part del dia a dia de la nostra de l\u2019escola.\u00a0<\/span><\/p>\n<p>Avui, la comunitat de petit hem mirat i conversat sobre diferents contes com:<\/p>\n<p><em>&#8220;El rei burleta&#8221;<\/em><\/p>\n<p><em>&#8220;En fullaraca, un monstre molt tendre&#8221;<\/em><\/p>\n<p><em>&#8220;La forastera i l&#8217;avi tot orelles&#8221;<\/em><\/p>\n<p><em>&#8220;Tim i la banda&#8221;<\/em><\/p>\n\r\n\t<div class=\"slideshow_container slideshow_container_style-light\" style=\"height: 300px; \" data-slideshow-id=\"3573\" data-style-name=\"style-light\" data-style-version=\"2.3.1\" >\r\n\r\n\t\t\t\t\t<div class=\"slideshow_loading_icon\"><\/div>\r\n\t\t\r\n\t\t<div class=\"slideshow_content\" style=\"display: none;\">\r\n\r\n\t\t\t<div class=\"slideshow_view\">\r\n\t\t\t\t<div class=\"slideshow_slide slideshow_slide_image\">\r\n\t\t\t\t\t\t\t\t\t\t\t<img src=\"https:\/\/agora.xtec.cat\/escolaseat\/wp-content\/uploads\/usu3041\/2026\/04\/IMG_0709-rotated.jpeg\" alt=\"IMG_0709\" width=\"756\" height=\"1008\" \/>\r\n\t\t\t\t\t\t\t\t\t\t<div class=\"slideshow_description_box slideshow_transparent\">\r\n\t\t\t\t\t\t<div class=\"slideshow_title\">IMG_0709<\/div>\t\t\t\t\t\t\t\t\t\t\t<\/div>\r\n\t\t\t\t<\/div>\r\n\r\n\t\t\t\t\t\t<div style=\"clear: both;\"><\/div><\/div><div class=\"slideshow_view\">\r\n\t\t\t\t<div class=\"slideshow_slide slideshow_slide_image\">\r\n\t\t\t\t\t\t\t\t\t\t\t<img src=\"https:\/\/agora.xtec.cat\/escolaseat\/wp-content\/uploads\/usu3041\/2026\/04\/ea724216-7857-4a89-ba1a-476ffdee0682.jpeg\" alt=\"ea724216-7857-4a89-ba1a-476ffdee0682\" width=\"375\" height=\"500\" \/>\r\n\t\t\t\t\t\t\t\t\t\t<div class=\"slideshow_description_box slideshow_transparent\">\r\n\t\t\t\t\t\t<div class=\"slideshow_title\">ea724216-7857-4a89-ba1a-476ffdee0682<\/div>\t\t\t\t\t\t\t\t\t\t\t<\/div>\r\n\t\t\t\t<\/div>\r\n\r\n\t\t\t\t\t\t<div style=\"clear: both;\"><\/div><\/div><div class=\"slideshow_view\">\r\n\t\t\t\t<div class=\"slideshow_slide slideshow_slide_image\">\r\n\t\t\t\t\t\t\t\t\t\t\t<img src=\"https:\/\/agora.xtec.cat\/escolaseat\/wp-content\/uploads\/usu3041\/2026\/04\/e10396af-baec-4975-9919-40613bbdfaa3.jpeg\" alt=\"e10396af-baec-4975-9919-40613bbdfaa3\" width=\"300\" height=\"400\" \/>\r\n\t\t\t\t\t\t\t\t\t\t<div class=\"slideshow_description_box slideshow_transparent\">\r\n\t\t\t\t\t\t<div class=\"slideshow_title\">e10396af-baec-4975-9919-40613bbdfaa3<\/div>\t\t\t\t\t\t\t\t\t\t\t<\/div>\r\n\t\t\t\t<\/div>\r\n\r\n\t\t\t\t\t\t<div style=\"clear: both;\"><\/div><\/div><div class=\"slideshow_view\">\r\n\t\t\t\t<div class=\"slideshow_slide slideshow_slide_image\">\r\n\t\t\t\t\t\t\t\t\t\t\t<img src=\"https:\/\/agora.xtec.cat\/escolaseat\/wp-content\/uploads\/usu3041\/2026\/04\/b7404d0d-f8ec-4c74-a200-7f4b3a39c1f4.jpeg\" alt=\"b7404d0d-f8ec-4c74-a200-7f4b3a39c1f4\" width=\"500\" height=\"375\" \/>\r\n\t\t\t\t\t\t\t\t\t\t<div class=\"slideshow_description_box slideshow_transparent\">\r\n\t\t\t\t\t\t<div class=\"slideshow_title\">b7404d0d-f8ec-4c74-a200-7f4b3a39c1f4<\/div>\t\t\t\t\t\t\t\t\t\t\t<\/div>\r\n\t\t\t\t<\/div>\r\n\r\n\t\t\t\t\t\t<div style=\"clear: both;\"><\/div><\/div><div class=\"slideshow_view\">\r\n\t\t\t\t<div class=\"slideshow_slide slideshow_slide_image\">\r\n\t\t\t\t\t\t\t\t\t\t\t<img src=\"https:\/\/agora.xtec.cat\/escolaseat\/wp-content\/uploads\/usu3041\/2026\/04\/0f573bc5-bbfe-49e4-9ce2-3b395d58be5b.jpeg\" alt=\"0f573bc5-bbfe-49e4-9ce2-3b395d58be5b\" width=\"512\" height=\"384\" \/>\r\n\t\t\t\t\t\t\t\t\t\t<div class=\"slideshow_description_box slideshow_transparent\">\r\n\t\t\t\t\t\t<div class=\"slideshow_title\">0f573bc5-bbfe-49e4-9ce2-3b395d58be5b<\/div>\t\t\t\t\t\t\t\t\t\t\t<\/div>\r\n\t\t\t\t<\/div>\r\n\r\n\t\t\t\t\t\t<div style=\"clear: both;\"><\/div><\/div>\r\n\t\t<\/div>\r\n\r\n\t\t<div class=\"slideshow_controlPanel slideshow_transparent\" style=\"display: none;\"><ul><li class=\"slideshow_togglePlay\" data-play-text=\"Visualitza\" data-pause-text=\"Pausa\"><\/li><\/ul><\/div>\r\n\r\n\t\t<div class=\"slideshow_button slideshow_previous slideshow_transparent\" role=\"button\" data-previous-text=\"Anterior\" style=\"display: none;\"><\/div>\r\n\t\t<div class=\"slideshow_button slideshow_next slideshow_transparent\" role=\"button\" data-next-text=\"Seg\u00fcent\" style=\"display: none;\"><\/div>\r\n\r\n\t\t<div class=\"slideshow_pagination\" style=\"display: none;\" data-go-to-text=\"V\u00e9s a la diapositiva\"><div class=\"slideshow_pagination_center\"><\/div><\/div>\r\n\r\n\t\t<!-- WordPress Slideshow Version 2.3.1 -->\r\n\r\n\t\t\t<\/div>\r\n\r\n\n","protected":false},"excerpt":{"rendered":"<p>Al llarg d\u2019aquests dies tot l\u2019alumnat de l\u2019escola Seat hem estat treballant, a trav\u00e9s de diverses din\u00e0miques, la identificaci\u00f3 i prevenci\u00f3 de diferents conductes relacionades amb l\u2019assetjament escolar.<br \/>\nMitjan\u00e7ant videos, role-playings, din\u00e0miques grupals, vocabulari,&#8230; Hem aprofundit en aquesta tem\u00e0tica i hem adquirit eines per detectar-la i,&hellip;  <a href=\"https:\/\/agora.xtec.cat\/escolaseat\/general\/dia-contra-lassetjament-escolar-comunitat-de-petits\/\" title=\"Read Dia contra l&#8217;assetjament escolar &#8211; Comunitat de petits.\">Llegeix m\u00e9s\u00bb<\/a><\/p>\n","protected":false},"author":11,"featured_media":0,"comment_status":"open","ping_status":"open","sticky":false,"template":"","format":"standard","meta":{"footnotes":""},"categories":[1,4],"tags":[],"class_list":["post-3571","post","type-post","status-publish","format-standard","hentry","category-general","category-portada"],"post_mailing_queue_ids":[],"_links":{"self":[{"href":"https:\/\/agora.xtec.cat\/escolaseat\/wp-json\/wp\/v2\/posts\/3571","targetHints":{"allow":["GET"]}}],"collection":[{"href":"https:\/\/agora.xtec.cat\/escolaseat\/wp-json\/wp\/v2\/posts"}],"about":[{"href":"https:\/\/agora.xtec.cat\/escolaseat\/wp-json\/wp\/v2\/types\/post"}],"author":[{"embeddable":true,"href":"https:\/\/agora.xtec.cat\/escolaseat\/wp-json\/wp\/v2\/users\/11"}],"replies":[{"embeddable":true,"href":"https:\/\/agora.xtec.cat\/escolaseat\/wp-json\/wp\/v2\/comments?post=3571"}],"version-history":[{"count":2,"href":"https:\/\/agora.xtec.cat\/escolaseat\/wp-json\/wp\/v2\/posts\/3571\/revisions"}],"predecessor-version":[{"id":3583,"href":"https:\/\/agora.xtec.cat\/escolaseat\/wp-json\/wp\/v2\/posts\/3571\/revisions\/3583"}],"wp:attachment":[{"href":"https:\/\/agora.xtec.cat\/escolaseat\/wp-json\/wp\/v2\/media?parent=3571"}],"wp:term":[{"taxonomy":"category","embeddable":true,"href":"https:\/\/agora.xtec.cat\/escolaseat\/wp-json\/wp\/v2\/categories?post=3571"},{"taxonomy":"post_tag","embeddable":true,"href":"https:\/\/agora.xtec.cat\/escolaseat\/wp-json\/wp\/v2\/tags?post=3571"}],"curies":[{"name":"wp","href":"https:\/\/api.w.org\/{rel}","templated":true}]}}