{"id":3550,"date":"2026-04-27T13:29:02","date_gmt":"2026-04-27T11:29:02","guid":{"rendered":"https:\/\/agora.xtec.cat\/escolaseat\/?p=3550"},"modified":"2026-04-27T13:36:06","modified_gmt":"2026-04-27T11:36:06","slug":"viu-la-vela-6e","status":"publish","type":"post","link":"https:\/\/agora.xtec.cat\/escolaseat\/general\/viu-la-vela-6e\/","title":{"rendered":"Viu la vela 6\u00e8"},"content":{"rendered":"<p><span style=\"font-weight: 400;\">Els alumnes de 6\u00e8 han participat en l\u2019activitat d\u2019educaci\u00f3 f\u00edsica \u201cVIU LA VELA\u201d al Real Club Mar\u00edtim de Barcelona. Han navegat durant dies aprenent les t\u00e8cniques b\u00e0siques de viratge i maneig de la vela. Ha estat una experi\u00e8ncia \u00fanica veure Barcelona des del mar i han gaudit molt.<\/span><\/p>\n<p>Cliqueu <a href=\"https:\/\/agora.xtec.cat\/escolaseat\/primaria\/6e-vela\/\">AQUI<\/a> per veure les fotos<\/p>\n","protected":false},"excerpt":{"rendered":"<p>Els alumnes de 6\u00e8 han participat en l\u2019activitat d\u2019educaci\u00f3 f\u00edsica \u201cVIU LA VELA\u201d al Real Club Mar\u00edtim de Barcelona. Han navegat durant dies aprenent les t\u00e8cniques b\u00e0siques de viratge i maneig de la vela. Ha estat una experi\u00e8ncia \u00fanica veure Barcelona des del mar i&hellip;  <a href=\"https:\/\/agora.xtec.cat\/escolaseat\/general\/viu-la-vela-6e\/\" title=\"Read Viu la vela 6\u00e8\">Llegeix m\u00e9s\u00bb<\/a><\/p>\n","protected":false},"author":6,"featured_media":3557,"comment_status":"closed","ping_status":"closed","sticky":false,"template":"","format":"standard","meta":{"footnotes":""},"categories":[15,1,4],"tags":[],"class_list":["post-3550","post","type-post","status-publish","format-standard","has-post-thumbnail","hentry","category-6e","category-general","category-portada"],"post_mailing_queue_ids":[],"_links":{"self":[{"href":"https:\/\/agora.xtec.cat\/escolaseat\/wp-json\/wp\/v2\/posts\/3550","targetHints":{"allow":["GET"]}}],"collection":[{"href":"https:\/\/agora.xtec.cat\/escolaseat\/wp-json\/wp\/v2\/posts"}],"about":[{"href":"https:\/\/agora.xtec.cat\/escolaseat\/wp-json\/wp\/v2\/types\/post"}],"author":[{"embeddable":true,"href":"https:\/\/agora.xtec.cat\/escolaseat\/wp-json\/wp\/v2\/users\/6"}],"replies":[{"embeddable":true,"href":"https:\/\/agora.xtec.cat\/escolaseat\/wp-json\/wp\/v2\/comments?post=3550"}],"version-history":[{"count":2,"href":"https:\/\/agora.xtec.cat\/escolaseat\/wp-json\/wp\/v2\/posts\/3550\/revisions"}],"predecessor-version":[{"id":3568,"href":"https:\/\/agora.xtec.cat\/escolaseat\/wp-json\/wp\/v2\/posts\/3550\/revisions\/3568"}],"wp:featuredmedia":[{"embeddable":true,"href":"https:\/\/agora.xtec.cat\/escolaseat\/wp-json\/wp\/v2\/media\/3557"}],"wp:attachment":[{"href":"https:\/\/agora.xtec.cat\/escolaseat\/wp-json\/wp\/v2\/media?parent=3550"}],"wp:term":[{"taxonomy":"category","embeddable":true,"href":"https:\/\/agora.xtec.cat\/escolaseat\/wp-json\/wp\/v2\/categories?post=3550"},{"taxonomy":"post_tag","embeddable":true,"href":"https:\/\/agora.xtec.cat\/escolaseat\/wp-json\/wp\/v2\/tags?post=3550"}],"curies":[{"name":"wp","href":"https:\/\/api.w.org\/{rel}","templated":true}]}}