{"id":3504,"date":"2026-04-07T13:50:08","date_gmt":"2026-04-07T11:50:08","guid":{"rendered":"https:\/\/agora.xtec.cat\/escolaseat\/?p=3504"},"modified":"2026-04-07T13:53:58","modified_gmt":"2026-04-07T11:53:58","slug":"fem-mones-a-la-comunitat-de-grans","status":"publish","type":"post","link":"https:\/\/agora.xtec.cat\/escolaseat\/general\/fem-mones-a-la-comunitat-de-grans\/","title":{"rendered":"Fem mones a la Comunitat de Grans"},"content":{"rendered":"<p data-start=\"0\" data-end=\"202\">A la comunitat de Grans hem celebrat l\u2019inici de les vacances de Setmana Santa preparant unes mones de Pasqua ben bones! Primer vam parlar de l\u2019origen d\u2019aquesta tradici\u00f3, dels padrins, dels ous de pasqua, etc. Despr\u00e9s vam tallar i decorar les nostres mones amb xocolata. Finalment, ens les vam cruspir, estaven bon\u00edssimes!<\/p>\n<p data-start=\"373\" data-end=\"457\" data-is-last-node=\"\" data-is-only-node=\"\">Va ser una manera ben dol\u00e7a i divertida de treballar plegats i donar la benvinguda a les vacances.<\/p>\n<p data-start=\"373\" data-end=\"457\" data-is-last-node=\"\" data-is-only-node=\"\">Si voleu veure les fotos de 4t, cliqueu <a href=\"https:\/\/agora.xtec.cat\/escolaseat\/primaria\/4t\/fem-mones-a-la-comunitat-de-grans-4t\/\">aqu\u00ed<\/a><\/p>\n<p data-start=\"373\" data-end=\"457\" data-is-last-node=\"\" data-is-only-node=\"\">Si voleu veure les fotos de 5\u00e8, cliqueu <a href=\"https:\/\/agora.xtec.cat\/escolaseat\/primaria\/5e\/5e-fem-mones-a-la-comunitat-de-grans\/\">aqu\u00ed<\/a><\/p>\n<p data-start=\"373\" data-end=\"457\" data-is-last-node=\"\" data-is-only-node=\"\">Si voleu veure les fotos de 6\u00e8, cliqueu <a href=\"https:\/\/agora.xtec.cat\/escolaseat\/primaria\/6e\/6e-fem-mones-a-la-comunitat-de-grans\/\">aqu\u00ed<\/a><\/p>\n","protected":false},"excerpt":{"rendered":"<p>A la comunitat de Grans hem celebrat l\u2019inici de les vacances de Setmana Santa preparant unes mones de Pasqua ben bones! Primer vam parlar de l\u2019origen d\u2019aquesta tradici\u00f3, dels padrins, dels ous de pasqua, etc. Despr\u00e9s vam tallar i decorar les nostres mones amb xocolata.&hellip;  <a href=\"https:\/\/agora.xtec.cat\/escolaseat\/general\/fem-mones-a-la-comunitat-de-grans\/\" title=\"Read Fem mones a la Comunitat de Grans\">Llegeix m\u00e9s\u00bb<\/a><\/p>\n","protected":false},"author":10,"featured_media":3506,"comment_status":"open","ping_status":"open","sticky":false,"template":"","format":"standard","meta":{"footnotes":""},"categories":[1,4],"tags":[],"class_list":["post-3504","post","type-post","status-publish","format-standard","has-post-thumbnail","hentry","category-general","category-portada"],"post_mailing_queue_ids":[],"_links":{"self":[{"href":"https:\/\/agora.xtec.cat\/escolaseat\/wp-json\/wp\/v2\/posts\/3504","targetHints":{"allow":["GET"]}}],"collection":[{"href":"https:\/\/agora.xtec.cat\/escolaseat\/wp-json\/wp\/v2\/posts"}],"about":[{"href":"https:\/\/agora.xtec.cat\/escolaseat\/wp-json\/wp\/v2\/types\/post"}],"author":[{"embeddable":true,"href":"https:\/\/agora.xtec.cat\/escolaseat\/wp-json\/wp\/v2\/users\/10"}],"replies":[{"embeddable":true,"href":"https:\/\/agora.xtec.cat\/escolaseat\/wp-json\/wp\/v2\/comments?post=3504"}],"version-history":[{"count":6,"href":"https:\/\/agora.xtec.cat\/escolaseat\/wp-json\/wp\/v2\/posts\/3504\/revisions"}],"predecessor-version":[{"id":3532,"href":"https:\/\/agora.xtec.cat\/escolaseat\/wp-json\/wp\/v2\/posts\/3504\/revisions\/3532"}],"wp:featuredmedia":[{"embeddable":true,"href":"https:\/\/agora.xtec.cat\/escolaseat\/wp-json\/wp\/v2\/media\/3506"}],"wp:attachment":[{"href":"https:\/\/agora.xtec.cat\/escolaseat\/wp-json\/wp\/v2\/media?parent=3504"}],"wp:term":[{"taxonomy":"category","embeddable":true,"href":"https:\/\/agora.xtec.cat\/escolaseat\/wp-json\/wp\/v2\/categories?post=3504"},{"taxonomy":"post_tag","embeddable":true,"href":"https:\/\/agora.xtec.cat\/escolaseat\/wp-json\/wp\/v2\/tags?post=3504"}],"curies":[{"name":"wp","href":"https:\/\/api.w.org\/{rel}","templated":true}]}}