{"id":12538,"date":"2022-11-27T18:50:09","date_gmt":"2022-11-27T17:50:09","guid":{"rendered":"https:\/\/agora.xtec.cat\/escolasantsadurni\/?p=12538"},"modified":"2022-11-27T18:50:09","modified_gmt":"2022-11-27T17:50:09","slug":"excursio-al-bosc-amb-animals","status":"publish","type":"post","link":"https:\/\/agora.xtec.cat\/escolasantsadurni\/primaria\/1r\/excursio-al-bosc-amb-animals\/","title":{"rendered":"Excursi\u00f3 al bosc amb animals"},"content":{"rendered":"<p style=\"font-weight: 400;\">El dimecres 23 de novembre els alumnes de 1r de Sant Sadurn\u00ed vam anar a una masia que es diu Can Deu.<\/p>\n<p style=\"font-weight: 400;\">Ens van acompanyar els mestres i monitors. All\u00e0 vam aprendre coses dels sentits: la vista, l\u2019olfacte, l\u2019o\u00efda, el tacte i el gust. Vam jugar a ca\u00e7ar conills, vam fer una col\u00f2nia, vam escoltar la natura, vam tocar plantes, vam recollir objectes del bosc&#8230;<\/p>\n<p style=\"font-weight: 400;\">Despr\u00e9s de dinar, vam jugar una mica i vam anar a la granja a donar de menjar a les gallines, a una euga, a un ruc, a una vedella, a unes cabres&#8230; Vam veure molts animals i vam aprendre moltes coses.<\/p>\n<p style=\"font-weight: 400;\">Ens va agradar molt!<\/p>\n<p><a href=\"https:\/\/photos.app.goo.gl\/kvPZwQ9k5ZasCkN79\"><img loading=\"lazy\" decoding=\"async\" class=\"wp-image-12539 aligncenter\" src=\"https:\/\/agora.xtec.cat\/escolasantsadurni\/wp-content\/uploads\/usu1491\/2022\/11\/can-deu.png\" alt=\"\" width=\"484\" height=\"362\" srcset=\"https:\/\/agora.xtec.cat\/escolasantsadurni\/wp-content\/uploads\/usu1491\/2022\/11\/can-deu.png 1015w, https:\/\/agora.xtec.cat\/escolasantsadurni\/wp-content\/uploads\/usu1491\/2022\/11\/can-deu-300x224.png 300w, https:\/\/agora.xtec.cat\/escolasantsadurni\/wp-content\/uploads\/usu1491\/2022\/11\/can-deu-768x574.png 768w, https:\/\/agora.xtec.cat\/escolasantsadurni\/wp-content\/uploads\/usu1491\/2022\/11\/can-deu-200x150.png 200w\" sizes=\"auto, (max-width: 484px) 100vw, 484px\" \/><\/a><\/p>\n<p style=\"text-align: center;\">(Aquesta not\u00edcia ha estat redactada col\u00b7laborativament entre els i les alumnes de 1r) \ud83d\ude42<\/p>\n","protected":false},"excerpt":{"rendered":"<p>El dimecres 23 de novembre els alumnes de 1r de Sant Sadurn\u00ed vam anar a una masia que es diu Can Deu.<br \/>\nEns van acompanyar els mestres i monitors. All\u00e0 vam aprendre coses dels sentits: la vista, l\u2019olfacte, l\u2019o\u00efda, el tacte i el gust. Vam jugar&hellip;  <a href=\"https:\/\/agora.xtec.cat\/escolasantsadurni\/primaria\/1r\/excursio-al-bosc-amb-animals\/\" title=\"Read Excursi\u00f3 al bosc amb animals\">Llegeix m\u00e9s\u00bb<\/a><\/p>\n","protected":false},"author":1,"featured_media":12539,"comment_status":"open","ping_status":"closed","sticky":false,"template":"","format":"standard","meta":{"_bbp_topic_count":0,"_bbp_reply_count":0,"_bbp_total_topic_count":0,"_bbp_total_reply_count":0,"_bbp_voice_count":0,"_bbp_anonymous_reply_count":0,"_bbp_topic_count_hidden":0,"_bbp_reply_count_hidden":0,"_bbp_forum_subforum_count":0,"footnotes":""},"categories":[10,135],"tags":[],"class_list":["post-12538","post","type-post","status-publish","format-standard","has-post-thumbnail","hentry","category-1r","category-generacio-2016"],"post_mailing_queue_ids":[],"_links":{"self":[{"href":"https:\/\/agora.xtec.cat\/escolasantsadurni\/wp-json\/wp\/v2\/posts\/12538","targetHints":{"allow":["GET"]}}],"collection":[{"href":"https:\/\/agora.xtec.cat\/escolasantsadurni\/wp-json\/wp\/v2\/posts"}],"about":[{"href":"https:\/\/agora.xtec.cat\/escolasantsadurni\/wp-json\/wp\/v2\/types\/post"}],"author":[{"embeddable":true,"href":"https:\/\/agora.xtec.cat\/escolasantsadurni\/wp-json\/wp\/v2\/users\/1"}],"replies":[{"embeddable":true,"href":"https:\/\/agora.xtec.cat\/escolasantsadurni\/wp-json\/wp\/v2\/comments?post=12538"}],"version-history":[{"count":1,"href":"https:\/\/agora.xtec.cat\/escolasantsadurni\/wp-json\/wp\/v2\/posts\/12538\/revisions"}],"predecessor-version":[{"id":12540,"href":"https:\/\/agora.xtec.cat\/escolasantsadurni\/wp-json\/wp\/v2\/posts\/12538\/revisions\/12540"}],"wp:featuredmedia":[{"embeddable":true,"href":"https:\/\/agora.xtec.cat\/escolasantsadurni\/wp-json\/wp\/v2\/media\/12539"}],"wp:attachment":[{"href":"https:\/\/agora.xtec.cat\/escolasantsadurni\/wp-json\/wp\/v2\/media?parent=12538"}],"wp:term":[{"taxonomy":"category","embeddable":true,"href":"https:\/\/agora.xtec.cat\/escolasantsadurni\/wp-json\/wp\/v2\/categories?post=12538"},{"taxonomy":"post_tag","embeddable":true,"href":"https:\/\/agora.xtec.cat\/escolasantsadurni\/wp-json\/wp\/v2\/tags?post=12538"}],"curies":[{"name":"wp","href":"https:\/\/api.w.org\/{rel}","templated":true}]}}