{"id":8559,"date":"2026-04-17T18:31:14","date_gmt":"2026-04-17T16:31:14","guid":{"rendered":"https:\/\/agora.xtec.cat\/escolasantmarti\/?p=8559"},"modified":"2026-04-20T10:04:08","modified_gmt":"2026-04-20T08:04:08","slug":"els-alumnes-de-sise-donen-vida-al-seu-bancal","status":"publish","type":"post","link":"https:\/\/agora.xtec.cat\/escolasantmarti\/general\/els-alumnes-de-sise-donen-vida-al-seu-bancal\/","title":{"rendered":"Els alumnes de sis\u00e8 donen vida al seu bancal"},"content":{"rendered":"<p>Avui ha estat un dia especial per als nostres estudiants de sis\u00e8, que han dedicat una estona a treballar a l\u2019hort escolar. Amb molt d\u2019entusiasme i treball en equip, han plantat tomaqueres i pebroteres, dues plantes essencials que aviat donaran color i sabor al nostre espai verd.<\/p>\n<p>A m\u00e9s de plantar, els alumnes tamb\u00e9 han netejat l\u2019hort, eliminant les herbes perqu\u00e8 les noves plantes puguin cr\u00e9ixer sanes i fortes. Aquesta activitat no nom\u00e9s els ha ensenyat sobre la import\u00e0ncia de l\u2019agricultura i el cultiu sostenible, sin\u00f3 que tamb\u00e9 els ha perm\u00e8s connectar amb la natura i comprendre el valor de cuidar el nostre entorn.<br \/>\n<a href=\"https:\/\/agora.xtec.cat\/escolasantmarti\/general\/els-alumnes-de-sise-donen-vida-al-seu-bancal\/attachment\/9636b3fd-5cb9-4ee7-a272-93784b078bef\/\" rel=\"attachment wp-att-8560\"><img loading=\"lazy\" decoding=\"async\" src=\"https:\/\/agora.xtec.cat\/escolasantmarti\/wp-content\/uploads\/usu1487\/2026\/04\/9636b3fd-5cb9-4ee7-a272-93784b078bef-1024x768.jpg\" alt=\"\" width=\"1024\" height=\"768\" class=\"alignleft size-large wp-image-8560\" srcset=\"https:\/\/agora.xtec.cat\/escolasantmarti\/wp-content\/uploads\/usu1487\/2026\/04\/9636b3fd-5cb9-4ee7-a272-93784b078bef-1024x768.jpg 1024w, https:\/\/agora.xtec.cat\/escolasantmarti\/wp-content\/uploads\/usu1487\/2026\/04\/9636b3fd-5cb9-4ee7-a272-93784b078bef-300x225.jpg 300w, https:\/\/agora.xtec.cat\/escolasantmarti\/wp-content\/uploads\/usu1487\/2026\/04\/9636b3fd-5cb9-4ee7-a272-93784b078bef-768x576.jpg 768w, https:\/\/agora.xtec.cat\/escolasantmarti\/wp-content\/uploads\/usu1487\/2026\/04\/9636b3fd-5cb9-4ee7-a272-93784b078bef-1536x1152.jpg 1536w, https:\/\/agora.xtec.cat\/escolasantmarti\/wp-content\/uploads\/usu1487\/2026\/04\/9636b3fd-5cb9-4ee7-a272-93784b078bef.jpg 1600w\" sizes=\"auto, (max-width: 1024px) 100vw, 1024px\" \/><\/a><\/p>\n","protected":false},"excerpt":{"rendered":"<p>Avui ha estat un dia especial per als nostres estudiants de sis\u00e8, que han dedicat una estona a treballar a l\u2019hort escolar. Amb molt d\u2019entusiasme i treball en equip, han plantat tomaqueres i pebroteres, dues plantes essencials que aviat donaran color i sabor al nostre espai verd. A m\u00e9s de plantar, els alumnes tamb\u00e9 han [&hellip;]<\/p>\n","protected":false},"author":1,"featured_media":8560,"comment_status":"open","ping_status":"open","sticky":false,"template":"","format":"standard","meta":{"_bbp_topic_count":0,"_bbp_reply_count":0,"_bbp_total_topic_count":0,"_bbp_total_reply_count":0,"_bbp_voice_count":0,"_bbp_anonymous_reply_count":0,"_bbp_topic_count_hidden":0,"_bbp_reply_count_hidden":0,"_bbp_forum_subforum_count":0,"site-sidebar-layout":"default","site-content-layout":"","ast-site-content-layout":"default","site-content-style":"default","site-sidebar-style":"default","ast-global-header-display":"","ast-banner-title-visibility":"","ast-main-header-display":"","ast-hfb-above-header-display":"","ast-hfb-below-header-display":"","ast-hfb-mobile-header-display":"","site-post-title":"","ast-breadcrumbs-content":"","ast-featured-img":"","footer-sml-layout":"","theme-transparent-header-meta":"default","adv-header-id-meta":"","stick-header-meta":"","header-above-stick-meta":"","header-main-stick-meta":"","header-below-stick-meta":"","astra-migrate-meta-layouts":"set","ast-page-background-enabled":"default","ast-page-background-meta":{"desktop":{"background-color":"var(--ast-global-color-4)","background-image":"","background-repeat":"repeat","background-position":"center center","background-size":"auto","background-attachment":"scroll","background-type":"","background-media":"","overlay-type":"","overlay-color":"","overlay-opacity":"","overlay-gradient":""},"tablet":{"background-color":"","background-image":"","background-repeat":"repeat","background-position":"center center","background-size":"auto","background-attachment":"scroll","background-type":"","background-media":"","overlay-type":"","overlay-color":"","overlay-opacity":"","overlay-gradient":""},"mobile":{"background-color":"","background-image":"","background-repeat":"repeat","background-position":"center center","background-size":"auto","background-attachment":"scroll","background-type":"","background-media":"","overlay-type":"","overlay-color":"","overlay-opacity":"","overlay-gradient":""}},"ast-content-background-meta":{"desktop":{"background-color":"var(--ast-global-color-5)","background-image":"","background-repeat":"repeat","background-position":"center center","background-size":"auto","background-attachment":"scroll","background-type":"","background-media":"","overlay-type":"","overlay-color":"","overlay-opacity":"","overlay-gradient":""},"tablet":{"background-color":"var(--ast-global-color-5)","background-image":"","background-repeat":"repeat","background-position":"center center","background-size":"auto","background-attachment":"scroll","background-type":"","background-media":"","overlay-type":"","overlay-color":"","overlay-opacity":"","overlay-gradient":""},"mobile":{"background-color":"var(--ast-global-color-5)","background-image":"","background-repeat":"repeat","background-position":"center center","background-size":"auto","background-attachment":"scroll","background-type":"","background-media":"","overlay-type":"","overlay-color":"","overlay-opacity":"","overlay-gradient":""}},"footnotes":""},"categories":[15,112,5,1,109,4],"tags":[],"class_list":["post-8559","post","type-post","status-publish","format-standard","has-post-thumbnail","hentry","category-6e","category-escola-verda","category-primaria","category-general","category-hort","category-portada"],"post_mailing_queue_ids":[],"_links":{"self":[{"href":"https:\/\/agora.xtec.cat\/escolasantmarti\/wp-json\/wp\/v2\/posts\/8559","targetHints":{"allow":["GET"]}}],"collection":[{"href":"https:\/\/agora.xtec.cat\/escolasantmarti\/wp-json\/wp\/v2\/posts"}],"about":[{"href":"https:\/\/agora.xtec.cat\/escolasantmarti\/wp-json\/wp\/v2\/types\/post"}],"author":[{"embeddable":true,"href":"https:\/\/agora.xtec.cat\/escolasantmarti\/wp-json\/wp\/v2\/users\/1"}],"replies":[{"embeddable":true,"href":"https:\/\/agora.xtec.cat\/escolasantmarti\/wp-json\/wp\/v2\/comments?post=8559"}],"version-history":[{"count":2,"href":"https:\/\/agora.xtec.cat\/escolasantmarti\/wp-json\/wp\/v2\/posts\/8559\/revisions"}],"predecessor-version":[{"id":8562,"href":"https:\/\/agora.xtec.cat\/escolasantmarti\/wp-json\/wp\/v2\/posts\/8559\/revisions\/8562"}],"wp:featuredmedia":[{"embeddable":true,"href":"https:\/\/agora.xtec.cat\/escolasantmarti\/wp-json\/wp\/v2\/media\/8560"}],"wp:attachment":[{"href":"https:\/\/agora.xtec.cat\/escolasantmarti\/wp-json\/wp\/v2\/media?parent=8559"}],"wp:term":[{"taxonomy":"category","embeddable":true,"href":"https:\/\/agora.xtec.cat\/escolasantmarti\/wp-json\/wp\/v2\/categories?post=8559"},{"taxonomy":"post_tag","embeddable":true,"href":"https:\/\/agora.xtec.cat\/escolasantmarti\/wp-json\/wp\/v2\/tags?post=8559"}],"curies":[{"name":"wp","href":"https:\/\/api.w.org\/{rel}","templated":true}]}}