{"id":8361,"date":"2026-02-13T16:31:16","date_gmt":"2026-02-13T15:31:16","guid":{"rendered":"https:\/\/agora.xtec.cat\/escolasantmarti\/?p=8361"},"modified":"2026-02-17T16:36:32","modified_gmt":"2026-02-17T15:36:32","slug":"gran-rua-de-carnaval-a-sant-marti","status":"publish","type":"post","link":"https:\/\/agora.xtec.cat\/escolasantmarti\/infantil\/gran-rua-de-carnaval-a-sant-marti\/","title":{"rendered":"Gran Rua de Carnaval a Sant Mart\u00ed!"},"content":{"rendered":"<p>Aquest divendres, tot i la mica de pluja, vam omplir els carrers d\u2019alegria, m\u00fasica i molt de color amb la nostra esperada Rua de Carnaval! Aquest any, inspirats en el m\u00f3n del circ, tota l\u2019escola es va transformar en una gran companyia circense.<\/p>\n<p>Els m\u00e9s petits d\u2019Infantil ens van enamorar amb les seves disfresses de mims, plens d\u2019expressivitat i eleg\u00e0ncia. L\u2019alumnat de cicle inicial es va convertir en valents domadors i domadores, preparats per fer grans espectacles.<\/p>\n<p>Els nens i nenes de cicle mitj\u00e0 van sorprendre tothom amb els seus vestits de mags, plens de misteri i fantasia. I els de cicle superior van posar el toc m\u00e9s divertit i espectacular amb les seves disfresses de pallassos i malabaristes, fent somriure a tothom amb la seva energia.<\/p>\n<p>I, com no podia ser d\u2019altra manera, els mestres tamb\u00e9 es van sumar a la festa disfressats de venedors i venedores de crispetes, completant aix\u00ed aquesta gran fam\u00edlia circense!<\/p>\n<p>Va ser una rua fant\u00e0stica, plena de rialles, m\u00fasica i molta il\u00b7lusi\u00f3. Agra\u00efm a totes les fam\u00edlies la seva col\u00b7laboraci\u00f3 en la preparaci\u00f3 de les disfresses i a tota la comunitat educativa per fer possible una rua tan especial.<\/p>\n<p><a href=\"https:\/\/agora.xtec.cat\/escolasantmarti\/infantil\/gran-rua-de-carnaval-a-sant-marti\/attachment\/0a358f7a-9a6b-4b84-9e88-03288c55d2d9\/\" rel=\"attachment wp-att-8362\"><img loading=\"lazy\" decoding=\"async\" src=\"https:\/\/agora.xtec.cat\/escolasantmarti\/wp-content\/uploads\/usu1487\/2026\/02\/0a358f7a-9a6b-4b84-9e88-03288c55d2d9-1024x768.jpg\" alt=\"\" width=\"1024\" height=\"768\" class=\"alignleft size-large wp-image-8362\" srcset=\"https:\/\/agora.xtec.cat\/escolasantmarti\/wp-content\/uploads\/usu1487\/2026\/02\/0a358f7a-9a6b-4b84-9e88-03288c55d2d9-1024x768.jpg 1024w, https:\/\/agora.xtec.cat\/escolasantmarti\/wp-content\/uploads\/usu1487\/2026\/02\/0a358f7a-9a6b-4b84-9e88-03288c55d2d9-300x225.jpg 300w, https:\/\/agora.xtec.cat\/escolasantmarti\/wp-content\/uploads\/usu1487\/2026\/02\/0a358f7a-9a6b-4b84-9e88-03288c55d2d9-768x576.jpg 768w, https:\/\/agora.xtec.cat\/escolasantmarti\/wp-content\/uploads\/usu1487\/2026\/02\/0a358f7a-9a6b-4b84-9e88-03288c55d2d9-1536x1152.jpg 1536w, https:\/\/agora.xtec.cat\/escolasantmarti\/wp-content\/uploads\/usu1487\/2026\/02\/0a358f7a-9a6b-4b84-9e88-03288c55d2d9.jpg 2048w\" sizes=\"auto, (max-width: 1024px) 100vw, 1024px\" \/><\/a><\/p>\n<p><a href=\"https:\/\/agora.xtec.cat\/escolasantmarti\/infantil\/gran-rua-de-carnaval-a-sant-marti\/attachment\/4c1b7293-0aca-4641-802b-84d6a2d879b2\/\" rel=\"attachment wp-att-8363\"><img loading=\"lazy\" decoding=\"async\" src=\"https:\/\/agora.xtec.cat\/escolasantmarti\/wp-content\/uploads\/usu1487\/2026\/02\/4c1b7293-0aca-4641-802b-84d6a2d879b2-1024x768.jpg\" alt=\"\" width=\"1024\" height=\"768\" class=\"alignleft size-large wp-image-8363\" srcset=\"https:\/\/agora.xtec.cat\/escolasantmarti\/wp-content\/uploads\/usu1487\/2026\/02\/4c1b7293-0aca-4641-802b-84d6a2d879b2-1024x768.jpg 1024w, https:\/\/agora.xtec.cat\/escolasantmarti\/wp-content\/uploads\/usu1487\/2026\/02\/4c1b7293-0aca-4641-802b-84d6a2d879b2-300x225.jpg 300w, https:\/\/agora.xtec.cat\/escolasantmarti\/wp-content\/uploads\/usu1487\/2026\/02\/4c1b7293-0aca-4641-802b-84d6a2d879b2-768x576.jpg 768w, https:\/\/agora.xtec.cat\/escolasantmarti\/wp-content\/uploads\/usu1487\/2026\/02\/4c1b7293-0aca-4641-802b-84d6a2d879b2-1536x1152.jpg 1536w, https:\/\/agora.xtec.cat\/escolasantmarti\/wp-content\/uploads\/usu1487\/2026\/02\/4c1b7293-0aca-4641-802b-84d6a2d879b2.jpg 2000w\" sizes=\"auto, (max-width: 1024px) 100vw, 1024px\" \/><\/a><\/p>\n<p><a href=\"https:\/\/agora.xtec.cat\/escolasantmarti\/infantil\/gran-rua-de-carnaval-a-sant-marti\/attachment\/885855a5-0ab9-4eaf-8ae9-c19493d6e7fd\/\" rel=\"attachment wp-att-8364\"><img loading=\"lazy\" decoding=\"async\" src=\"https:\/\/agora.xtec.cat\/escolasantmarti\/wp-content\/uploads\/usu1487\/2026\/02\/885855a5-0ab9-4eaf-8ae9-c19493d6e7fd-1024x768.jpg\" alt=\"\" width=\"1024\" height=\"768\" class=\"alignleft size-large wp-image-8364\" srcset=\"https:\/\/agora.xtec.cat\/escolasantmarti\/wp-content\/uploads\/usu1487\/2026\/02\/885855a5-0ab9-4eaf-8ae9-c19493d6e7fd-1024x768.jpg 1024w, https:\/\/agora.xtec.cat\/escolasantmarti\/wp-content\/uploads\/usu1487\/2026\/02\/885855a5-0ab9-4eaf-8ae9-c19493d6e7fd-300x225.jpg 300w, https:\/\/agora.xtec.cat\/escolasantmarti\/wp-content\/uploads\/usu1487\/2026\/02\/885855a5-0ab9-4eaf-8ae9-c19493d6e7fd-768x576.jpg 768w, https:\/\/agora.xtec.cat\/escolasantmarti\/wp-content\/uploads\/usu1487\/2026\/02\/885855a5-0ab9-4eaf-8ae9-c19493d6e7fd-1536x1152.jpg 1536w, https:\/\/agora.xtec.cat\/escolasantmarti\/wp-content\/uploads\/usu1487\/2026\/02\/885855a5-0ab9-4eaf-8ae9-c19493d6e7fd.jpg 2048w\" sizes=\"auto, (max-width: 1024px) 100vw, 1024px\" \/><\/a><\/p>\n<p><a href=\"https:\/\/agora.xtec.cat\/escolasantmarti\/infantil\/gran-rua-de-carnaval-a-sant-marti\/attachment\/2059350a-c2eb-4721-b470-cf09ab459663\/\" rel=\"attachment wp-att-8365\"><img loading=\"lazy\" decoding=\"async\" src=\"https:\/\/agora.xtec.cat\/escolasantmarti\/wp-content\/uploads\/usu1487\/2026\/02\/2059350a-c2eb-4721-b470-cf09ab459663-768x1024.jpg\" alt=\"\" width=\"768\" height=\"1024\" class=\"alignleft size-large wp-image-8365\" srcset=\"https:\/\/agora.xtec.cat\/escolasantmarti\/wp-content\/uploads\/usu1487\/2026\/02\/2059350a-c2eb-4721-b470-cf09ab459663-768x1024.jpg 768w, https:\/\/agora.xtec.cat\/escolasantmarti\/wp-content\/uploads\/usu1487\/2026\/02\/2059350a-c2eb-4721-b470-cf09ab459663-225x300.jpg 225w, https:\/\/agora.xtec.cat\/escolasantmarti\/wp-content\/uploads\/usu1487\/2026\/02\/2059350a-c2eb-4721-b470-cf09ab459663-1152x1536.jpg 1152w, https:\/\/agora.xtec.cat\/escolasantmarti\/wp-content\/uploads\/usu1487\/2026\/02\/2059350a-c2eb-4721-b470-cf09ab459663.jpg 1500w\" sizes=\"auto, (max-width: 768px) 100vw, 768px\" \/><\/a><\/p>\n<p><a href=\"https:\/\/agora.xtec.cat\/escolasantmarti\/infantil\/gran-rua-de-carnaval-a-sant-marti\/attachment\/b34bf7c5-38fa-4b28-ac21-d7ced1016742\/\" rel=\"attachment wp-att-8366\"><img loading=\"lazy\" decoding=\"async\" src=\"https:\/\/agora.xtec.cat\/escolasantmarti\/wp-content\/uploads\/usu1487\/2026\/02\/b34bf7c5-38fa-4b28-ac21-d7ced1016742-1024x768.jpg\" alt=\"\" width=\"1024\" height=\"768\" class=\"alignleft size-large wp-image-8366\" srcset=\"https:\/\/agora.xtec.cat\/escolasantmarti\/wp-content\/uploads\/usu1487\/2026\/02\/b34bf7c5-38fa-4b28-ac21-d7ced1016742-1024x768.jpg 1024w, https:\/\/agora.xtec.cat\/escolasantmarti\/wp-content\/uploads\/usu1487\/2026\/02\/b34bf7c5-38fa-4b28-ac21-d7ced1016742-300x225.jpg 300w, https:\/\/agora.xtec.cat\/escolasantmarti\/wp-content\/uploads\/usu1487\/2026\/02\/b34bf7c5-38fa-4b28-ac21-d7ced1016742-768x576.jpg 768w, https:\/\/agora.xtec.cat\/escolasantmarti\/wp-content\/uploads\/usu1487\/2026\/02\/b34bf7c5-38fa-4b28-ac21-d7ced1016742-1536x1152.jpg 1536w, https:\/\/agora.xtec.cat\/escolasantmarti\/wp-content\/uploads\/usu1487\/2026\/02\/b34bf7c5-38fa-4b28-ac21-d7ced1016742.jpg 2048w\" sizes=\"auto, (max-width: 1024px) 100vw, 1024px\" \/><\/a><\/p>\n<p><a href=\"https:\/\/agora.xtec.cat\/escolasantmarti\/infantil\/gran-rua-de-carnaval-a-sant-marti\/attachment\/d6a762a9-4a07-4ca9-a3f7-6480cf77629b\/\" rel=\"attachment wp-att-8367\"><img loading=\"lazy\" decoding=\"async\" src=\"https:\/\/agora.xtec.cat\/escolasantmarti\/wp-content\/uploads\/usu1487\/2026\/02\/d6a762a9-4a07-4ca9-a3f7-6480cf77629b-1024x768.jpg\" alt=\"\" width=\"1024\" height=\"768\" class=\"alignleft size-large wp-image-8367\" srcset=\"https:\/\/agora.xtec.cat\/escolasantmarti\/wp-content\/uploads\/usu1487\/2026\/02\/d6a762a9-4a07-4ca9-a3f7-6480cf77629b-1024x768.jpg 1024w, https:\/\/agora.xtec.cat\/escolasantmarti\/wp-content\/uploads\/usu1487\/2026\/02\/d6a762a9-4a07-4ca9-a3f7-6480cf77629b-300x225.jpg 300w, https:\/\/agora.xtec.cat\/escolasantmarti\/wp-content\/uploads\/usu1487\/2026\/02\/d6a762a9-4a07-4ca9-a3f7-6480cf77629b-768x576.jpg 768w, https:\/\/agora.xtec.cat\/escolasantmarti\/wp-content\/uploads\/usu1487\/2026\/02\/d6a762a9-4a07-4ca9-a3f7-6480cf77629b-1536x1152.jpg 1536w, https:\/\/agora.xtec.cat\/escolasantmarti\/wp-content\/uploads\/usu1487\/2026\/02\/d6a762a9-4a07-4ca9-a3f7-6480cf77629b.jpg 2048w\" sizes=\"auto, (max-width: 1024px) 100vw, 1024px\" \/><\/a><\/p>\n<p><a href=\"https:\/\/agora.xtec.cat\/escolasantmarti\/infantil\/gran-rua-de-carnaval-a-sant-marti\/attachment\/d2594429-558f-4772-aa76-c830b464e442\/\" rel=\"attachment wp-att-8368\"><img loading=\"lazy\" decoding=\"async\" src=\"https:\/\/agora.xtec.cat\/escolasantmarti\/wp-content\/uploads\/usu1487\/2026\/02\/d2594429-558f-4772-aa76-c830b464e442-1024x768.jpg\" alt=\"\" width=\"1024\" height=\"768\" class=\"alignleft size-large wp-image-8368\" srcset=\"https:\/\/agora.xtec.cat\/escolasantmarti\/wp-content\/uploads\/usu1487\/2026\/02\/d2594429-558f-4772-aa76-c830b464e442-1024x768.jpg 1024w, https:\/\/agora.xtec.cat\/escolasantmarti\/wp-content\/uploads\/usu1487\/2026\/02\/d2594429-558f-4772-aa76-c830b464e442-300x225.jpg 300w, https:\/\/agora.xtec.cat\/escolasantmarti\/wp-content\/uploads\/usu1487\/2026\/02\/d2594429-558f-4772-aa76-c830b464e442-768x576.jpg 768w, https:\/\/agora.xtec.cat\/escolasantmarti\/wp-content\/uploads\/usu1487\/2026\/02\/d2594429-558f-4772-aa76-c830b464e442-1536x1152.jpg 1536w, https:\/\/agora.xtec.cat\/escolasantmarti\/wp-content\/uploads\/usu1487\/2026\/02\/d2594429-558f-4772-aa76-c830b464e442.jpg 2048w\" sizes=\"auto, (max-width: 1024px) 100vw, 1024px\" \/><\/a><\/p>\n<p><a href=\"https:\/\/agora.xtec.cat\/escolasantmarti\/infantil\/gran-rua-de-carnaval-a-sant-marti\/attachment\/f336ce92-059b-4eb8-b334-367183d9db02\/\" rel=\"attachment wp-att-8369\"><img loading=\"lazy\" decoding=\"async\" src=\"https:\/\/agora.xtec.cat\/escolasantmarti\/wp-content\/uploads\/usu1487\/2026\/02\/f336ce92-059b-4eb8-b334-367183d9db02-1024x768.jpg\" alt=\"\" width=\"1024\" height=\"768\" class=\"alignleft size-large wp-image-8369\" srcset=\"https:\/\/agora.xtec.cat\/escolasantmarti\/wp-content\/uploads\/usu1487\/2026\/02\/f336ce92-059b-4eb8-b334-367183d9db02-1024x768.jpg 1024w, https:\/\/agora.xtec.cat\/escolasantmarti\/wp-content\/uploads\/usu1487\/2026\/02\/f336ce92-059b-4eb8-b334-367183d9db02-300x225.jpg 300w, https:\/\/agora.xtec.cat\/escolasantmarti\/wp-content\/uploads\/usu1487\/2026\/02\/f336ce92-059b-4eb8-b334-367183d9db02-768x576.jpg 768w, https:\/\/agora.xtec.cat\/escolasantmarti\/wp-content\/uploads\/usu1487\/2026\/02\/f336ce92-059b-4eb8-b334-367183d9db02-1536x1152.jpg 1536w, https:\/\/agora.xtec.cat\/escolasantmarti\/wp-content\/uploads\/usu1487\/2026\/02\/f336ce92-059b-4eb8-b334-367183d9db02.jpg 2048w\" sizes=\"auto, (max-width: 1024px) 100vw, 1024px\" \/><\/a>Sens dubte, un Carnaval per recordar!<\/p>\n","protected":false},"excerpt":{"rendered":"<p>Aquest divendres, tot i la mica de pluja, vam omplir els carrers d\u2019alegria, m\u00fasica i molt de color amb la nostra esperada Rua de Carnaval! Aquest any, inspirats en el m\u00f3n del circ, tota l\u2019escola es va transformar en una gran companyia circense. Els m\u00e9s petits d\u2019Infantil ens van enamorar amb les seves disfresses de [&hellip;]<\/p>\n","protected":false},"author":1,"featured_media":8362,"comment_status":"open","ping_status":"open","sticky":false,"template":"","format":"standard","meta":{"_bbp_topic_count":0,"_bbp_reply_count":0,"_bbp_total_topic_count":0,"_bbp_total_reply_count":0,"_bbp_voice_count":0,"_bbp_anonymous_reply_count":0,"_bbp_topic_count_hidden":0,"_bbp_reply_count_hidden":0,"_bbp_forum_subforum_count":0,"site-sidebar-layout":"default","site-content-layout":"","ast-site-content-layout":"default","site-content-style":"default","site-sidebar-style":"default","ast-global-header-display":"","ast-banner-title-visibility":"","ast-main-header-display":"","ast-hfb-above-header-display":"","ast-hfb-below-header-display":"","ast-hfb-mobile-header-display":"","site-post-title":"","ast-breadcrumbs-content":"","ast-featured-img":"","footer-sml-layout":"","theme-transparent-header-meta":"default","adv-header-id-meta":"","stick-header-meta":"","header-above-stick-meta":"","header-main-stick-meta":"","header-below-stick-meta":"","astra-migrate-meta-layouts":"set","ast-page-background-enabled":"default","ast-page-background-meta":{"desktop":{"background-color":"var(--ast-global-color-4)","background-image":"","background-repeat":"repeat","background-position":"center center","background-size":"auto","background-attachment":"scroll","background-type":"","background-media":"","overlay-type":"","overlay-color":"","overlay-opacity":"","overlay-gradient":""},"tablet":{"background-color":"","background-image":"","background-repeat":"repeat","background-position":"center center","background-size":"auto","background-attachment":"scroll","background-type":"","background-media":"","overlay-type":"","overlay-color":"","overlay-opacity":"","overlay-gradient":""},"mobile":{"background-color":"","background-image":"","background-repeat":"repeat","background-position":"center center","background-size":"auto","background-attachment":"scroll","background-type":"","background-media":"","overlay-type":"","overlay-color":"","overlay-opacity":"","overlay-gradient":""}},"ast-content-background-meta":{"desktop":{"background-color":"var(--ast-global-color-5)","background-image":"","background-repeat":"repeat","background-position":"center center","background-size":"auto","background-attachment":"scroll","background-type":"","background-media":"","overlay-type":"","overlay-color":"","overlay-opacity":"","overlay-gradient":""},"tablet":{"background-color":"var(--ast-global-color-5)","background-image":"","background-repeat":"repeat","background-position":"center center","background-size":"auto","background-attachment":"scroll","background-type":"","background-media":"","overlay-type":"","overlay-color":"","overlay-opacity":"","overlay-gradient":""},"mobile":{"background-color":"var(--ast-global-color-5)","background-image":"","background-repeat":"repeat","background-position":"center center","background-size":"auto","background-attachment":"scroll","background-type":"","background-media":"","overlay-type":"","overlay-color":"","overlay-opacity":"","overlay-gradient":""}},"footnotes":""},"categories":[2,5,94,4,114],"tags":[],"class_list":["post-8361","post","type-post","status-publish","format-standard","has-post-thumbnail","hentry","category-infantil","category-primaria","category-festes","category-portada","category-setmana-cultural"],"post_mailing_queue_ids":[],"_links":{"self":[{"href":"https:\/\/agora.xtec.cat\/escolasantmarti\/wp-json\/wp\/v2\/posts\/8361","targetHints":{"allow":["GET"]}}],"collection":[{"href":"https:\/\/agora.xtec.cat\/escolasantmarti\/wp-json\/wp\/v2\/posts"}],"about":[{"href":"https:\/\/agora.xtec.cat\/escolasantmarti\/wp-json\/wp\/v2\/types\/post"}],"author":[{"embeddable":true,"href":"https:\/\/agora.xtec.cat\/escolasantmarti\/wp-json\/wp\/v2\/users\/1"}],"replies":[{"embeddable":true,"href":"https:\/\/agora.xtec.cat\/escolasantmarti\/wp-json\/wp\/v2\/comments?post=8361"}],"version-history":[{"count":2,"href":"https:\/\/agora.xtec.cat\/escolasantmarti\/wp-json\/wp\/v2\/posts\/8361\/revisions"}],"predecessor-version":[{"id":8371,"href":"https:\/\/agora.xtec.cat\/escolasantmarti\/wp-json\/wp\/v2\/posts\/8361\/revisions\/8371"}],"wp:featuredmedia":[{"embeddable":true,"href":"https:\/\/agora.xtec.cat\/escolasantmarti\/wp-json\/wp\/v2\/media\/8362"}],"wp:attachment":[{"href":"https:\/\/agora.xtec.cat\/escolasantmarti\/wp-json\/wp\/v2\/media?parent=8361"}],"wp:term":[{"taxonomy":"category","embeddable":true,"href":"https:\/\/agora.xtec.cat\/escolasantmarti\/wp-json\/wp\/v2\/categories?post=8361"},{"taxonomy":"post_tag","embeddable":true,"href":"https:\/\/agora.xtec.cat\/escolasantmarti\/wp-json\/wp\/v2\/tags?post=8361"}],"curies":[{"name":"wp","href":"https:\/\/api.w.org\/{rel}","templated":true}]}}