{"id":8298,"date":"2026-02-06T10:53:29","date_gmt":"2026-02-06T09:53:29","guid":{"rendered":"https:\/\/agora.xtec.cat\/escolasantmarti\/?p=8298"},"modified":"2026-02-11T10:59:27","modified_gmt":"2026-02-11T09:59:27","slug":"fem-una-practica-al-laboratori","status":"publish","type":"post","link":"https:\/\/agora.xtec.cat\/escolasantmarti\/portada\/fem-una-practica-al-laboratori\/","title":{"rendered":"FEM UNA PR\u00c0CTICA AL LABORATORI"},"content":{"rendered":"<p>Els i les alumnes de sis\u00e8 hem anat al laboratori i hem fet una torre de densitats per entendre el que estem treballant de manera m\u00e9s vivencial. Ens ha agradat experimentar i treballar en equip! \ud83e\uddd1\u200d\ud83d\udd2c\ud83e\uddea<a href=\"https:\/\/agora.xtec.cat\/escolasantmarti\/portada\/fem-una-practica-al-laboratori\/attachment\/692cee3f-30e5-45ab-916f-1178586a8bb3\/\" rel=\"attachment wp-att-8299\"><img loading=\"lazy\" decoding=\"async\" src=\"https:\/\/agora.xtec.cat\/escolasantmarti\/wp-content\/uploads\/usu1487\/2026\/02\/692cee3f-30e5-45ab-916f-1178586a8bb3-768x1024.jpg\" alt=\"\" width=\"768\" height=\"1024\" class=\"alignleft size-large wp-image-8299\" srcset=\"https:\/\/agora.xtec.cat\/escolasantmarti\/wp-content\/uploads\/usu1487\/2026\/02\/692cee3f-30e5-45ab-916f-1178586a8bb3-768x1024.jpg 768w, https:\/\/agora.xtec.cat\/escolasantmarti\/wp-content\/uploads\/usu1487\/2026\/02\/692cee3f-30e5-45ab-916f-1178586a8bb3-225x300.jpg 225w, https:\/\/agora.xtec.cat\/escolasantmarti\/wp-content\/uploads\/usu1487\/2026\/02\/692cee3f-30e5-45ab-916f-1178586a8bb3-1152x1536.jpg 1152w, https:\/\/agora.xtec.cat\/escolasantmarti\/wp-content\/uploads\/usu1487\/2026\/02\/692cee3f-30e5-45ab-916f-1178586a8bb3.jpg 1200w\" sizes=\"auto, (max-width: 768px) 100vw, 768px\" \/><\/a><\/p>\n<p><a href=\"https:\/\/agora.xtec.cat\/escolasantmarti\/portada\/fem-una-practica-al-laboratori\/attachment\/2686c5e4-db09-4d36-99b9-6a6cec462c01\/\" rel=\"attachment wp-att-8300\"><img loading=\"lazy\" decoding=\"async\" src=\"https:\/\/agora.xtec.cat\/escolasantmarti\/wp-content\/uploads\/usu1487\/2026\/02\/2686c5e4-db09-4d36-99b9-6a6cec462c01-768x1024.jpg\" alt=\"\" width=\"768\" height=\"1024\" class=\"alignleft size-large wp-image-8300\" srcset=\"https:\/\/agora.xtec.cat\/escolasantmarti\/wp-content\/uploads\/usu1487\/2026\/02\/2686c5e4-db09-4d36-99b9-6a6cec462c01-768x1024.jpg 768w, https:\/\/agora.xtec.cat\/escolasantmarti\/wp-content\/uploads\/usu1487\/2026\/02\/2686c5e4-db09-4d36-99b9-6a6cec462c01-225x300.jpg 225w, https:\/\/agora.xtec.cat\/escolasantmarti\/wp-content\/uploads\/usu1487\/2026\/02\/2686c5e4-db09-4d36-99b9-6a6cec462c01-1152x1536.jpg 1152w, https:\/\/agora.xtec.cat\/escolasantmarti\/wp-content\/uploads\/usu1487\/2026\/02\/2686c5e4-db09-4d36-99b9-6a6cec462c01.jpg 1200w\" sizes=\"auto, (max-width: 768px) 100vw, 768px\" \/><\/a><\/p>\n<p><a href=\"https:\/\/agora.xtec.cat\/escolasantmarti\/portada\/fem-una-practica-al-laboratori\/attachment\/b69a9d6c-1aca-41b0-b891-4e278dc841f3\/\" rel=\"attachment wp-att-8301\"><img loading=\"lazy\" decoding=\"async\" src=\"https:\/\/agora.xtec.cat\/escolasantmarti\/wp-content\/uploads\/usu1487\/2026\/02\/b69a9d6c-1aca-41b0-b891-4e278dc841f3-768x1024.jpg\" alt=\"\" width=\"768\" height=\"1024\" class=\"alignleft size-large wp-image-8301\" srcset=\"https:\/\/agora.xtec.cat\/escolasantmarti\/wp-content\/uploads\/usu1487\/2026\/02\/b69a9d6c-1aca-41b0-b891-4e278dc841f3-768x1024.jpg 768w, https:\/\/agora.xtec.cat\/escolasantmarti\/wp-content\/uploads\/usu1487\/2026\/02\/b69a9d6c-1aca-41b0-b891-4e278dc841f3-225x300.jpg 225w, https:\/\/agora.xtec.cat\/escolasantmarti\/wp-content\/uploads\/usu1487\/2026\/02\/b69a9d6c-1aca-41b0-b891-4e278dc841f3-1152x1536.jpg 1152w, https:\/\/agora.xtec.cat\/escolasantmarti\/wp-content\/uploads\/usu1487\/2026\/02\/b69a9d6c-1aca-41b0-b891-4e278dc841f3.jpg 1200w\" sizes=\"auto, (max-width: 768px) 100vw, 768px\" \/><\/a><\/p>\n<p><a href=\"https:\/\/agora.xtec.cat\/escolasantmarti\/portada\/fem-una-practica-al-laboratori\/attachment\/whatsapp-image-2026-02-05-at-8-06-19-pm-1\/\" rel=\"attachment wp-att-8302\"><img loading=\"lazy\" decoding=\"async\" src=\"https:\/\/agora.xtec.cat\/escolasantmarti\/wp-content\/uploads\/usu1487\/2026\/02\/WhatsApp-Image-2026-02-05-at-8.06.19-PM-1-768x1024.jpeg\" alt=\"\" width=\"768\" height=\"1024\" class=\"alignleft size-large wp-image-8302\" srcset=\"https:\/\/agora.xtec.cat\/escolasantmarti\/wp-content\/uploads\/usu1487\/2026\/02\/WhatsApp-Image-2026-02-05-at-8.06.19-PM-1-768x1024.jpeg 768w, https:\/\/agora.xtec.cat\/escolasantmarti\/wp-content\/uploads\/usu1487\/2026\/02\/WhatsApp-Image-2026-02-05-at-8.06.19-PM-1-225x300.jpeg 225w, https:\/\/agora.xtec.cat\/escolasantmarti\/wp-content\/uploads\/usu1487\/2026\/02\/WhatsApp-Image-2026-02-05-at-8.06.19-PM-1-1152x1536.jpeg 1152w, https:\/\/agora.xtec.cat\/escolasantmarti\/wp-content\/uploads\/usu1487\/2026\/02\/WhatsApp-Image-2026-02-05-at-8.06.19-PM-1.jpeg 1200w\" sizes=\"auto, (max-width: 768px) 100vw, 768px\" \/><\/a><\/p>\n<p><a href=\"https:\/\/agora.xtec.cat\/escolasantmarti\/portada\/fem-una-practica-al-laboratori\/attachment\/whatsapp-image-2026-02-05-at-8-06-20-pm-1\/\" rel=\"attachment wp-att-8303\"><img loading=\"lazy\" decoding=\"async\" src=\"https:\/\/agora.xtec.cat\/escolasantmarti\/wp-content\/uploads\/usu1487\/2026\/02\/WhatsApp-Image-2026-02-05-at-8.06.20-PM-1-1024x768.jpeg\" alt=\"\" width=\"1024\" height=\"768\" class=\"alignleft size-large wp-image-8303\" srcset=\"https:\/\/agora.xtec.cat\/escolasantmarti\/wp-content\/uploads\/usu1487\/2026\/02\/WhatsApp-Image-2026-02-05-at-8.06.20-PM-1-1024x768.jpeg 1024w, https:\/\/agora.xtec.cat\/escolasantmarti\/wp-content\/uploads\/usu1487\/2026\/02\/WhatsApp-Image-2026-02-05-at-8.06.20-PM-1-300x225.jpeg 300w, https:\/\/agora.xtec.cat\/escolasantmarti\/wp-content\/uploads\/usu1487\/2026\/02\/WhatsApp-Image-2026-02-05-at-8.06.20-PM-1-768x576.jpeg 768w, https:\/\/agora.xtec.cat\/escolasantmarti\/wp-content\/uploads\/usu1487\/2026\/02\/WhatsApp-Image-2026-02-05-at-8.06.20-PM-1-1536x1152.jpeg 1536w, https:\/\/agora.xtec.cat\/escolasantmarti\/wp-content\/uploads\/usu1487\/2026\/02\/WhatsApp-Image-2026-02-05-at-8.06.20-PM-1.jpeg 1600w\" sizes=\"auto, (max-width: 1024px) 100vw, 1024px\" \/><\/a><\/p>\n<p><a href=\"https:\/\/agora.xtec.cat\/escolasantmarti\/portada\/fem-una-practica-al-laboratori\/attachment\/whatsapp-image-2026-02-05-at-8-06-20-pm-2\/\" rel=\"attachment wp-att-8304\"><img loading=\"lazy\" decoding=\"async\" src=\"https:\/\/agora.xtec.cat\/escolasantmarti\/wp-content\/uploads\/usu1487\/2026\/02\/WhatsApp-Image-2026-02-05-at-8.06.20-PM-2-768x1024.jpeg\" alt=\"\" width=\"768\" height=\"1024\" class=\"alignleft size-large wp-image-8304\" srcset=\"https:\/\/agora.xtec.cat\/escolasantmarti\/wp-content\/uploads\/usu1487\/2026\/02\/WhatsApp-Image-2026-02-05-at-8.06.20-PM-2-768x1024.jpeg 768w, https:\/\/agora.xtec.cat\/escolasantmarti\/wp-content\/uploads\/usu1487\/2026\/02\/WhatsApp-Image-2026-02-05-at-8.06.20-PM-2-225x300.jpeg 225w, https:\/\/agora.xtec.cat\/escolasantmarti\/wp-content\/uploads\/usu1487\/2026\/02\/WhatsApp-Image-2026-02-05-at-8.06.20-PM-2-1152x1536.jpeg 1152w, https:\/\/agora.xtec.cat\/escolasantmarti\/wp-content\/uploads\/usu1487\/2026\/02\/WhatsApp-Image-2026-02-05-at-8.06.20-PM-2.jpeg 1200w\" sizes=\"auto, (max-width: 768px) 100vw, 768px\" \/><\/a><\/p>\n<p><a href=\"https:\/\/agora.xtec.cat\/escolasantmarti\/portada\/fem-una-practica-al-laboratori\/attachment\/whatsapp-image-2026-02-05-at-8-06-20-pm\/\" rel=\"attachment wp-att-8305\"><img loading=\"lazy\" decoding=\"async\" src=\"https:\/\/agora.xtec.cat\/escolasantmarti\/wp-content\/uploads\/usu1487\/2026\/02\/WhatsApp-Image-2026-02-05-at-8.06.20-PM-1024x768.jpeg\" alt=\"\" width=\"1024\" height=\"768\" class=\"alignleft size-large wp-image-8305\" srcset=\"https:\/\/agora.xtec.cat\/escolasantmarti\/wp-content\/uploads\/usu1487\/2026\/02\/WhatsApp-Image-2026-02-05-at-8.06.20-PM-1024x768.jpeg 1024w, https:\/\/agora.xtec.cat\/escolasantmarti\/wp-content\/uploads\/usu1487\/2026\/02\/WhatsApp-Image-2026-02-05-at-8.06.20-PM-300x225.jpeg 300w, https:\/\/agora.xtec.cat\/escolasantmarti\/wp-content\/uploads\/usu1487\/2026\/02\/WhatsApp-Image-2026-02-05-at-8.06.20-PM-768x576.jpeg 768w, https:\/\/agora.xtec.cat\/escolasantmarti\/wp-content\/uploads\/usu1487\/2026\/02\/WhatsApp-Image-2026-02-05-at-8.06.20-PM-1536x1152.jpeg 1536w, https:\/\/agora.xtec.cat\/escolasantmarti\/wp-content\/uploads\/usu1487\/2026\/02\/WhatsApp-Image-2026-02-05-at-8.06.20-PM.jpeg 1600w\" sizes=\"auto, (max-width: 1024px) 100vw, 1024px\" \/><\/a><\/p>\n","protected":false},"excerpt":{"rendered":"<p>Els i les alumnes de sis\u00e8 hem anat al laboratori i hem fet una torre de densitats per entendre el que estem treballant de manera m\u00e9s vivencial. Ens ha agradat experimentar i treballar en equip! \ud83e\uddd1\u200d\ud83d\udd2c\ud83e\uddea<\/p>\n","protected":false},"author":1,"featured_media":8304,"comment_status":"open","ping_status":"open","sticky":false,"template":"","format":"standard","meta":{"_bbp_topic_count":0,"_bbp_reply_count":0,"_bbp_total_topic_count":0,"_bbp_total_reply_count":0,"_bbp_voice_count":0,"_bbp_anonymous_reply_count":0,"_bbp_topic_count_hidden":0,"_bbp_reply_count_hidden":0,"_bbp_forum_subforum_count":0,"site-sidebar-layout":"default","site-content-layout":"","ast-site-content-layout":"default","site-content-style":"default","site-sidebar-style":"default","ast-global-header-display":"","ast-banner-title-visibility":"","ast-main-header-display":"","ast-hfb-above-header-display":"","ast-hfb-below-header-display":"","ast-hfb-mobile-header-display":"","site-post-title":"","ast-breadcrumbs-content":"","ast-featured-img":"","footer-sml-layout":"","theme-transparent-header-meta":"default","adv-header-id-meta":"","stick-header-meta":"","header-above-stick-meta":"","header-main-stick-meta":"","header-below-stick-meta":"","astra-migrate-meta-layouts":"set","ast-page-background-enabled":"default","ast-page-background-meta":{"desktop":{"background-color":"var(--ast-global-color-4)","background-image":"","background-repeat":"repeat","background-position":"center center","background-size":"auto","background-attachment":"scroll","background-type":"","background-media":"","overlay-type":"","overlay-color":"","overlay-opacity":"","overlay-gradient":""},"tablet":{"background-color":"","background-image":"","background-repeat":"repeat","background-position":"center center","background-size":"auto","background-attachment":"scroll","background-type":"","background-media":"","overlay-type":"","overlay-color":"","overlay-opacity":"","overlay-gradient":""},"mobile":{"background-color":"","background-image":"","background-repeat":"repeat","background-position":"center center","background-size":"auto","background-attachment":"scroll","background-type":"","background-media":"","overlay-type":"","overlay-color":"","overlay-opacity":"","overlay-gradient":""}},"ast-content-background-meta":{"desktop":{"background-color":"var(--ast-global-color-5)","background-image":"","background-repeat":"repeat","background-position":"center center","background-size":"auto","background-attachment":"scroll","background-type":"","background-media":"","overlay-type":"","overlay-color":"","overlay-opacity":"","overlay-gradient":""},"tablet":{"background-color":"var(--ast-global-color-5)","background-image":"","background-repeat":"repeat","background-position":"center center","background-size":"auto","background-attachment":"scroll","background-type":"","background-media":"","overlay-type":"","overlay-color":"","overlay-opacity":"","overlay-gradient":""},"mobile":{"background-color":"var(--ast-global-color-5)","background-image":"","background-repeat":"repeat","background-position":"center center","background-size":"auto","background-attachment":"scroll","background-type":"","background-media":"","overlay-type":"","overlay-color":"","overlay-opacity":"","overlay-gradient":""}},"footnotes":""},"categories":[15,5,113,4],"tags":[],"class_list":["post-8298","post","type-post","status-publish","format-standard","has-post-thumbnail","hentry","category-6e","category-primaria","category-medi-natural-i-social","category-portada"],"post_mailing_queue_ids":[],"_links":{"self":[{"href":"https:\/\/agora.xtec.cat\/escolasantmarti\/wp-json\/wp\/v2\/posts\/8298","targetHints":{"allow":["GET"]}}],"collection":[{"href":"https:\/\/agora.xtec.cat\/escolasantmarti\/wp-json\/wp\/v2\/posts"}],"about":[{"href":"https:\/\/agora.xtec.cat\/escolasantmarti\/wp-json\/wp\/v2\/types\/post"}],"author":[{"embeddable":true,"href":"https:\/\/agora.xtec.cat\/escolasantmarti\/wp-json\/wp\/v2\/users\/1"}],"replies":[{"embeddable":true,"href":"https:\/\/agora.xtec.cat\/escolasantmarti\/wp-json\/wp\/v2\/comments?post=8298"}],"version-history":[{"count":2,"href":"https:\/\/agora.xtec.cat\/escolasantmarti\/wp-json\/wp\/v2\/posts\/8298\/revisions"}],"predecessor-version":[{"id":8307,"href":"https:\/\/agora.xtec.cat\/escolasantmarti\/wp-json\/wp\/v2\/posts\/8298\/revisions\/8307"}],"wp:featuredmedia":[{"embeddable":true,"href":"https:\/\/agora.xtec.cat\/escolasantmarti\/wp-json\/wp\/v2\/media\/8304"}],"wp:attachment":[{"href":"https:\/\/agora.xtec.cat\/escolasantmarti\/wp-json\/wp\/v2\/media?parent=8298"}],"wp:term":[{"taxonomy":"category","embeddable":true,"href":"https:\/\/agora.xtec.cat\/escolasantmarti\/wp-json\/wp\/v2\/categories?post=8298"},{"taxonomy":"post_tag","embeddable":true,"href":"https:\/\/agora.xtec.cat\/escolasantmarti\/wp-json\/wp\/v2\/tags?post=8298"}],"curies":[{"name":"wp","href":"https:\/\/api.w.org\/{rel}","templated":true}]}}