{"id":8257,"date":"2026-01-26T10:33:39","date_gmt":"2026-01-26T09:33:39","guid":{"rendered":"https:\/\/agora.xtec.cat\/escolasantmarti\/?p=8257"},"modified":"2026-02-11T10:41:52","modified_gmt":"2026-02-11T09:41:52","slug":"taller-de-coeducacio-i-igualtat-de-genere","status":"publish","type":"post","link":"https:\/\/agora.xtec.cat\/escolasantmarti\/portada\/taller-de-coeducacio-i-igualtat-de-genere\/","title":{"rendered":"TALLER DE COEDUCACI\u00d3 I IGUALTAT DE G\u00c8NERE"},"content":{"rendered":"<p><a href=\"https:\/\/agora.xtec.cat\/escolasantmarti\/portada\/taller-de-coeducacio-i-igualtat-de-genere\/attachment\/whatsapp-image-2026-01-26-at-6-04-19-pm-1\/\" rel=\"attachment wp-att-8265\"><img loading=\"lazy\" decoding=\"async\" class=\"alignleft size-large wp-image-8265\" src=\"https:\/\/agora.xtec.cat\/escolasantmarti\/wp-content\/uploads\/usu1487\/2026\/01\/WhatsApp-Image-2026-01-26-at-6.04.19-PM-1-1024x401.jpeg\" alt=\"\" width=\"1024\" height=\"401\" srcset=\"https:\/\/agora.xtec.cat\/escolasantmarti\/wp-content\/uploads\/usu1487\/2026\/01\/WhatsApp-Image-2026-01-26-at-6.04.19-PM-1-1024x401.jpeg 1024w, https:\/\/agora.xtec.cat\/escolasantmarti\/wp-content\/uploads\/usu1487\/2026\/01\/WhatsApp-Image-2026-01-26-at-6.04.19-PM-1-300x118.jpeg 300w, https:\/\/agora.xtec.cat\/escolasantmarti\/wp-content\/uploads\/usu1487\/2026\/01\/WhatsApp-Image-2026-01-26-at-6.04.19-PM-1-768x301.jpeg 768w, https:\/\/agora.xtec.cat\/escolasantmarti\/wp-content\/uploads\/usu1487\/2026\/01\/WhatsApp-Image-2026-01-26-at-6.04.19-PM-1-1536x602.jpeg 1536w, https:\/\/agora.xtec.cat\/escolasantmarti\/wp-content\/uploads\/usu1487\/2026\/01\/WhatsApp-Image-2026-01-26-at-6.04.19-PM-1.jpeg 1600w\" sizes=\"auto, (max-width: 1024px) 100vw, 1024px\" \/><\/a> <a href=\"https:\/\/agora.xtec.cat\/escolasantmarti\/portada\/taller-de-coeducacio-i-igualtat-de-genere\/attachment\/whatsapp-image-2026-01-26-at-6-04-19-pm-2\/\" rel=\"attachment wp-att-8266\"><img loading=\"lazy\" decoding=\"async\" class=\"alignleft size-large wp-image-8266\" src=\"https:\/\/agora.xtec.cat\/escolasantmarti\/wp-content\/uploads\/usu1487\/2026\/01\/WhatsApp-Image-2026-01-26-at-6.04.19-PM-2-1024x462.jpeg\" alt=\"\" width=\"1024\" height=\"462\" srcset=\"https:\/\/agora.xtec.cat\/escolasantmarti\/wp-content\/uploads\/usu1487\/2026\/01\/WhatsApp-Image-2026-01-26-at-6.04.19-PM-2-1024x462.jpeg 1024w, https:\/\/agora.xtec.cat\/escolasantmarti\/wp-content\/uploads\/usu1487\/2026\/01\/WhatsApp-Image-2026-01-26-at-6.04.19-PM-2-300x135.jpeg 300w, https:\/\/agora.xtec.cat\/escolasantmarti\/wp-content\/uploads\/usu1487\/2026\/01\/WhatsApp-Image-2026-01-26-at-6.04.19-PM-2-768x347.jpeg 768w, https:\/\/agora.xtec.cat\/escolasantmarti\/wp-content\/uploads\/usu1487\/2026\/01\/WhatsApp-Image-2026-01-26-at-6.04.19-PM-2-1536x694.jpeg 1536w, https:\/\/agora.xtec.cat\/escolasantmarti\/wp-content\/uploads\/usu1487\/2026\/01\/WhatsApp-Image-2026-01-26-at-6.04.19-PM-2.jpeg 1599w\" sizes=\"auto, (max-width: 1024px) 100vw, 1024px\" \/><\/a> <a href=\"https:\/\/agora.xtec.cat\/escolasantmarti\/portada\/taller-de-coeducacio-i-igualtat-de-genere\/attachment\/whatsapp-image-2026-01-26-at-6-04-19-pm-3\/\" rel=\"attachment wp-att-8267\"><img loading=\"lazy\" decoding=\"async\" class=\"alignleft size-large wp-image-8267\" src=\"https:\/\/agora.xtec.cat\/escolasantmarti\/wp-content\/uploads\/usu1487\/2026\/01\/WhatsApp-Image-2026-01-26-at-6.04.19-PM-3-1024x462.jpeg\" alt=\"\" width=\"1024\" height=\"462\" srcset=\"https:\/\/agora.xtec.cat\/escolasantmarti\/wp-content\/uploads\/usu1487\/2026\/01\/WhatsApp-Image-2026-01-26-at-6.04.19-PM-3-1024x462.jpeg 1024w, https:\/\/agora.xtec.cat\/escolasantmarti\/wp-content\/uploads\/usu1487\/2026\/01\/WhatsApp-Image-2026-01-26-at-6.04.19-PM-3-300x135.jpeg 300w, https:\/\/agora.xtec.cat\/escolasantmarti\/wp-content\/uploads\/usu1487\/2026\/01\/WhatsApp-Image-2026-01-26-at-6.04.19-PM-3-768x347.jpeg 768w, https:\/\/agora.xtec.cat\/escolasantmarti\/wp-content\/uploads\/usu1487\/2026\/01\/WhatsApp-Image-2026-01-26-at-6.04.19-PM-3-1536x694.jpeg 1536w, https:\/\/agora.xtec.cat\/escolasantmarti\/wp-content\/uploads\/usu1487\/2026\/01\/WhatsApp-Image-2026-01-26-at-6.04.19-PM-3.jpeg 1599w\" sizes=\"auto, (max-width: 1024px) 100vw, 1024px\" \/><\/a> <a href=\"https:\/\/agora.xtec.cat\/escolasantmarti\/portada\/taller-de-coeducacio-i-igualtat-de-genere\/attachment\/whatsapp-image-2026-01-26-at-6-04-19-pm-4\/\" rel=\"attachment wp-att-8268\"><img loading=\"lazy\" decoding=\"async\" class=\"alignleft size-large wp-image-8268\" src=\"https:\/\/agora.xtec.cat\/escolasantmarti\/wp-content\/uploads\/usu1487\/2026\/01\/WhatsApp-Image-2026-01-26-at-6.04.19-PM-4-1024x462.jpeg\" alt=\"\" width=\"1024\" height=\"462\" srcset=\"https:\/\/agora.xtec.cat\/escolasantmarti\/wp-content\/uploads\/usu1487\/2026\/01\/WhatsApp-Image-2026-01-26-at-6.04.19-PM-4-1024x462.jpeg 1024w, https:\/\/agora.xtec.cat\/escolasantmarti\/wp-content\/uploads\/usu1487\/2026\/01\/WhatsApp-Image-2026-01-26-at-6.04.19-PM-4-300x135.jpeg 300w, https:\/\/agora.xtec.cat\/escolasantmarti\/wp-content\/uploads\/usu1487\/2026\/01\/WhatsApp-Image-2026-01-26-at-6.04.19-PM-4-768x347.jpeg 768w, https:\/\/agora.xtec.cat\/escolasantmarti\/wp-content\/uploads\/usu1487\/2026\/01\/WhatsApp-Image-2026-01-26-at-6.04.19-PM-4-1536x694.jpeg 1536w, https:\/\/agora.xtec.cat\/escolasantmarti\/wp-content\/uploads\/usu1487\/2026\/01\/WhatsApp-Image-2026-01-26-at-6.04.19-PM-4.jpeg 1599w\" sizes=\"auto, (max-width: 1024px) 100vw, 1024px\" \/><\/a> <a href=\"https:\/\/agora.xtec.cat\/escolasantmarti\/portada\/taller-de-coeducacio-i-igualtat-de-genere\/attachment\/whatsapp-image-2026-01-26-at-6-04-20-pm\/\" rel=\"attachment wp-att-8269\"><img loading=\"lazy\" decoding=\"async\" class=\"alignleft size-large wp-image-8269\" src=\"https:\/\/agora.xtec.cat\/escolasantmarti\/wp-content\/uploads\/usu1487\/2026\/01\/WhatsApp-Image-2026-01-26-at-6.04.20-PM-1024x462.jpeg\" alt=\"\" width=\"1024\" height=\"462\" srcset=\"https:\/\/agora.xtec.cat\/escolasantmarti\/wp-content\/uploads\/usu1487\/2026\/01\/WhatsApp-Image-2026-01-26-at-6.04.20-PM-1024x462.jpeg 1024w, https:\/\/agora.xtec.cat\/escolasantmarti\/wp-content\/uploads\/usu1487\/2026\/01\/WhatsApp-Image-2026-01-26-at-6.04.20-PM-300x135.jpeg 300w, https:\/\/agora.xtec.cat\/escolasantmarti\/wp-content\/uploads\/usu1487\/2026\/01\/WhatsApp-Image-2026-01-26-at-6.04.20-PM-768x347.jpeg 768w, https:\/\/agora.xtec.cat\/escolasantmarti\/wp-content\/uploads\/usu1487\/2026\/01\/WhatsApp-Image-2026-01-26-at-6.04.20-PM-1536x694.jpeg 1536w, https:\/\/agora.xtec.cat\/escolasantmarti\/wp-content\/uploads\/usu1487\/2026\/01\/WhatsApp-Image-2026-01-26-at-6.04.20-PM.jpeg 1599w\" sizes=\"auto, (max-width: 1024px) 100vw, 1024px\" \/><\/a>L&#8217;alumnat de cinqu\u00e8 ha participat en un taller de coeducaci\u00f3 i igualtat de g\u00e8nere, on s&#8217;ha reflexionat sobre la identitat de g\u00e8nere, la diversitat i la import\u00e0ncia del respecte cap a totes les persones. Ha estat una activitat molt enriquidora que han gaudit molt i que ha fomentat l&#8217;empatia i la conviv\u00e8ncia.<a href=\"https:\/\/agora.xtec.cat\/escolasantmarti\/portada\/taller-de-coeducacio-i-igualtat-de-genere\/attachment\/whatsapp-image-2026-01-26-at-6-04-18-pm-1\/\" rel=\"attachment wp-att-8258\"><img loading=\"lazy\" decoding=\"async\" class=\"alignleft size-large wp-image-8258\" src=\"https:\/\/agora.xtec.cat\/escolasantmarti\/wp-content\/uploads\/usu1487\/2026\/02\/WhatsApp-Image-2026-01-26-at-6.04.18-PM-1-768x1024.jpeg\" alt=\"\" width=\"768\" height=\"1024\" srcset=\"https:\/\/agora.xtec.cat\/escolasantmarti\/wp-content\/uploads\/usu1487\/2026\/02\/WhatsApp-Image-2026-01-26-at-6.04.18-PM-1-768x1024.jpeg 768w, https:\/\/agora.xtec.cat\/escolasantmarti\/wp-content\/uploads\/usu1487\/2026\/02\/WhatsApp-Image-2026-01-26-at-6.04.18-PM-1-225x300.jpeg 225w, https:\/\/agora.xtec.cat\/escolasantmarti\/wp-content\/uploads\/usu1487\/2026\/02\/WhatsApp-Image-2026-01-26-at-6.04.18-PM-1-1152x1536.jpeg 1152w, https:\/\/agora.xtec.cat\/escolasantmarti\/wp-content\/uploads\/usu1487\/2026\/02\/WhatsApp-Image-2026-01-26-at-6.04.18-PM-1.jpeg 1200w\" sizes=\"auto, (max-width: 768px) 100vw, 768px\" \/><\/a> <a href=\"https:\/\/agora.xtec.cat\/escolasantmarti\/portada\/taller-de-coeducacio-i-igualtat-de-genere\/attachment\/whatsapp-image-2026-01-26-at-6-04-18-pm-2\/\" rel=\"attachment wp-att-8259\"><img loading=\"lazy\" decoding=\"async\" class=\"alignleft size-large wp-image-8259\" src=\"https:\/\/agora.xtec.cat\/escolasantmarti\/wp-content\/uploads\/usu1487\/2026\/02\/WhatsApp-Image-2026-01-26-at-6.04.18-PM-2-768x1024.jpeg\" alt=\"\" width=\"768\" height=\"1024\" srcset=\"https:\/\/agora.xtec.cat\/escolasantmarti\/wp-content\/uploads\/usu1487\/2026\/02\/WhatsApp-Image-2026-01-26-at-6.04.18-PM-2-768x1024.jpeg 768w, https:\/\/agora.xtec.cat\/escolasantmarti\/wp-content\/uploads\/usu1487\/2026\/02\/WhatsApp-Image-2026-01-26-at-6.04.18-PM-2-225x300.jpeg 225w, https:\/\/agora.xtec.cat\/escolasantmarti\/wp-content\/uploads\/usu1487\/2026\/02\/WhatsApp-Image-2026-01-26-at-6.04.18-PM-2-1152x1536.jpeg 1152w, https:\/\/agora.xtec.cat\/escolasantmarti\/wp-content\/uploads\/usu1487\/2026\/02\/WhatsApp-Image-2026-01-26-at-6.04.18-PM-2.jpeg 1200w\" sizes=\"auto, (max-width: 768px) 100vw, 768px\" \/><\/a> <a href=\"https:\/\/agora.xtec.cat\/escolasantmarti\/portada\/taller-de-coeducacio-i-igualtat-de-genere\/attachment\/whatsapp-image-2026-01-26-at-6-04-18-pm-3\/\" rel=\"attachment wp-att-8260\"><img loading=\"lazy\" decoding=\"async\" class=\"alignleft size-large wp-image-8260\" src=\"https:\/\/agora.xtec.cat\/escolasantmarti\/wp-content\/uploads\/usu1487\/2026\/02\/WhatsApp-Image-2026-01-26-at-6.04.18-PM-3-768x1024.jpeg\" alt=\"\" width=\"768\" height=\"1024\" srcset=\"https:\/\/agora.xtec.cat\/escolasantmarti\/wp-content\/uploads\/usu1487\/2026\/02\/WhatsApp-Image-2026-01-26-at-6.04.18-PM-3-768x1024.jpeg 768w, https:\/\/agora.xtec.cat\/escolasantmarti\/wp-content\/uploads\/usu1487\/2026\/02\/WhatsApp-Image-2026-01-26-at-6.04.18-PM-3-225x300.jpeg 225w, https:\/\/agora.xtec.cat\/escolasantmarti\/wp-content\/uploads\/usu1487\/2026\/02\/WhatsApp-Image-2026-01-26-at-6.04.18-PM-3-1152x1536.jpeg 1152w, https:\/\/agora.xtec.cat\/escolasantmarti\/wp-content\/uploads\/usu1487\/2026\/02\/WhatsApp-Image-2026-01-26-at-6.04.18-PM-3.jpeg 1200w\" sizes=\"auto, (max-width: 768px) 100vw, 768px\" \/><\/a> <a href=\"https:\/\/agora.xtec.cat\/escolasantmarti\/portada\/taller-de-coeducacio-i-igualtat-de-genere\/attachment\/whatsapp-image-2026-01-26-at-6-04-18-pm\/\" rel=\"attachment wp-att-8261\"><img loading=\"lazy\" decoding=\"async\" class=\"alignleft size-large wp-image-8261\" src=\"https:\/\/agora.xtec.cat\/escolasantmarti\/wp-content\/uploads\/usu1487\/2026\/02\/WhatsApp-Image-2026-01-26-at-6.04.18-PM-768x1024.jpeg\" alt=\"\" width=\"768\" height=\"1024\" srcset=\"https:\/\/agora.xtec.cat\/escolasantmarti\/wp-content\/uploads\/usu1487\/2026\/02\/WhatsApp-Image-2026-01-26-at-6.04.18-PM-768x1024.jpeg 768w, https:\/\/agora.xtec.cat\/escolasantmarti\/wp-content\/uploads\/usu1487\/2026\/02\/WhatsApp-Image-2026-01-26-at-6.04.18-PM-225x300.jpeg 225w, https:\/\/agora.xtec.cat\/escolasantmarti\/wp-content\/uploads\/usu1487\/2026\/02\/WhatsApp-Image-2026-01-26-at-6.04.18-PM-1152x1536.jpeg 1152w, https:\/\/agora.xtec.cat\/escolasantmarti\/wp-content\/uploads\/usu1487\/2026\/02\/WhatsApp-Image-2026-01-26-at-6.04.18-PM.jpeg 1200w\" sizes=\"auto, (max-width: 768px) 100vw, 768px\" \/><\/a> <a href=\"https:\/\/agora.xtec.cat\/escolasantmarti\/portada\/taller-de-coeducacio-i-igualtat-de-genere\/attachment\/whatsapp-image-2026-01-26-at-6-04-19-pm\/\" rel=\"attachment wp-att-8262\"><img loading=\"lazy\" decoding=\"async\" class=\"alignleft size-large wp-image-8262\" src=\"https:\/\/agora.xtec.cat\/escolasantmarti\/wp-content\/uploads\/usu1487\/2026\/02\/WhatsApp-Image-2026-01-26-at-6.04.19-PM-1024x768.jpeg\" alt=\"\" width=\"1024\" height=\"768\" srcset=\"https:\/\/agora.xtec.cat\/escolasantmarti\/wp-content\/uploads\/usu1487\/2026\/02\/WhatsApp-Image-2026-01-26-at-6.04.19-PM-1024x768.jpeg 1024w, https:\/\/agora.xtec.cat\/escolasantmarti\/wp-content\/uploads\/usu1487\/2026\/02\/WhatsApp-Image-2026-01-26-at-6.04.19-PM-300x225.jpeg 300w, https:\/\/agora.xtec.cat\/escolasantmarti\/wp-content\/uploads\/usu1487\/2026\/02\/WhatsApp-Image-2026-01-26-at-6.04.19-PM-768x576.jpeg 768w, https:\/\/agora.xtec.cat\/escolasantmarti\/wp-content\/uploads\/usu1487\/2026\/02\/WhatsApp-Image-2026-01-26-at-6.04.19-PM-1536x1152.jpeg 1536w, https:\/\/agora.xtec.cat\/escolasantmarti\/wp-content\/uploads\/usu1487\/2026\/02\/WhatsApp-Image-2026-01-26-at-6.04.19-PM.jpeg 1600w\" sizes=\"auto, (max-width: 1024px) 100vw, 1024px\" \/><\/a><\/p>\n","protected":false},"excerpt":{"rendered":"<p>L&#8217;alumnat de cinqu\u00e8 ha participat en un taller de coeducaci\u00f3 i igualtat de g\u00e8nere, on s&#8217;ha reflexionat sobre la identitat de g\u00e8nere, la diversitat i la import\u00e0ncia del respecte cap a totes les persones. Ha estat una activitat molt enriquidora que han gaudit molt i que ha fomentat l&#8217;empatia i la conviv\u00e8ncia.<\/p>\n","protected":false},"author":1,"featured_media":8265,"comment_status":"open","ping_status":"open","sticky":false,"template":"","format":"standard","meta":{"_bbp_topic_count":0,"_bbp_reply_count":0,"_bbp_total_topic_count":0,"_bbp_total_reply_count":0,"_bbp_voice_count":0,"_bbp_anonymous_reply_count":0,"_bbp_topic_count_hidden":0,"_bbp_reply_count_hidden":0,"_bbp_forum_subforum_count":0,"site-sidebar-layout":"default","site-content-layout":"","ast-site-content-layout":"default","site-content-style":"default","site-sidebar-style":"default","ast-global-header-display":"","ast-banner-title-visibility":"","ast-main-header-display":"","ast-hfb-above-header-display":"","ast-hfb-below-header-display":"","ast-hfb-mobile-header-display":"","site-post-title":"","ast-breadcrumbs-content":"","ast-featured-img":"","footer-sml-layout":"","theme-transparent-header-meta":"default","adv-header-id-meta":"","stick-header-meta":"","header-above-stick-meta":"","header-main-stick-meta":"","header-below-stick-meta":"","astra-migrate-meta-layouts":"set","ast-page-background-enabled":"default","ast-page-background-meta":{"desktop":{"background-color":"var(--ast-global-color-4)","background-image":"","background-repeat":"repeat","background-position":"center center","background-size":"auto","background-attachment":"scroll","background-type":"","background-media":"","overlay-type":"","overlay-color":"","overlay-opacity":"","overlay-gradient":""},"tablet":{"background-color":"","background-image":"","background-repeat":"repeat","background-position":"center center","background-size":"auto","background-attachment":"scroll","background-type":"","background-media":"","overlay-type":"","overlay-color":"","overlay-opacity":"","overlay-gradient":""},"mobile":{"background-color":"","background-image":"","background-repeat":"repeat","background-position":"center center","background-size":"auto","background-attachment":"scroll","background-type":"","background-media":"","overlay-type":"","overlay-color":"","overlay-opacity":"","overlay-gradient":""}},"ast-content-background-meta":{"desktop":{"background-color":"var(--ast-global-color-5)","background-image":"","background-repeat":"repeat","background-position":"center center","background-size":"auto","background-attachment":"scroll","background-type":"","background-media":"","overlay-type":"","overlay-color":"","overlay-opacity":"","overlay-gradient":""},"tablet":{"background-color":"var(--ast-global-color-5)","background-image":"","background-repeat":"repeat","background-position":"center center","background-size":"auto","background-attachment":"scroll","background-type":"","background-media":"","overlay-type":"","overlay-color":"","overlay-opacity":"","overlay-gradient":""},"mobile":{"background-color":"var(--ast-global-color-5)","background-image":"","background-repeat":"repeat","background-position":"center center","background-size":"auto","background-attachment":"scroll","background-type":"","background-media":"","overlay-type":"","overlay-color":"","overlay-opacity":"","overlay-gradient":""}},"footnotes":""},"categories":[14,15,5,98,4],"tags":[],"class_list":["post-8257","post","type-post","status-publish","format-standard","has-post-thumbnail","hentry","category-5e","category-6e","category-primaria","category-perspectiva-de-genere-i-coeducacio","category-portada"],"post_mailing_queue_ids":[],"_links":{"self":[{"href":"https:\/\/agora.xtec.cat\/escolasantmarti\/wp-json\/wp\/v2\/posts\/8257","targetHints":{"allow":["GET"]}}],"collection":[{"href":"https:\/\/agora.xtec.cat\/escolasantmarti\/wp-json\/wp\/v2\/posts"}],"about":[{"href":"https:\/\/agora.xtec.cat\/escolasantmarti\/wp-json\/wp\/v2\/types\/post"}],"author":[{"embeddable":true,"href":"https:\/\/agora.xtec.cat\/escolasantmarti\/wp-json\/wp\/v2\/users\/1"}],"replies":[{"embeddable":true,"href":"https:\/\/agora.xtec.cat\/escolasantmarti\/wp-json\/wp\/v2\/comments?post=8257"}],"version-history":[{"count":3,"href":"https:\/\/agora.xtec.cat\/escolasantmarti\/wp-json\/wp\/v2\/posts\/8257\/revisions"}],"predecessor-version":[{"id":8270,"href":"https:\/\/agora.xtec.cat\/escolasantmarti\/wp-json\/wp\/v2\/posts\/8257\/revisions\/8270"}],"wp:featuredmedia":[{"embeddable":true,"href":"https:\/\/agora.xtec.cat\/escolasantmarti\/wp-json\/wp\/v2\/media\/8265"}],"wp:attachment":[{"href":"https:\/\/agora.xtec.cat\/escolasantmarti\/wp-json\/wp\/v2\/media?parent=8257"}],"wp:term":[{"taxonomy":"category","embeddable":true,"href":"https:\/\/agora.xtec.cat\/escolasantmarti\/wp-json\/wp\/v2\/categories?post=8257"},{"taxonomy":"post_tag","embeddable":true,"href":"https:\/\/agora.xtec.cat\/escolasantmarti\/wp-json\/wp\/v2\/tags?post=8257"}],"curies":[{"name":"wp","href":"https:\/\/api.w.org\/{rel}","templated":true}]}}