{"id":7625,"date":"2025-04-24T15:53:00","date_gmt":"2025-04-24T13:53:00","guid":{"rendered":"https:\/\/agora.xtec.cat\/escolasantmarti\/?p=7625"},"modified":"2025-04-25T16:10:12","modified_gmt":"2025-04-25T14:10:12","slug":"jocs-florals-de-lescola","status":"publish","type":"post","link":"https:\/\/agora.xtec.cat\/escolasantmarti\/general\/jocs-florals-de-lescola\/","title":{"rendered":"JOCS FLORALS DE L&#8217;ESCOLA"},"content":{"rendered":"<p>El passat dimecres 23 d&#8217;abril vam celebrar la diada de Sant Jordi.  A la nostra escola com cada any vam celebrar els Jocs Florals i aquests s\u00f3n els premiats en prosa poesia i cartells de Sant Jordi.<br \/>\n<a href=\"https:\/\/agora.xtec.cat\/escolasantmarti\/general\/jocs-florals-de-lescola\/attachment\/img_20250423_095448\/\" rel=\"attachment wp-att-7635\"><img loading=\"lazy\" decoding=\"async\" src=\"https:\/\/agora.xtec.cat\/escolasantmarti\/wp-content\/uploads\/usu1487\/2025\/04\/IMG_20250423_095448-1024x495.jpg\" alt=\"\" width=\"1024\" height=\"495\" class=\"alignleft size-large wp-image-7635\" srcset=\"https:\/\/agora.xtec.cat\/escolasantmarti\/wp-content\/uploads\/usu1487\/2025\/04\/IMG_20250423_095448-1024x495.jpg 1024w, https:\/\/agora.xtec.cat\/escolasantmarti\/wp-content\/uploads\/usu1487\/2025\/04\/IMG_20250423_095448-300x145.jpg 300w, https:\/\/agora.xtec.cat\/escolasantmarti\/wp-content\/uploads\/usu1487\/2025\/04\/IMG_20250423_095448-768x371.jpg 768w, https:\/\/agora.xtec.cat\/escolasantmarti\/wp-content\/uploads\/usu1487\/2025\/04\/IMG_20250423_095448-1536x742.jpg 1536w, https:\/\/agora.xtec.cat\/escolasantmarti\/wp-content\/uploads\/usu1487\/2025\/04\/IMG_20250423_095448-2048x990.jpg 2048w\" sizes=\"auto, (max-width: 1024px) 100vw, 1024px\" \/><\/a><br \/>\n6a CATEGORIA  &#8212; PROSA<br \/>\n1r B  El drac que tenia molta gana<br \/>\n1r A La rosa i la guineu<\/p>\n<p>5a CATEGORIA &#8212; PROSA<br \/>\n1r. L\u2019Ona i l\u2019al\u2022l\u00e8rgia a les flors de Vinyet Roura<br \/>\n2n. Les tres germanes de Jana Juan<br \/>\n3r. L\u2019estel i la m\u00e0gia de Marta Mor\u00f3n<\/p>\n<p>4a CATEGORIA   &#8212;   PROSA<br \/>\n1.- L\u2019Akamaru i l\u2019\u00f3s de Pere Mu\u00f1oz<br \/>\n2n.-En Max i la selva m\u00e0gica de Marc L\u00f3pez<br \/>\n3r.- L\u2019Aleix i l\u2019\u00c0lex de Paola Melchor<\/p>\n<p>4a CATEGORIA   &#8212;   POESIA<br \/>\n1.- Quan s\u2019enfaden amb mi de Gerard Torras<br \/>\n2n.- L\u2019hoquei de Marc Valls<br \/>\n3r. La selva de Jana Mas<\/p>\n<p>3a CATEGORIA   &#8212;   PROSA<br \/>\n1r.- La gran idea d\u2019en Joan de Luc\u00eda Antelo<br \/>\n2n.- Les millors vacances de Catalina Bengochea<br \/>\n3r.- El bosc i la muntanya de Dami\u00e0 Ahrweiller<\/p>\n<p>3a CATEGORIA   &#8212;   POESIA<br \/>\n1.- La bicicleta de Guillem Junc\u00e0<br \/>\n2n.- El carnaval d\u2019Alba Jim\u00e9nez<br \/>\n3r.- El tractor d\u2019\u00c8ric Garcia<\/p>\n<p>2a CATEGORIA   &#8212;   PROSA<br \/>\n1r.- Els bessons Menta de J\u00falia Verg\u00e9s<br \/>\n2n.- Qui s\u00f3c jo? de Joana Roca<br \/>\n3r.- El nen viatger de Luca Ciuraneta<\/p>\n<p>2a CATEGORIA   &#8212;   POESIA<br \/>\n1r.- Els somnis de Lluna Gallar\u00edn<br \/>\n2n.- La imaginaci\u00f3 de Roc Mussoll<br \/>\n3r.- S\u2019obre el tel\u00f3 d\u2019Amina Doumi<\/p>\n<p>1a CATEGORIA   &#8212;   PROSA<br \/>\n1r.- La senyoreta amargadeta d\u2019Ariadna Carr\u00e9s<br \/>\n2n. La Yara contra el racisme de Lali Daumal<br \/>\n3r. No a la guerra! de Magal\u00ed Nadal<\/p>\n<p>1a CATEGORIA   &#8212;   POESIA<br \/>\n1r.- El gol d\u2019en Lewandoswski de David Morales<br \/>\n2n.- El poble d\u2019Arenys de Munt d\u2019Aina Serrat<br \/>\n3r.- Ad\u00e9u, sis\u00e8! de Llop Herrero<\/p>\n<p>CARTELLS GUANYADORS CONCURS SANT JORDI 2025<\/p>\n<p>CICLE INICIAL<br \/>\n1r.- Pau Mussoll<br \/>\n2n.- Vinyet Roura<br \/>\n3r.- Roc Any\u00f3<br \/>\nCICLE MITJ\u00c0<br \/>\n1r.-Cec\u00edlia Acero I Luc\u00eda Antelo (Per error a la revista de l&#8217;escola diu que els cartell \u00e9s nom\u00e9s de Cec\u00edla, falta posar el nom de la Luc\u00eda).<br \/>\n2n.- Cl\u00e0udia Marpons, Vinyet Bosch i Alba Jim\u00e9nez<br \/>\n3r.- Judit Comas<br \/>\nCICLE SUPERIOR<br \/>\n1r.- Ivet Casanovas i Valentina Acero<br \/>\n2n.- Maria Nalda i Sara Nalda<br \/>\n3r.- Joana Roca, Oda Montilla i Aina Mart\u00ed<br \/>\n<a href=\"https:\/\/agora.xtec.cat\/escolasantmarti\/general\/jocs-florals-de-lescola\/attachment\/cs-3r-joana-roca-oda-montilla-i-aina-marti\/\" rel=\"attachment wp-att-7634\"><img loading=\"lazy\" decoding=\"async\" src=\"https:\/\/agora.xtec.cat\/escolasantmarti\/wp-content\/uploads\/usu1487\/2025\/04\/CS-3R-JOANA-ROCA-ODA-MONTILLA-I-AINA-MARTI-1024x782.jpg\" alt=\"\" width=\"1024\" height=\"782\" class=\"alignleft size-large wp-image-7634\" srcset=\"https:\/\/agora.xtec.cat\/escolasantmarti\/wp-content\/uploads\/usu1487\/2025\/04\/CS-3R-JOANA-ROCA-ODA-MONTILLA-I-AINA-MARTI-1024x782.jpg 1024w, https:\/\/agora.xtec.cat\/escolasantmarti\/wp-content\/uploads\/usu1487\/2025\/04\/CS-3R-JOANA-ROCA-ODA-MONTILLA-I-AINA-MARTI-300x229.jpg 300w, https:\/\/agora.xtec.cat\/escolasantmarti\/wp-content\/uploads\/usu1487\/2025\/04\/CS-3R-JOANA-ROCA-ODA-MONTILLA-I-AINA-MARTI-768x586.jpg 768w, https:\/\/agora.xtec.cat\/escolasantmarti\/wp-content\/uploads\/usu1487\/2025\/04\/CS-3R-JOANA-ROCA-ODA-MONTILLA-I-AINA-MARTI.jpg 1509w\" sizes=\"auto, (max-width: 1024px) 100vw, 1024px\" \/><\/a><\/p>\n<p><a href=\"https:\/\/agora.xtec.cat\/escolasantmarti\/general\/jocs-florals-de-lescola\/attachment\/cs-2n-maria-nalda-i-sara-nalda\/\" rel=\"attachment wp-att-7633\"><img loading=\"lazy\" decoding=\"async\" src=\"https:\/\/agora.xtec.cat\/escolasantmarti\/wp-content\/uploads\/usu1487\/2025\/04\/CS-2N-MARIA-NALDA-I-SARA-NALDA-783x1024.jpg\" alt=\"\" width=\"783\" height=\"1024\" class=\"alignleft size-large wp-image-7633\" srcset=\"https:\/\/agora.xtec.cat\/escolasantmarti\/wp-content\/uploads\/usu1487\/2025\/04\/CS-2N-MARIA-NALDA-I-SARA-NALDA-783x1024.jpg 783w, https:\/\/agora.xtec.cat\/escolasantmarti\/wp-content\/uploads\/usu1487\/2025\/04\/CS-2N-MARIA-NALDA-I-SARA-NALDA-229x300.jpg 229w, https:\/\/agora.xtec.cat\/escolasantmarti\/wp-content\/uploads\/usu1487\/2025\/04\/CS-2N-MARIA-NALDA-I-SARA-NALDA-768x1005.jpg 768w, https:\/\/agora.xtec.cat\/escolasantmarti\/wp-content\/uploads\/usu1487\/2025\/04\/CS-2N-MARIA-NALDA-I-SARA-NALDA.jpg 1144w\" sizes=\"auto, (max-width: 783px) 100vw, 783px\" \/><\/a><\/p>\n<p><a href=\"https:\/\/agora.xtec.cat\/escolasantmarti\/general\/jocs-florals-de-lescola\/attachment\/cs-1r-ivet-casanovas-i-valentina-acero\/\" rel=\"attachment wp-att-7632\"><img loading=\"lazy\" decoding=\"async\" src=\"https:\/\/agora.xtec.cat\/escolasantmarti\/wp-content\/uploads\/usu1487\/2025\/04\/CS-1R-IVET-CASANOVAS-I-VALENTINA-ACERO-772x1024.jpg\" alt=\"\" width=\"772\" height=\"1024\" class=\"alignleft size-large wp-image-7632\" srcset=\"https:\/\/agora.xtec.cat\/escolasantmarti\/wp-content\/uploads\/usu1487\/2025\/04\/CS-1R-IVET-CASANOVAS-I-VALENTINA-ACERO-772x1024.jpg 772w, https:\/\/agora.xtec.cat\/escolasantmarti\/wp-content\/uploads\/usu1487\/2025\/04\/CS-1R-IVET-CASANOVAS-I-VALENTINA-ACERO-226x300.jpg 226w, https:\/\/agora.xtec.cat\/escolasantmarti\/wp-content\/uploads\/usu1487\/2025\/04\/CS-1R-IVET-CASANOVAS-I-VALENTINA-ACERO-768x1019.jpg 768w, https:\/\/agora.xtec.cat\/escolasantmarti\/wp-content\/uploads\/usu1487\/2025\/04\/CS-1R-IVET-CASANOVAS-I-VALENTINA-ACERO.jpg 1134w\" sizes=\"auto, (max-width: 772px) 100vw, 772px\" \/><\/a><\/p>\n<p><a href=\"https:\/\/agora.xtec.cat\/escolasantmarti\/general\/jocs-florals-de-lescola\/attachment\/cm-3r-judit-comas\/\" rel=\"attachment wp-att-7631\"><img loading=\"lazy\" decoding=\"async\" src=\"https:\/\/agora.xtec.cat\/escolasantmarti\/wp-content\/uploads\/usu1487\/2025\/04\/CM-3R-JUDIT-COMAS-1024x770.jpg\" alt=\"\" width=\"1024\" height=\"770\" class=\"alignleft size-large wp-image-7631\" srcset=\"https:\/\/agora.xtec.cat\/escolasantmarti\/wp-content\/uploads\/usu1487\/2025\/04\/CM-3R-JUDIT-COMAS-1024x770.jpg 1024w, https:\/\/agora.xtec.cat\/escolasantmarti\/wp-content\/uploads\/usu1487\/2025\/04\/CM-3R-JUDIT-COMAS-300x226.jpg 300w, https:\/\/agora.xtec.cat\/escolasantmarti\/wp-content\/uploads\/usu1487\/2025\/04\/CM-3R-JUDIT-COMAS-768x578.jpg 768w, https:\/\/agora.xtec.cat\/escolasantmarti\/wp-content\/uploads\/usu1487\/2025\/04\/CM-3R-JUDIT-COMAS-200x150.jpg 200w, https:\/\/agora.xtec.cat\/escolasantmarti\/wp-content\/uploads\/usu1487\/2025\/04\/CM-3R-JUDIT-COMAS.jpg 1494w\" sizes=\"auto, (max-width: 1024px) 100vw, 1024px\" \/><\/a><\/p>\n<p><a href=\"https:\/\/agora.xtec.cat\/escolasantmarti\/general\/jocs-florals-de-lescola\/attachment\/cm-2n-claudia-marpons-vinyet-bosch-i-alba-jimenez\/\" rel=\"attachment wp-att-7630\"><img loading=\"lazy\" decoding=\"async\" src=\"https:\/\/agora.xtec.cat\/escolasantmarti\/wp-content\/uploads\/usu1487\/2025\/04\/CM-2N-CLAUDIA-MARPONS-VINYET-BOSCH-I-ALBA-JIMENEZ-1024x780.jpg\" alt=\"\" width=\"1024\" height=\"780\" class=\"alignleft size-large wp-image-7630\" srcset=\"https:\/\/agora.xtec.cat\/escolasantmarti\/wp-content\/uploads\/usu1487\/2025\/04\/CM-2N-CLAUDIA-MARPONS-VINYET-BOSCH-I-ALBA-JIMENEZ-1024x780.jpg 1024w, https:\/\/agora.xtec.cat\/escolasantmarti\/wp-content\/uploads\/usu1487\/2025\/04\/CM-2N-CLAUDIA-MARPONS-VINYET-BOSCH-I-ALBA-JIMENEZ-300x228.jpg 300w, https:\/\/agora.xtec.cat\/escolasantmarti\/wp-content\/uploads\/usu1487\/2025\/04\/CM-2N-CLAUDIA-MARPONS-VINYET-BOSCH-I-ALBA-JIMENEZ-768x585.jpg 768w, https:\/\/agora.xtec.cat\/escolasantmarti\/wp-content\/uploads\/usu1487\/2025\/04\/CM-2N-CLAUDIA-MARPONS-VINYET-BOSCH-I-ALBA-JIMENEZ.jpg 1525w\" sizes=\"auto, (max-width: 1024px) 100vw, 1024px\" \/><\/a><\/p>\n<p><a href=\"https:\/\/agora.xtec.cat\/escolasantmarti\/general\/jocs-florals-de-lescola\/attachment\/cm-1r-cecilia-acero-i-lucia-antelo\/\" rel=\"attachment wp-att-7629\"><img loading=\"lazy\" decoding=\"async\" src=\"https:\/\/agora.xtec.cat\/escolasantmarti\/wp-content\/uploads\/usu1487\/2025\/04\/CM-1R-CECILIA-ACERO-i-LUCIA-ANTELO-1024x769.jpg\" alt=\"\" width=\"1024\" height=\"769\" class=\"alignleft size-large wp-image-7629\" srcset=\"https:\/\/agora.xtec.cat\/escolasantmarti\/wp-content\/uploads\/usu1487\/2025\/04\/CM-1R-CECILIA-ACERO-i-LUCIA-ANTELO-1024x769.jpg 1024w, https:\/\/agora.xtec.cat\/escolasantmarti\/wp-content\/uploads\/usu1487\/2025\/04\/CM-1R-CECILIA-ACERO-i-LUCIA-ANTELO-300x225.jpg 300w, https:\/\/agora.xtec.cat\/escolasantmarti\/wp-content\/uploads\/usu1487\/2025\/04\/CM-1R-CECILIA-ACERO-i-LUCIA-ANTELO-768x577.jpg 768w, https:\/\/agora.xtec.cat\/escolasantmarti\/wp-content\/uploads\/usu1487\/2025\/04\/CM-1R-CECILIA-ACERO-i-LUCIA-ANTELO-200x150.jpg 200w, https:\/\/agora.xtec.cat\/escolasantmarti\/wp-content\/uploads\/usu1487\/2025\/04\/CM-1R-CECILIA-ACERO-i-LUCIA-ANTELO.jpg 1511w\" sizes=\"auto, (max-width: 1024px) 100vw, 1024px\" \/><\/a><\/p>\n<p><a href=\"https:\/\/agora.xtec.cat\/escolasantmarti\/general\/jocs-florals-de-lescola\/attachment\/ci-3r-roc-anyo\/\" rel=\"attachment wp-att-7628\"><img loading=\"lazy\" decoding=\"async\" src=\"https:\/\/agora.xtec.cat\/escolasantmarti\/wp-content\/uploads\/usu1487\/2025\/04\/CI-3R-ROC-ANYO-1024x767.jpg\" alt=\"\" width=\"1024\" height=\"767\" class=\"alignleft size-large wp-image-7628\" srcset=\"https:\/\/agora.xtec.cat\/escolasantmarti\/wp-content\/uploads\/usu1487\/2025\/04\/CI-3R-ROC-ANYO-1024x767.jpg 1024w, https:\/\/agora.xtec.cat\/escolasantmarti\/wp-content\/uploads\/usu1487\/2025\/04\/CI-3R-ROC-ANYO-300x225.jpg 300w, https:\/\/agora.xtec.cat\/escolasantmarti\/wp-content\/uploads\/usu1487\/2025\/04\/CI-3R-ROC-ANYO-768x575.jpg 768w, https:\/\/agora.xtec.cat\/escolasantmarti\/wp-content\/uploads\/usu1487\/2025\/04\/CI-3R-ROC-ANYO-200x150.jpg 200w, https:\/\/agora.xtec.cat\/escolasantmarti\/wp-content\/uploads\/usu1487\/2025\/04\/CI-3R-ROC-ANYO.jpg 1528w\" sizes=\"auto, (max-width: 1024px) 100vw, 1024px\" \/><\/a><\/p>\n<p><a href=\"https:\/\/agora.xtec.cat\/escolasantmarti\/general\/jocs-florals-de-lescola\/attachment\/ci-2n-vinyet-roura\/\" rel=\"attachment wp-att-7627\"><img loading=\"lazy\" decoding=\"async\" src=\"https:\/\/agora.xtec.cat\/escolasantmarti\/wp-content\/uploads\/usu1487\/2025\/04\/CI-2N-VINYET-ROURA-1024x769.jpg\" alt=\"\" width=\"1024\" height=\"769\" class=\"alignleft size-large wp-image-7627\" srcset=\"https:\/\/agora.xtec.cat\/escolasantmarti\/wp-content\/uploads\/usu1487\/2025\/04\/CI-2N-VINYET-ROURA-1024x769.jpg 1024w, https:\/\/agora.xtec.cat\/escolasantmarti\/wp-content\/uploads\/usu1487\/2025\/04\/CI-2N-VINYET-ROURA-300x225.jpg 300w, https:\/\/agora.xtec.cat\/escolasantmarti\/wp-content\/uploads\/usu1487\/2025\/04\/CI-2N-VINYET-ROURA-768x577.jpg 768w, https:\/\/agora.xtec.cat\/escolasantmarti\/wp-content\/uploads\/usu1487\/2025\/04\/CI-2N-VINYET-ROURA-1536x1153.jpg 1536w, https:\/\/agora.xtec.cat\/escolasantmarti\/wp-content\/uploads\/usu1487\/2025\/04\/CI-2N-VINYET-ROURA-200x150.jpg 200w, https:\/\/agora.xtec.cat\/escolasantmarti\/wp-content\/uploads\/usu1487\/2025\/04\/CI-2N-VINYET-ROURA.jpg 1550w\" sizes=\"auto, (max-width: 1024px) 100vw, 1024px\" \/><\/a><\/p>\n<p><a href=\"https:\/\/agora.xtec.cat\/escolasantmarti\/general\/jocs-florals-de-lescola\/attachment\/ci-1r-pau-mussoll\/\" rel=\"attachment wp-att-7626\"><img loading=\"lazy\" decoding=\"async\" src=\"https:\/\/agora.xtec.cat\/escolasantmarti\/wp-content\/uploads\/usu1487\/2025\/04\/CI-1R-PAU-MUSSOLL-1024x790.jpg\" alt=\"\" width=\"1024\" height=\"790\" class=\"alignleft size-large wp-image-7626\" srcset=\"https:\/\/agora.xtec.cat\/escolasantmarti\/wp-content\/uploads\/usu1487\/2025\/04\/CI-1R-PAU-MUSSOLL-1024x790.jpg 1024w, https:\/\/agora.xtec.cat\/escolasantmarti\/wp-content\/uploads\/usu1487\/2025\/04\/CI-1R-PAU-MUSSOLL-300x231.jpg 300w, https:\/\/agora.xtec.cat\/escolasantmarti\/wp-content\/uploads\/usu1487\/2025\/04\/CI-1R-PAU-MUSSOLL-768x592.jpg 768w, https:\/\/agora.xtec.cat\/escolasantmarti\/wp-content\/uploads\/usu1487\/2025\/04\/CI-1R-PAU-MUSSOLL.jpg 1516w\" sizes=\"auto, (max-width: 1024px) 100vw, 1024px\" \/><\/a><\/p>\n","protected":false},"excerpt":{"rendered":"<p>El passat dimecres 23 d&#8217;abril vam celebrar la diada de Sant Jordi. A la nostra escola com cada any vam celebrar els Jocs Florals i aquests s\u00f3n els premiats en prosa poesia i cartells de Sant Jordi. 6a CATEGORIA &#8212; PROSA 1r B El drac que tenia molta gana 1r A La rosa i la [&hellip;]<\/p>\n","protected":false},"author":1,"featured_media":7635,"comment_status":"open","ping_status":"closed","sticky":false,"template":"","format":"standard","meta":{"_bbp_topic_count":0,"_bbp_reply_count":0,"_bbp_total_topic_count":0,"_bbp_total_reply_count":0,"_bbp_voice_count":0,"_bbp_anonymous_reply_count":0,"_bbp_topic_count_hidden":0,"_bbp_reply_count_hidden":0,"_bbp_forum_subforum_count":0,"site-sidebar-layout":"default","site-content-layout":"","ast-site-content-layout":"","site-content-style":"default","site-sidebar-style":"default","ast-global-header-display":"","ast-banner-title-visibility":"","ast-main-header-display":"","ast-hfb-above-header-display":"","ast-hfb-below-header-display":"","ast-hfb-mobile-header-display":"","site-post-title":"","ast-breadcrumbs-content":"","ast-featured-img":"","footer-sml-layout":"","theme-transparent-header-meta":"","adv-header-id-meta":"","stick-header-meta":"","header-above-stick-meta":"","header-main-stick-meta":"","header-below-stick-meta":"","astra-migrate-meta-layouts":"default","ast-page-background-enabled":"default","ast-page-background-meta":{"desktop":{"background-color":"var(--ast-global-color-4)","background-image":"","background-repeat":"repeat","background-position":"center center","background-size":"auto","background-attachment":"scroll","background-type":"","background-media":"","overlay-type":"","overlay-color":"","overlay-opacity":"","overlay-gradient":""},"tablet":{"background-color":"","background-image":"","background-repeat":"repeat","background-position":"center center","background-size":"auto","background-attachment":"scroll","background-type":"","background-media":"","overlay-type":"","overlay-color":"","overlay-opacity":"","overlay-gradient":""},"mobile":{"background-color":"","background-image":"","background-repeat":"repeat","background-position":"center center","background-size":"auto","background-attachment":"scroll","background-type":"","background-media":"","overlay-type":"","overlay-color":"","overlay-opacity":"","overlay-gradient":""}},"ast-content-background-meta":{"desktop":{"background-color":"var(--ast-global-color-5)","background-image":"","background-repeat":"repeat","background-position":"center center","background-size":"auto","background-attachment":"scroll","background-type":"","background-media":"","overlay-type":"","overlay-color":"","overlay-opacity":"","overlay-gradient":""},"tablet":{"background-color":"var(--ast-global-color-5)","background-image":"","background-repeat":"repeat","background-position":"center center","background-size":"auto","background-attachment":"scroll","background-type":"","background-media":"","overlay-type":"","overlay-color":"","overlay-opacity":"","overlay-gradient":""},"mobile":{"background-color":"var(--ast-global-color-5)","background-image":"","background-repeat":"repeat","background-position":"center center","background-size":"auto","background-attachment":"scroll","background-type":"","background-media":"","overlay-type":"","overlay-color":"","overlay-opacity":"","overlay-gradient":""}},"footnotes":""},"categories":[100,5,94,1,101,4,92],"tags":[],"class_list":["post-7625","post","type-post","status-publish","format-standard","has-post-thumbnail","hentry","category-ed-artistica","category-primaria","category-festes","category-general","category-llengues","category-portada","category-projectes"],"post_mailing_queue_ids":[],"_links":{"self":[{"href":"https:\/\/agora.xtec.cat\/escolasantmarti\/wp-json\/wp\/v2\/posts\/7625","targetHints":{"allow":["GET"]}}],"collection":[{"href":"https:\/\/agora.xtec.cat\/escolasantmarti\/wp-json\/wp\/v2\/posts"}],"about":[{"href":"https:\/\/agora.xtec.cat\/escolasantmarti\/wp-json\/wp\/v2\/types\/post"}],"author":[{"embeddable":true,"href":"https:\/\/agora.xtec.cat\/escolasantmarti\/wp-json\/wp\/v2\/users\/1"}],"replies":[{"embeddable":true,"href":"https:\/\/agora.xtec.cat\/escolasantmarti\/wp-json\/wp\/v2\/comments?post=7625"}],"version-history":[{"count":3,"href":"https:\/\/agora.xtec.cat\/escolasantmarti\/wp-json\/wp\/v2\/posts\/7625\/revisions"}],"predecessor-version":[{"id":7638,"href":"https:\/\/agora.xtec.cat\/escolasantmarti\/wp-json\/wp\/v2\/posts\/7625\/revisions\/7638"}],"wp:featuredmedia":[{"embeddable":true,"href":"https:\/\/agora.xtec.cat\/escolasantmarti\/wp-json\/wp\/v2\/media\/7635"}],"wp:attachment":[{"href":"https:\/\/agora.xtec.cat\/escolasantmarti\/wp-json\/wp\/v2\/media?parent=7625"}],"wp:term":[{"taxonomy":"category","embeddable":true,"href":"https:\/\/agora.xtec.cat\/escolasantmarti\/wp-json\/wp\/v2\/categories?post=7625"},{"taxonomy":"post_tag","embeddable":true,"href":"https:\/\/agora.xtec.cat\/escolasantmarti\/wp-json\/wp\/v2\/tags?post=7625"}],"curies":[{"name":"wp","href":"https:\/\/api.w.org\/{rel}","templated":true}]}}