{"id":7479,"date":"2025-04-03T20:48:42","date_gmt":"2025-04-03T18:48:42","guid":{"rendered":"https:\/\/agora.xtec.cat\/escolasantmarti\/?p=7479"},"modified":"2025-04-05T08:52:57","modified_gmt":"2025-04-05T06:52:57","slug":"sortida-de-cicle-inicial-per-treballar-el-reciclatge","status":"publish","type":"post","link":"https:\/\/agora.xtec.cat\/escolasantmarti\/portada\/sortida-de-cicle-inicial-per-treballar-el-reciclatge\/","title":{"rendered":"SORTIDA DE CICLE INICIAL PER TREBALLAR EL RECICLATGE"},"content":{"rendered":"<p>Avui els nens i nenes de cicle inicial hem anat d&#8217; excursi\u00f3 a Mas Fabrera, on hem apr\u00e8s com podem reutilitzar el vidre i hem fet una bonica manualitat de vidre fos! Hem apr\u00e8s molt i ens ho hem passat molt b\u00e9!<\/p>\n<p><a href=\"https:\/\/agora.xtec.cat\/escolasantmarti\/portada\/sortida-de-cicle-inicial-per-treballar-el-reciclatge\/attachment\/0a86e2de-c67a-45a7-93e5-46d6be720192\/\" rel=\"attachment wp-att-7480\"><img loading=\"lazy\" decoding=\"async\" class=\"alignleft size-large wp-image-7480\" src=\"https:\/\/agora.xtec.cat\/escolasantmarti\/wp-content\/uploads\/usu1487\/2025\/04\/0a86e2de-c67a-45a7-93e5-46d6be720192-768x1024.jpg\" alt=\"\" width=\"768\" height=\"1024\" srcset=\"https:\/\/agora.xtec.cat\/escolasantmarti\/wp-content\/uploads\/usu1487\/2025\/04\/0a86e2de-c67a-45a7-93e5-46d6be720192-768x1024.jpg 768w, https:\/\/agora.xtec.cat\/escolasantmarti\/wp-content\/uploads\/usu1487\/2025\/04\/0a86e2de-c67a-45a7-93e5-46d6be720192-225x300.jpg 225w, https:\/\/agora.xtec.cat\/escolasantmarti\/wp-content\/uploads\/usu1487\/2025\/04\/0a86e2de-c67a-45a7-93e5-46d6be720192-1152x1536.jpg 1152w, https:\/\/agora.xtec.cat\/escolasantmarti\/wp-content\/uploads\/usu1487\/2025\/04\/0a86e2de-c67a-45a7-93e5-46d6be720192.jpg 1536w\" sizes=\"auto, (max-width: 768px) 100vw, 768px\" \/><\/a> <a href=\"https:\/\/agora.xtec.cat\/escolasantmarti\/portada\/sortida-de-cicle-inicial-per-treballar-el-reciclatge\/attachment\/2bfd9a6d-0e47-4ffb-a308-3647813a07b2\/\" rel=\"attachment wp-att-7481\"><img loading=\"lazy\" decoding=\"async\" class=\"alignleft size-large wp-image-7481\" src=\"https:\/\/agora.xtec.cat\/escolasantmarti\/wp-content\/uploads\/usu1487\/2025\/04\/2bfd9a6d-0e47-4ffb-a308-3647813a07b2-768x1024.jpg\" alt=\"\" width=\"768\" height=\"1024\" srcset=\"https:\/\/agora.xtec.cat\/escolasantmarti\/wp-content\/uploads\/usu1487\/2025\/04\/2bfd9a6d-0e47-4ffb-a308-3647813a07b2-768x1024.jpg 768w, https:\/\/agora.xtec.cat\/escolasantmarti\/wp-content\/uploads\/usu1487\/2025\/04\/2bfd9a6d-0e47-4ffb-a308-3647813a07b2-225x300.jpg 225w, https:\/\/agora.xtec.cat\/escolasantmarti\/wp-content\/uploads\/usu1487\/2025\/04\/2bfd9a6d-0e47-4ffb-a308-3647813a07b2-1152x1536.jpg 1152w, https:\/\/agora.xtec.cat\/escolasantmarti\/wp-content\/uploads\/usu1487\/2025\/04\/2bfd9a6d-0e47-4ffb-a308-3647813a07b2.jpg 1536w\" sizes=\"auto, (max-width: 768px) 100vw, 768px\" \/><\/a> <a href=\"https:\/\/agora.xtec.cat\/escolasantmarti\/portada\/sortida-de-cicle-inicial-per-treballar-el-reciclatge\/attachment\/03d6a92f-1def-4c53-a704-7171eeacbcda\/\" rel=\"attachment wp-att-7482\"><img loading=\"lazy\" decoding=\"async\" class=\"alignleft size-large wp-image-7482\" src=\"https:\/\/agora.xtec.cat\/escolasantmarti\/wp-content\/uploads\/usu1487\/2025\/04\/03d6a92f-1def-4c53-a704-7171eeacbcda-1024x768.jpg\" alt=\"\" width=\"1024\" height=\"768\" srcset=\"https:\/\/agora.xtec.cat\/escolasantmarti\/wp-content\/uploads\/usu1487\/2025\/04\/03d6a92f-1def-4c53-a704-7171eeacbcda-1024x768.jpg 1024w, https:\/\/agora.xtec.cat\/escolasantmarti\/wp-content\/uploads\/usu1487\/2025\/04\/03d6a92f-1def-4c53-a704-7171eeacbcda-300x225.jpg 300w, https:\/\/agora.xtec.cat\/escolasantmarti\/wp-content\/uploads\/usu1487\/2025\/04\/03d6a92f-1def-4c53-a704-7171eeacbcda-768x576.jpg 768w, https:\/\/agora.xtec.cat\/escolasantmarti\/wp-content\/uploads\/usu1487\/2025\/04\/03d6a92f-1def-4c53-a704-7171eeacbcda-1536x1152.jpg 1536w, https:\/\/agora.xtec.cat\/escolasantmarti\/wp-content\/uploads\/usu1487\/2025\/04\/03d6a92f-1def-4c53-a704-7171eeacbcda-200x150.jpg 200w, https:\/\/agora.xtec.cat\/escolasantmarti\/wp-content\/uploads\/usu1487\/2025\/04\/03d6a92f-1def-4c53-a704-7171eeacbcda.jpg 2048w\" sizes=\"auto, (max-width: 1024px) 100vw, 1024px\" \/><\/a> <a href=\"https:\/\/agora.xtec.cat\/escolasantmarti\/portada\/sortida-de-cicle-inicial-per-treballar-el-reciclatge\/attachment\/203804ac-f183-48e0-96a3-44eae85115a6\/\" rel=\"attachment wp-att-7483\"><img loading=\"lazy\" decoding=\"async\" class=\"alignleft size-large wp-image-7483\" src=\"https:\/\/agora.xtec.cat\/escolasantmarti\/wp-content\/uploads\/usu1487\/2025\/04\/203804ac-f183-48e0-96a3-44eae85115a6-1024x768.jpg\" alt=\"\" width=\"1024\" height=\"768\" srcset=\"https:\/\/agora.xtec.cat\/escolasantmarti\/wp-content\/uploads\/usu1487\/2025\/04\/203804ac-f183-48e0-96a3-44eae85115a6-1024x768.jpg 1024w, https:\/\/agora.xtec.cat\/escolasantmarti\/wp-content\/uploads\/usu1487\/2025\/04\/203804ac-f183-48e0-96a3-44eae85115a6-300x225.jpg 300w, https:\/\/agora.xtec.cat\/escolasantmarti\/wp-content\/uploads\/usu1487\/2025\/04\/203804ac-f183-48e0-96a3-44eae85115a6-768x576.jpg 768w, https:\/\/agora.xtec.cat\/escolasantmarti\/wp-content\/uploads\/usu1487\/2025\/04\/203804ac-f183-48e0-96a3-44eae85115a6-1536x1152.jpg 1536w, https:\/\/agora.xtec.cat\/escolasantmarti\/wp-content\/uploads\/usu1487\/2025\/04\/203804ac-f183-48e0-96a3-44eae85115a6-200x150.jpg 200w, https:\/\/agora.xtec.cat\/escolasantmarti\/wp-content\/uploads\/usu1487\/2025\/04\/203804ac-f183-48e0-96a3-44eae85115a6.jpg 2048w\" sizes=\"auto, (max-width: 1024px) 100vw, 1024px\" \/><\/a> <a href=\"https:\/\/agora.xtec.cat\/escolasantmarti\/portada\/sortida-de-cicle-inicial-per-treballar-el-reciclatge\/attachment\/c967218c-d371-4371-a2cc-77cdd473428c\/\" rel=\"attachment wp-att-7484\"><img loading=\"lazy\" decoding=\"async\" class=\"alignleft size-large wp-image-7484\" src=\"https:\/\/agora.xtec.cat\/escolasantmarti\/wp-content\/uploads\/usu1487\/2025\/04\/c967218c-d371-4371-a2cc-77cdd473428c-768x1024.jpg\" alt=\"\" width=\"768\" height=\"1024\" srcset=\"https:\/\/agora.xtec.cat\/escolasantmarti\/wp-content\/uploads\/usu1487\/2025\/04\/c967218c-d371-4371-a2cc-77cdd473428c-768x1024.jpg 768w, https:\/\/agora.xtec.cat\/escolasantmarti\/wp-content\/uploads\/usu1487\/2025\/04\/c967218c-d371-4371-a2cc-77cdd473428c-225x300.jpg 225w, https:\/\/agora.xtec.cat\/escolasantmarti\/wp-content\/uploads\/usu1487\/2025\/04\/c967218c-d371-4371-a2cc-77cdd473428c-1152x1536.jpg 1152w, https:\/\/agora.xtec.cat\/escolasantmarti\/wp-content\/uploads\/usu1487\/2025\/04\/c967218c-d371-4371-a2cc-77cdd473428c.jpg 1500w\" sizes=\"auto, (max-width: 768px) 100vw, 768px\" \/><\/a> <a href=\"https:\/\/agora.xtec.cat\/escolasantmarti\/portada\/sortida-de-cicle-inicial-per-treballar-el-reciclatge\/attachment\/e272b91a-7bf4-4a0e-a72e-5befb37cfd68\/\" rel=\"attachment wp-att-7485\"><img loading=\"lazy\" decoding=\"async\" class=\"alignleft size-large wp-image-7485\" src=\"https:\/\/agora.xtec.cat\/escolasantmarti\/wp-content\/uploads\/usu1487\/2025\/04\/e272b91a-7bf4-4a0e-a72e-5befb37cfd68-768x1024.jpg\" alt=\"\" width=\"768\" height=\"1024\" srcset=\"https:\/\/agora.xtec.cat\/escolasantmarti\/wp-content\/uploads\/usu1487\/2025\/04\/e272b91a-7bf4-4a0e-a72e-5befb37cfd68-768x1024.jpg 768w, https:\/\/agora.xtec.cat\/escolasantmarti\/wp-content\/uploads\/usu1487\/2025\/04\/e272b91a-7bf4-4a0e-a72e-5befb37cfd68-225x300.jpg 225w, https:\/\/agora.xtec.cat\/escolasantmarti\/wp-content\/uploads\/usu1487\/2025\/04\/e272b91a-7bf4-4a0e-a72e-5befb37cfd68-1152x1536.jpg 1152w, https:\/\/agora.xtec.cat\/escolasantmarti\/wp-content\/uploads\/usu1487\/2025\/04\/e272b91a-7bf4-4a0e-a72e-5befb37cfd68.jpg 1200w\" sizes=\"auto, (max-width: 768px) 100vw, 768px\" \/><\/a> <a href=\"https:\/\/agora.xtec.cat\/escolasantmarti\/portada\/sortida-de-cicle-inicial-per-treballar-el-reciclatge\/attachment\/eddf28cd-78fc-41a6-9162-72755f397efb\/\" rel=\"attachment wp-att-7486\"><img loading=\"lazy\" decoding=\"async\" class=\"alignleft size-large wp-image-7486\" src=\"https:\/\/agora.xtec.cat\/escolasantmarti\/wp-content\/uploads\/usu1487\/2025\/04\/eddf28cd-78fc-41a6-9162-72755f397efb-768x1024.jpg\" alt=\"\" width=\"768\" height=\"1024\" srcset=\"https:\/\/agora.xtec.cat\/escolasantmarti\/wp-content\/uploads\/usu1487\/2025\/04\/eddf28cd-78fc-41a6-9162-72755f397efb-768x1024.jpg 768w, https:\/\/agora.xtec.cat\/escolasantmarti\/wp-content\/uploads\/usu1487\/2025\/04\/eddf28cd-78fc-41a6-9162-72755f397efb-225x300.jpg 225w, https:\/\/agora.xtec.cat\/escolasantmarti\/wp-content\/uploads\/usu1487\/2025\/04\/eddf28cd-78fc-41a6-9162-72755f397efb-1152x1536.jpg 1152w, https:\/\/agora.xtec.cat\/escolasantmarti\/wp-content\/uploads\/usu1487\/2025\/04\/eddf28cd-78fc-41a6-9162-72755f397efb.jpg 1536w\" sizes=\"auto, (max-width: 768px) 100vw, 768px\" \/><\/a> <a href=\"https:\/\/agora.xtec.cat\/escolasantmarti\/portada\/sortida-de-cicle-inicial-per-treballar-el-reciclatge\/attachment\/f7aa9d85-042e-47ba-a5dd-e374f6acd425\/\" rel=\"attachment wp-att-7487\"><img loading=\"lazy\" decoding=\"async\" class=\"alignleft size-large wp-image-7487\" src=\"https:\/\/agora.xtec.cat\/escolasantmarti\/wp-content\/uploads\/usu1487\/2025\/04\/f7aa9d85-042e-47ba-a5dd-e374f6acd425-1024x768.jpg\" alt=\"\" width=\"1024\" height=\"768\" srcset=\"https:\/\/agora.xtec.cat\/escolasantmarti\/wp-content\/uploads\/usu1487\/2025\/04\/f7aa9d85-042e-47ba-a5dd-e374f6acd425-1024x768.jpg 1024w, https:\/\/agora.xtec.cat\/escolasantmarti\/wp-content\/uploads\/usu1487\/2025\/04\/f7aa9d85-042e-47ba-a5dd-e374f6acd425-300x225.jpg 300w, https:\/\/agora.xtec.cat\/escolasantmarti\/wp-content\/uploads\/usu1487\/2025\/04\/f7aa9d85-042e-47ba-a5dd-e374f6acd425-768x576.jpg 768w, https:\/\/agora.xtec.cat\/escolasantmarti\/wp-content\/uploads\/usu1487\/2025\/04\/f7aa9d85-042e-47ba-a5dd-e374f6acd425-1536x1152.jpg 1536w, https:\/\/agora.xtec.cat\/escolasantmarti\/wp-content\/uploads\/usu1487\/2025\/04\/f7aa9d85-042e-47ba-a5dd-e374f6acd425-200x150.jpg 200w, https:\/\/agora.xtec.cat\/escolasantmarti\/wp-content\/uploads\/usu1487\/2025\/04\/f7aa9d85-042e-47ba-a5dd-e374f6acd425.jpg 2048w\" sizes=\"auto, (max-width: 1024px) 100vw, 1024px\" \/><\/a> <a href=\"https:\/\/agora.xtec.cat\/escolasantmarti\/portada\/sortida-de-cicle-inicial-per-treballar-el-reciclatge\/attachment\/f63b55eb-e8a7-4e0f-a67b-56e5b3a1fd17\/\" rel=\"attachment wp-att-7488\"><img loading=\"lazy\" decoding=\"async\" class=\"alignleft size-large wp-image-7488\" src=\"https:\/\/agora.xtec.cat\/escolasantmarti\/wp-content\/uploads\/usu1487\/2025\/04\/f63b55eb-e8a7-4e0f-a67b-56e5b3a1fd17-1024x576.jpg\" alt=\"\" width=\"1024\" height=\"576\" srcset=\"https:\/\/agora.xtec.cat\/escolasantmarti\/wp-content\/uploads\/usu1487\/2025\/04\/f63b55eb-e8a7-4e0f-a67b-56e5b3a1fd17-1024x576.jpg 1024w, https:\/\/agora.xtec.cat\/escolasantmarti\/wp-content\/uploads\/usu1487\/2025\/04\/f63b55eb-e8a7-4e0f-a67b-56e5b3a1fd17-300x169.jpg 300w, https:\/\/agora.xtec.cat\/escolasantmarti\/wp-content\/uploads\/usu1487\/2025\/04\/f63b55eb-e8a7-4e0f-a67b-56e5b3a1fd17-768x432.jpg 768w, https:\/\/agora.xtec.cat\/escolasantmarti\/wp-content\/uploads\/usu1487\/2025\/04\/f63b55eb-e8a7-4e0f-a67b-56e5b3a1fd17-1536x864.jpg 1536w, https:\/\/agora.xtec.cat\/escolasantmarti\/wp-content\/uploads\/usu1487\/2025\/04\/f63b55eb-e8a7-4e0f-a67b-56e5b3a1fd17.jpg 2040w\" sizes=\"auto, (max-width: 1024px) 100vw, 1024px\" \/><\/a><\/p>\n","protected":false},"excerpt":{"rendered":"<p>Avui els nens i nenes de cicle inicial hem anat d&#8217; excursi\u00f3 a Mas Fabrera, on hem apr\u00e8s com podem reutilitzar el vidre i hem fet una bonica manualitat de vidre fos! Hem apr\u00e8s molt i ens ho hem passat molt b\u00e9!<\/p>\n","protected":false},"author":1,"featured_media":7487,"comment_status":"open","ping_status":"closed","sticky":false,"template":"","format":"standard","meta":{"_bbp_topic_count":0,"_bbp_reply_count":0,"_bbp_total_topic_count":0,"_bbp_total_reply_count":0,"_bbp_voice_count":0,"_bbp_anonymous_reply_count":0,"_bbp_topic_count_hidden":0,"_bbp_reply_count_hidden":0,"_bbp_forum_subforum_count":0,"site-sidebar-layout":"default","site-content-layout":"","ast-site-content-layout":"","site-content-style":"default","site-sidebar-style":"default","ast-global-header-display":"","ast-banner-title-visibility":"","ast-main-header-display":"","ast-hfb-above-header-display":"","ast-hfb-below-header-display":"","ast-hfb-mobile-header-display":"","site-post-title":"","ast-breadcrumbs-content":"","ast-featured-img":"","footer-sml-layout":"","theme-transparent-header-meta":"","adv-header-id-meta":"","stick-header-meta":"","header-above-stick-meta":"","header-main-stick-meta":"","header-below-stick-meta":"","astra-migrate-meta-layouts":"default","ast-page-background-enabled":"default","ast-page-background-meta":{"desktop":{"background-color":"var(--ast-global-color-4)","background-image":"","background-repeat":"repeat","background-position":"center center","background-size":"auto","background-attachment":"scroll","background-type":"","background-media":"","overlay-type":"","overlay-color":"","overlay-opacity":"","overlay-gradient":""},"tablet":{"background-color":"","background-image":"","background-repeat":"repeat","background-position":"center center","background-size":"auto","background-attachment":"scroll","background-type":"","background-media":"","overlay-type":"","overlay-color":"","overlay-opacity":"","overlay-gradient":""},"mobile":{"background-color":"","background-image":"","background-repeat":"repeat","background-position":"center center","background-size":"auto","background-attachment":"scroll","background-type":"","background-media":"","overlay-type":"","overlay-color":"","overlay-opacity":"","overlay-gradient":""}},"ast-content-background-meta":{"desktop":{"background-color":"var(--ast-global-color-5)","background-image":"","background-repeat":"repeat","background-position":"center center","background-size":"auto","background-attachment":"scroll","background-type":"","background-media":"","overlay-type":"","overlay-color":"","overlay-opacity":"","overlay-gradient":""},"tablet":{"background-color":"var(--ast-global-color-5)","background-image":"","background-repeat":"repeat","background-position":"center center","background-size":"auto","background-attachment":"scroll","background-type":"","background-media":"","overlay-type":"","overlay-color":"","overlay-opacity":"","overlay-gradient":""},"mobile":{"background-color":"var(--ast-global-color-5)","background-image":"","background-repeat":"repeat","background-position":"center center","background-size":"auto","background-attachment":"scroll","background-type":"","background-media":"","overlay-type":"","overlay-color":"","overlay-opacity":"","overlay-gradient":""}},"footnotes":""},"categories":[10,11,112,5,113,4,92,97],"tags":[],"class_list":["post-7479","post","type-post","status-publish","format-standard","has-post-thumbnail","hentry","category-1r","category-2n","category-escola-verda","category-primaria","category-medi-natural-i-social","category-portada","category-projectes","category-sortides"],"post_mailing_queue_ids":[],"_links":{"self":[{"href":"https:\/\/agora.xtec.cat\/escolasantmarti\/wp-json\/wp\/v2\/posts\/7479","targetHints":{"allow":["GET"]}}],"collection":[{"href":"https:\/\/agora.xtec.cat\/escolasantmarti\/wp-json\/wp\/v2\/posts"}],"about":[{"href":"https:\/\/agora.xtec.cat\/escolasantmarti\/wp-json\/wp\/v2\/types\/post"}],"author":[{"embeddable":true,"href":"https:\/\/agora.xtec.cat\/escolasantmarti\/wp-json\/wp\/v2\/users\/1"}],"replies":[{"embeddable":true,"href":"https:\/\/agora.xtec.cat\/escolasantmarti\/wp-json\/wp\/v2\/comments?post=7479"}],"version-history":[{"count":2,"href":"https:\/\/agora.xtec.cat\/escolasantmarti\/wp-json\/wp\/v2\/posts\/7479\/revisions"}],"predecessor-version":[{"id":7490,"href":"https:\/\/agora.xtec.cat\/escolasantmarti\/wp-json\/wp\/v2\/posts\/7479\/revisions\/7490"}],"wp:featuredmedia":[{"embeddable":true,"href":"https:\/\/agora.xtec.cat\/escolasantmarti\/wp-json\/wp\/v2\/media\/7487"}],"wp:attachment":[{"href":"https:\/\/agora.xtec.cat\/escolasantmarti\/wp-json\/wp\/v2\/media?parent=7479"}],"wp:term":[{"taxonomy":"category","embeddable":true,"href":"https:\/\/agora.xtec.cat\/escolasantmarti\/wp-json\/wp\/v2\/categories?post=7479"},{"taxonomy":"post_tag","embeddable":true,"href":"https:\/\/agora.xtec.cat\/escolasantmarti\/wp-json\/wp\/v2\/tags?post=7479"}],"curies":[{"name":"wp","href":"https:\/\/api.w.org\/{rel}","templated":true}]}}