{"id":7362,"date":"2025-02-17T18:35:46","date_gmt":"2025-02-17T17:35:46","guid":{"rendered":"https:\/\/agora.xtec.cat\/escolasantmarti\/?p=7362"},"modified":"2025-02-22T08:40:50","modified_gmt":"2025-02-22T07:40:50","slug":"preparant-el-nou-programa-de-radio-pel-dia-24-de-febrer","status":"publish","type":"post","link":"https:\/\/agora.xtec.cat\/escolasantmarti\/infantil\/preparant-el-nou-programa-de-radio-pel-dia-24-de-febrer\/","title":{"rendered":"PREPARANT EL NOU PROGRAMA DE R\u00c0DIO PEL DIA 24 DE FEBRER"},"content":{"rendered":"<p>Atenci\u00f3, atenci\u00f3! Ja gaireb\u00e9 tenim a punt el nostre proper programa de r\u00e0dio! El podeu escoltar el proper dilluns 24 de febrer a les 15:15h a r\u00e0dio Arenys de munt! Us el perdreu?<a href=\"https:\/\/agora.xtec.cat\/escolasantmarti\/infantil\/preparant-el-nou-programa-de-radio-pel-dia-24-de-febrer\/attachment\/1a4cde8f-35d8-47b5-8606-d3d91dcdfe68\/\" rel=\"attachment wp-att-7363\"><img loading=\"lazy\" decoding=\"async\" class=\"alignleft size-large wp-image-7363\" src=\"https:\/\/agora.xtec.cat\/escolasantmarti\/wp-content\/uploads\/usu1487\/2025\/02\/1a4cde8f-35d8-47b5-8606-d3d91dcdfe68-768x1024.jpg\" alt=\"\" width=\"768\" height=\"1024\" srcset=\"https:\/\/agora.xtec.cat\/escolasantmarti\/wp-content\/uploads\/usu1487\/2025\/02\/1a4cde8f-35d8-47b5-8606-d3d91dcdfe68-768x1024.jpg 768w, https:\/\/agora.xtec.cat\/escolasantmarti\/wp-content\/uploads\/usu1487\/2025\/02\/1a4cde8f-35d8-47b5-8606-d3d91dcdfe68-225x300.jpg 225w, https:\/\/agora.xtec.cat\/escolasantmarti\/wp-content\/uploads\/usu1487\/2025\/02\/1a4cde8f-35d8-47b5-8606-d3d91dcdfe68-1152x1536.jpg 1152w, https:\/\/agora.xtec.cat\/escolasantmarti\/wp-content\/uploads\/usu1487\/2025\/02\/1a4cde8f-35d8-47b5-8606-d3d91dcdfe68.jpg 1200w\" sizes=\"auto, (max-width: 768px) 100vw, 768px\" \/><\/a> <a href=\"https:\/\/agora.xtec.cat\/escolasantmarti\/infantil\/preparant-el-nou-programa-de-radio-pel-dia-24-de-febrer\/attachment\/8c1f180a-10e2-4177-b758-44f44f65f1f7\/\" rel=\"attachment wp-att-7364\"><img loading=\"lazy\" decoding=\"async\" class=\"alignleft size-large wp-image-7364\" src=\"https:\/\/agora.xtec.cat\/escolasantmarti\/wp-content\/uploads\/usu1487\/2025\/02\/8c1f180a-10e2-4177-b758-44f44f65f1f7-768x1024.jpg\" alt=\"\" width=\"768\" height=\"1024\" srcset=\"https:\/\/agora.xtec.cat\/escolasantmarti\/wp-content\/uploads\/usu1487\/2025\/02\/8c1f180a-10e2-4177-b758-44f44f65f1f7-768x1024.jpg 768w, https:\/\/agora.xtec.cat\/escolasantmarti\/wp-content\/uploads\/usu1487\/2025\/02\/8c1f180a-10e2-4177-b758-44f44f65f1f7-225x300.jpg 225w, https:\/\/agora.xtec.cat\/escolasantmarti\/wp-content\/uploads\/usu1487\/2025\/02\/8c1f180a-10e2-4177-b758-44f44f65f1f7-1152x1536.jpg 1152w, https:\/\/agora.xtec.cat\/escolasantmarti\/wp-content\/uploads\/usu1487\/2025\/02\/8c1f180a-10e2-4177-b758-44f44f65f1f7.jpg 1200w\" sizes=\"auto, (max-width: 768px) 100vw, 768px\" \/><\/a> <a href=\"https:\/\/agora.xtec.cat\/escolasantmarti\/infantil\/preparant-el-nou-programa-de-radio-pel-dia-24-de-febrer\/attachment\/8da63794-de31-4526-9cbf-7727307be49d\/\" rel=\"attachment wp-att-7365\"><img loading=\"lazy\" decoding=\"async\" class=\"alignleft size-large wp-image-7365\" src=\"https:\/\/agora.xtec.cat\/escolasantmarti\/wp-content\/uploads\/usu1487\/2025\/02\/8da63794-de31-4526-9cbf-7727307be49d-768x1024.jpg\" alt=\"\" width=\"768\" height=\"1024\" srcset=\"https:\/\/agora.xtec.cat\/escolasantmarti\/wp-content\/uploads\/usu1487\/2025\/02\/8da63794-de31-4526-9cbf-7727307be49d-768x1024.jpg 768w, https:\/\/agora.xtec.cat\/escolasantmarti\/wp-content\/uploads\/usu1487\/2025\/02\/8da63794-de31-4526-9cbf-7727307be49d-225x300.jpg 225w, https:\/\/agora.xtec.cat\/escolasantmarti\/wp-content\/uploads\/usu1487\/2025\/02\/8da63794-de31-4526-9cbf-7727307be49d-1152x1536.jpg 1152w, https:\/\/agora.xtec.cat\/escolasantmarti\/wp-content\/uploads\/usu1487\/2025\/02\/8da63794-de31-4526-9cbf-7727307be49d.jpg 1200w\" sizes=\"auto, (max-width: 768px) 100vw, 768px\" \/><\/a> <a href=\"https:\/\/agora.xtec.cat\/escolasantmarti\/infantil\/preparant-el-nou-programa-de-radio-pel-dia-24-de-febrer\/attachment\/88702c27-8cf1-4886-a106-f7f01ff64e28\/\" rel=\"attachment wp-att-7366\"><img loading=\"lazy\" decoding=\"async\" class=\"alignleft size-large wp-image-7366\" src=\"https:\/\/agora.xtec.cat\/escolasantmarti\/wp-content\/uploads\/usu1487\/2025\/02\/88702c27-8cf1-4886-a106-f7f01ff64e28-768x1024.jpg\" alt=\"\" width=\"768\" height=\"1024\" srcset=\"https:\/\/agora.xtec.cat\/escolasantmarti\/wp-content\/uploads\/usu1487\/2025\/02\/88702c27-8cf1-4886-a106-f7f01ff64e28-768x1024.jpg 768w, https:\/\/agora.xtec.cat\/escolasantmarti\/wp-content\/uploads\/usu1487\/2025\/02\/88702c27-8cf1-4886-a106-f7f01ff64e28-225x300.jpg 225w, https:\/\/agora.xtec.cat\/escolasantmarti\/wp-content\/uploads\/usu1487\/2025\/02\/88702c27-8cf1-4886-a106-f7f01ff64e28-1152x1536.jpg 1152w, https:\/\/agora.xtec.cat\/escolasantmarti\/wp-content\/uploads\/usu1487\/2025\/02\/88702c27-8cf1-4886-a106-f7f01ff64e28.jpg 1200w\" sizes=\"auto, (max-width: 768px) 100vw, 768px\" \/><\/a> <a href=\"https:\/\/agora.xtec.cat\/escolasantmarti\/infantil\/preparant-el-nou-programa-de-radio-pel-dia-24-de-febrer\/attachment\/fcab4185-a917-4c09-a016-d550288aab8e\/\" rel=\"attachment wp-att-7367\"><img loading=\"lazy\" decoding=\"async\" class=\"alignleft size-large wp-image-7367\" src=\"https:\/\/agora.xtec.cat\/escolasantmarti\/wp-content\/uploads\/usu1487\/2025\/02\/fcab4185-a917-4c09-a016-d550288aab8e-1024x768.jpg\" alt=\"\" width=\"1024\" height=\"768\" srcset=\"https:\/\/agora.xtec.cat\/escolasantmarti\/wp-content\/uploads\/usu1487\/2025\/02\/fcab4185-a917-4c09-a016-d550288aab8e-1024x768.jpg 1024w, https:\/\/agora.xtec.cat\/escolasantmarti\/wp-content\/uploads\/usu1487\/2025\/02\/fcab4185-a917-4c09-a016-d550288aab8e-300x225.jpg 300w, https:\/\/agora.xtec.cat\/escolasantmarti\/wp-content\/uploads\/usu1487\/2025\/02\/fcab4185-a917-4c09-a016-d550288aab8e-768x576.jpg 768w, https:\/\/agora.xtec.cat\/escolasantmarti\/wp-content\/uploads\/usu1487\/2025\/02\/fcab4185-a917-4c09-a016-d550288aab8e-1536x1152.jpg 1536w, https:\/\/agora.xtec.cat\/escolasantmarti\/wp-content\/uploads\/usu1487\/2025\/02\/fcab4185-a917-4c09-a016-d550288aab8e-200x150.jpg 200w, https:\/\/agora.xtec.cat\/escolasantmarti\/wp-content\/uploads\/usu1487\/2025\/02\/fcab4185-a917-4c09-a016-d550288aab8e.jpg 1600w\" sizes=\"auto, (max-width: 1024px) 100vw, 1024px\" \/><\/a> <a href=\"https:\/\/agora.xtec.cat\/escolasantmarti\/infantil\/preparant-el-nou-programa-de-radio-pel-dia-24-de-febrer\/attachment\/fede405e-6d90-49e6-8ad5-a602f4fb7f42\/\" rel=\"attachment wp-att-7368\"><img loading=\"lazy\" decoding=\"async\" class=\"alignleft size-large wp-image-7368\" src=\"https:\/\/agora.xtec.cat\/escolasantmarti\/wp-content\/uploads\/usu1487\/2025\/02\/fede405e-6d90-49e6-8ad5-a602f4fb7f42-1024x768.jpg\" alt=\"\" width=\"1024\" height=\"768\" srcset=\"https:\/\/agora.xtec.cat\/escolasantmarti\/wp-content\/uploads\/usu1487\/2025\/02\/fede405e-6d90-49e6-8ad5-a602f4fb7f42-1024x768.jpg 1024w, https:\/\/agora.xtec.cat\/escolasantmarti\/wp-content\/uploads\/usu1487\/2025\/02\/fede405e-6d90-49e6-8ad5-a602f4fb7f42-300x225.jpg 300w, https:\/\/agora.xtec.cat\/escolasantmarti\/wp-content\/uploads\/usu1487\/2025\/02\/fede405e-6d90-49e6-8ad5-a602f4fb7f42-768x576.jpg 768w, https:\/\/agora.xtec.cat\/escolasantmarti\/wp-content\/uploads\/usu1487\/2025\/02\/fede405e-6d90-49e6-8ad5-a602f4fb7f42-1536x1152.jpg 1536w, https:\/\/agora.xtec.cat\/escolasantmarti\/wp-content\/uploads\/usu1487\/2025\/02\/fede405e-6d90-49e6-8ad5-a602f4fb7f42-200x150.jpg 200w, https:\/\/agora.xtec.cat\/escolasantmarti\/wp-content\/uploads\/usu1487\/2025\/02\/fede405e-6d90-49e6-8ad5-a602f4fb7f42.jpg 1600w\" sizes=\"auto, (max-width: 1024px) 100vw, 1024px\" \/><\/a><\/p>\n","protected":false},"excerpt":{"rendered":"<p>Atenci\u00f3, atenci\u00f3! Ja gaireb\u00e9 tenim a punt el nostre proper programa de r\u00e0dio! El podeu escoltar el proper dilluns 24 de febrer a les 15:15h a r\u00e0dio Arenys de munt! Us el perdreu?<\/p>\n","protected":false},"author":1,"featured_media":7364,"comment_status":"open","ping_status":"closed","sticky":false,"template":"","format":"standard","meta":{"_bbp_topic_count":0,"_bbp_reply_count":0,"_bbp_total_topic_count":0,"_bbp_total_reply_count":0,"_bbp_voice_count":0,"_bbp_anonymous_reply_count":0,"_bbp_topic_count_hidden":0,"_bbp_reply_count_hidden":0,"_bbp_forum_subforum_count":0,"site-sidebar-layout":"default","site-content-layout":"","ast-site-content-layout":"","site-content-style":"default","site-sidebar-style":"default","ast-global-header-display":"","ast-banner-title-visibility":"","ast-main-header-display":"","ast-hfb-above-header-display":"","ast-hfb-below-header-display":"","ast-hfb-mobile-header-display":"","site-post-title":"","ast-breadcrumbs-content":"","ast-featured-img":"","footer-sml-layout":"","theme-transparent-header-meta":"","adv-header-id-meta":"","stick-header-meta":"","header-above-stick-meta":"","header-main-stick-meta":"","header-below-stick-meta":"","astra-migrate-meta-layouts":"default","ast-page-background-enabled":"default","ast-page-background-meta":{"desktop":{"background-color":"var(--ast-global-color-4)","background-image":"","background-repeat":"repeat","background-position":"center center","background-size":"auto","background-attachment":"scroll","background-type":"","background-media":"","overlay-type":"","overlay-color":"","overlay-opacity":"","overlay-gradient":""},"tablet":{"background-color":"","background-image":"","background-repeat":"repeat","background-position":"center center","background-size":"auto","background-attachment":"scroll","background-type":"","background-media":"","overlay-type":"","overlay-color":"","overlay-opacity":"","overlay-gradient":""},"mobile":{"background-color":"","background-image":"","background-repeat":"repeat","background-position":"center center","background-size":"auto","background-attachment":"scroll","background-type":"","background-media":"","overlay-type":"","overlay-color":"","overlay-opacity":"","overlay-gradient":""}},"ast-content-background-meta":{"desktop":{"background-color":"var(--ast-global-color-5)","background-image":"","background-repeat":"repeat","background-position":"center center","background-size":"auto","background-attachment":"scroll","background-type":"","background-media":"","overlay-type":"","overlay-color":"","overlay-opacity":"","overlay-gradient":""},"tablet":{"background-color":"var(--ast-global-color-5)","background-image":"","background-repeat":"repeat","background-position":"center center","background-size":"auto","background-attachment":"scroll","background-type":"","background-media":"","overlay-type":"","overlay-color":"","overlay-opacity":"","overlay-gradient":""},"mobile":{"background-color":"var(--ast-global-color-5)","background-image":"","background-repeat":"repeat","background-position":"center center","background-size":"auto","background-attachment":"scroll","background-type":"","background-media":"","overlay-type":"","overlay-color":"","overlay-opacity":"","overlay-gradient":""}},"footnotes":""},"categories":[90,2,5,4,92,93],"tags":[],"class_list":["post-7362","post","type-post","status-publish","format-standard","has-post-thumbnail","hentry","category-competencia-digital","category-infantil","category-primaria","category-portada","category-projectes","category-radio"],"post_mailing_queue_ids":[],"_links":{"self":[{"href":"https:\/\/agora.xtec.cat\/escolasantmarti\/wp-json\/wp\/v2\/posts\/7362","targetHints":{"allow":["GET"]}}],"collection":[{"href":"https:\/\/agora.xtec.cat\/escolasantmarti\/wp-json\/wp\/v2\/posts"}],"about":[{"href":"https:\/\/agora.xtec.cat\/escolasantmarti\/wp-json\/wp\/v2\/types\/post"}],"author":[{"embeddable":true,"href":"https:\/\/agora.xtec.cat\/escolasantmarti\/wp-json\/wp\/v2\/users\/1"}],"replies":[{"embeddable":true,"href":"https:\/\/agora.xtec.cat\/escolasantmarti\/wp-json\/wp\/v2\/comments?post=7362"}],"version-history":[{"count":2,"href":"https:\/\/agora.xtec.cat\/escolasantmarti\/wp-json\/wp\/v2\/posts\/7362\/revisions"}],"predecessor-version":[{"id":7370,"href":"https:\/\/agora.xtec.cat\/escolasantmarti\/wp-json\/wp\/v2\/posts\/7362\/revisions\/7370"}],"wp:featuredmedia":[{"embeddable":true,"href":"https:\/\/agora.xtec.cat\/escolasantmarti\/wp-json\/wp\/v2\/media\/7364"}],"wp:attachment":[{"href":"https:\/\/agora.xtec.cat\/escolasantmarti\/wp-json\/wp\/v2\/media?parent=7362"}],"wp:term":[{"taxonomy":"category","embeddable":true,"href":"https:\/\/agora.xtec.cat\/escolasantmarti\/wp-json\/wp\/v2\/categories?post=7362"},{"taxonomy":"post_tag","embeddable":true,"href":"https:\/\/agora.xtec.cat\/escolasantmarti\/wp-json\/wp\/v2\/tags?post=7362"}],"curies":[{"name":"wp","href":"https:\/\/api.w.org\/{rel}","templated":true}]}}