{"id":7162,"date":"2024-11-22T17:31:22","date_gmt":"2024-11-22T16:31:22","guid":{"rendered":"https:\/\/agora.xtec.cat\/escolasantmarti\/?p=7162"},"modified":"2024-12-04T17:34:47","modified_gmt":"2024-12-04T16:34:47","slug":"finalment-podem-plantar-al-nostre-hort","status":"publish","type":"post","link":"https:\/\/agora.xtec.cat\/escolasantmarti\/portada\/finalment-podem-plantar-al-nostre-hort\/","title":{"rendered":"FINALMENT PODEM PLANTAR AL NOSTRE HORT"},"content":{"rendered":"<p>Avui, per fi hem pogut plantar al nostre hort. Abans d\u2019arribar aqu\u00ed hem fet tot un proc\u00e9s dins del nostre projecte on l\u2019hem mesurat, hem mirat quines plantes pod\u00edem plantar i hem calculat quantes unitats de planter hav\u00edem de comprar. Tamb\u00e9 hem preparat el s\u00f2l perqu\u00e8 fos adient per fer cr\u00e9ixer les nostres plantes. Ara a cuidar-les i a gaudir del proc\u00e9s!<br \/>\n<a href=\"https:\/\/agora.xtec.cat\/escolasantmarti\/portada\/finalment-podem-plantar-al-nostre-hort\/attachment\/8a7cb2d4-952f-46b4-88dc-0b44817490ae\/\" rel=\"attachment wp-att-7163\"><img loading=\"lazy\" decoding=\"async\" src=\"https:\/\/agora.xtec.cat\/escolasantmarti\/wp-content\/uploads\/usu1487\/2024\/12\/8a7cb2d4-952f-46b4-88dc-0b44817490ae.jpg\" alt=\"\" width=\"1200\" height=\"1600\" class=\"alignleft size-full wp-image-7163\" srcset=\"https:\/\/agora.xtec.cat\/escolasantmarti\/wp-content\/uploads\/usu1487\/2024\/12\/8a7cb2d4-952f-46b4-88dc-0b44817490ae.jpg 1200w, https:\/\/agora.xtec.cat\/escolasantmarti\/wp-content\/uploads\/usu1487\/2024\/12\/8a7cb2d4-952f-46b4-88dc-0b44817490ae-225x300.jpg 225w, https:\/\/agora.xtec.cat\/escolasantmarti\/wp-content\/uploads\/usu1487\/2024\/12\/8a7cb2d4-952f-46b4-88dc-0b44817490ae-768x1024.jpg 768w, https:\/\/agora.xtec.cat\/escolasantmarti\/wp-content\/uploads\/usu1487\/2024\/12\/8a7cb2d4-952f-46b4-88dc-0b44817490ae-1152x1536.jpg 1152w\" sizes=\"auto, (max-width: 1200px) 100vw, 1200px\" \/><\/a><\/p>\n<p><a href=\"https:\/\/agora.xtec.cat\/escolasantmarti\/portada\/finalment-podem-plantar-al-nostre-hort\/attachment\/8c170856-4b22-45e8-b94c-4c1460e30f08\/\" rel=\"attachment wp-att-7164\"><img loading=\"lazy\" decoding=\"async\" src=\"https:\/\/agora.xtec.cat\/escolasantmarti\/wp-content\/uploads\/usu1487\/2024\/12\/8c170856-4b22-45e8-b94c-4c1460e30f08.jpg\" alt=\"\" width=\"1200\" height=\"1600\" class=\"alignleft size-full wp-image-7164\" srcset=\"https:\/\/agora.xtec.cat\/escolasantmarti\/wp-content\/uploads\/usu1487\/2024\/12\/8c170856-4b22-45e8-b94c-4c1460e30f08.jpg 1200w, https:\/\/agora.xtec.cat\/escolasantmarti\/wp-content\/uploads\/usu1487\/2024\/12\/8c170856-4b22-45e8-b94c-4c1460e30f08-225x300.jpg 225w, https:\/\/agora.xtec.cat\/escolasantmarti\/wp-content\/uploads\/usu1487\/2024\/12\/8c170856-4b22-45e8-b94c-4c1460e30f08-768x1024.jpg 768w, https:\/\/agora.xtec.cat\/escolasantmarti\/wp-content\/uploads\/usu1487\/2024\/12\/8c170856-4b22-45e8-b94c-4c1460e30f08-1152x1536.jpg 1152w\" sizes=\"auto, (max-width: 1200px) 100vw, 1200px\" \/><\/a><\/p>\n<p><a href=\"https:\/\/agora.xtec.cat\/escolasantmarti\/portada\/finalment-podem-plantar-al-nostre-hort\/attachment\/59f01c65-9b38-4ded-9e35-79e3a5520e80\/\" rel=\"attachment wp-att-7165\"><img loading=\"lazy\" decoding=\"async\" src=\"https:\/\/agora.xtec.cat\/escolasantmarti\/wp-content\/uploads\/usu1487\/2024\/12\/59f01c65-9b38-4ded-9e35-79e3a5520e80.jpg\" alt=\"\" width=\"1200\" height=\"1600\" class=\"alignleft size-full wp-image-7165\" srcset=\"https:\/\/agora.xtec.cat\/escolasantmarti\/wp-content\/uploads\/usu1487\/2024\/12\/59f01c65-9b38-4ded-9e35-79e3a5520e80.jpg 1200w, https:\/\/agora.xtec.cat\/escolasantmarti\/wp-content\/uploads\/usu1487\/2024\/12\/59f01c65-9b38-4ded-9e35-79e3a5520e80-225x300.jpg 225w, https:\/\/agora.xtec.cat\/escolasantmarti\/wp-content\/uploads\/usu1487\/2024\/12\/59f01c65-9b38-4ded-9e35-79e3a5520e80-768x1024.jpg 768w, https:\/\/agora.xtec.cat\/escolasantmarti\/wp-content\/uploads\/usu1487\/2024\/12\/59f01c65-9b38-4ded-9e35-79e3a5520e80-1152x1536.jpg 1152w\" sizes=\"auto, (max-width: 1200px) 100vw, 1200px\" \/><\/a><\/p>\n<p><a href=\"https:\/\/agora.xtec.cat\/escolasantmarti\/portada\/finalment-podem-plantar-al-nostre-hort\/attachment\/69f91555-2c3a-460b-a674-2e71a76a1042\/\" rel=\"attachment wp-att-7166\"><img loading=\"lazy\" decoding=\"async\" src=\"https:\/\/agora.xtec.cat\/escolasantmarti\/wp-content\/uploads\/usu1487\/2024\/12\/69f91555-2c3a-460b-a674-2e71a76a1042.jpg\" alt=\"\" width=\"1200\" height=\"1600\" class=\"alignleft size-full wp-image-7166\" srcset=\"https:\/\/agora.xtec.cat\/escolasantmarti\/wp-content\/uploads\/usu1487\/2024\/12\/69f91555-2c3a-460b-a674-2e71a76a1042.jpg 1200w, https:\/\/agora.xtec.cat\/escolasantmarti\/wp-content\/uploads\/usu1487\/2024\/12\/69f91555-2c3a-460b-a674-2e71a76a1042-225x300.jpg 225w, https:\/\/agora.xtec.cat\/escolasantmarti\/wp-content\/uploads\/usu1487\/2024\/12\/69f91555-2c3a-460b-a674-2e71a76a1042-768x1024.jpg 768w, https:\/\/agora.xtec.cat\/escolasantmarti\/wp-content\/uploads\/usu1487\/2024\/12\/69f91555-2c3a-460b-a674-2e71a76a1042-1152x1536.jpg 1152w\" sizes=\"auto, (max-width: 1200px) 100vw, 1200px\" \/><\/a><\/p>\n<p><a href=\"https:\/\/agora.xtec.cat\/escolasantmarti\/portada\/finalment-podem-plantar-al-nostre-hort\/attachment\/92e8887c-8925-4fa4-b60b-c238416215fa\/\" rel=\"attachment wp-att-7167\"><img loading=\"lazy\" decoding=\"async\" src=\"https:\/\/agora.xtec.cat\/escolasantmarti\/wp-content\/uploads\/usu1487\/2024\/12\/92e8887c-8925-4fa4-b60b-c238416215fa.jpg\" alt=\"\" width=\"1500\" height=\"2000\" class=\"alignleft size-full wp-image-7167\" srcset=\"https:\/\/agora.xtec.cat\/escolasantmarti\/wp-content\/uploads\/usu1487\/2024\/12\/92e8887c-8925-4fa4-b60b-c238416215fa.jpg 1500w, https:\/\/agora.xtec.cat\/escolasantmarti\/wp-content\/uploads\/usu1487\/2024\/12\/92e8887c-8925-4fa4-b60b-c238416215fa-225x300.jpg 225w, https:\/\/agora.xtec.cat\/escolasantmarti\/wp-content\/uploads\/usu1487\/2024\/12\/92e8887c-8925-4fa4-b60b-c238416215fa-768x1024.jpg 768w, https:\/\/agora.xtec.cat\/escolasantmarti\/wp-content\/uploads\/usu1487\/2024\/12\/92e8887c-8925-4fa4-b60b-c238416215fa-1152x1536.jpg 1152w\" sizes=\"auto, (max-width: 1500px) 100vw, 1500px\" \/><\/a><\/p>\n<p><a href=\"https:\/\/agora.xtec.cat\/escolasantmarti\/portada\/finalment-podem-plantar-al-nostre-hort\/attachment\/923b7e0a-e9b6-4f7d-b145-f87fb345560f\/\" rel=\"attachment wp-att-7168\"><img loading=\"lazy\" decoding=\"async\" src=\"https:\/\/agora.xtec.cat\/escolasantmarti\/wp-content\/uploads\/usu1487\/2024\/12\/923b7e0a-e9b6-4f7d-b145-f87fb345560f.jpg\" alt=\"\" width=\"1500\" height=\"2000\" class=\"alignleft size-full wp-image-7168\" srcset=\"https:\/\/agora.xtec.cat\/escolasantmarti\/wp-content\/uploads\/usu1487\/2024\/12\/923b7e0a-e9b6-4f7d-b145-f87fb345560f.jpg 1500w, https:\/\/agora.xtec.cat\/escolasantmarti\/wp-content\/uploads\/usu1487\/2024\/12\/923b7e0a-e9b6-4f7d-b145-f87fb345560f-225x300.jpg 225w, https:\/\/agora.xtec.cat\/escolasantmarti\/wp-content\/uploads\/usu1487\/2024\/12\/923b7e0a-e9b6-4f7d-b145-f87fb345560f-768x1024.jpg 768w, https:\/\/agora.xtec.cat\/escolasantmarti\/wp-content\/uploads\/usu1487\/2024\/12\/923b7e0a-e9b6-4f7d-b145-f87fb345560f-1152x1536.jpg 1152w\" sizes=\"auto, (max-width: 1500px) 100vw, 1500px\" \/><\/a><\/p>\n<p><a href=\"https:\/\/agora.xtec.cat\/escolasantmarti\/portada\/finalment-podem-plantar-al-nostre-hort\/attachment\/9637c738-f159-4ff9-ab6a-305c81b50249\/\" rel=\"attachment wp-att-7169\"><img loading=\"lazy\" decoding=\"async\" src=\"https:\/\/agora.xtec.cat\/escolasantmarti\/wp-content\/uploads\/usu1487\/2024\/12\/9637c738-f159-4ff9-ab6a-305c81b50249.jpg\" alt=\"\" width=\"1500\" height=\"2000\" class=\"alignleft size-full wp-image-7169\" srcset=\"https:\/\/agora.xtec.cat\/escolasantmarti\/wp-content\/uploads\/usu1487\/2024\/12\/9637c738-f159-4ff9-ab6a-305c81b50249.jpg 1500w, https:\/\/agora.xtec.cat\/escolasantmarti\/wp-content\/uploads\/usu1487\/2024\/12\/9637c738-f159-4ff9-ab6a-305c81b50249-225x300.jpg 225w, https:\/\/agora.xtec.cat\/escolasantmarti\/wp-content\/uploads\/usu1487\/2024\/12\/9637c738-f159-4ff9-ab6a-305c81b50249-768x1024.jpg 768w, https:\/\/agora.xtec.cat\/escolasantmarti\/wp-content\/uploads\/usu1487\/2024\/12\/9637c738-f159-4ff9-ab6a-305c81b50249-1152x1536.jpg 1152w\" sizes=\"auto, (max-width: 1500px) 100vw, 1500px\" \/><\/a><\/p>\n<p><a href=\"https:\/\/agora.xtec.cat\/escolasantmarti\/portada\/finalment-podem-plantar-al-nostre-hort\/attachment\/b327d80a-af43-400e-b872-2b4f6e51c080\/\" rel=\"attachment wp-att-7170\"><img loading=\"lazy\" decoding=\"async\" src=\"https:\/\/agora.xtec.cat\/escolasantmarti\/wp-content\/uploads\/usu1487\/2024\/12\/b327d80a-af43-400e-b872-2b4f6e51c080.jpg\" alt=\"\" width=\"1200\" height=\"1600\" class=\"alignleft size-full wp-image-7170\" srcset=\"https:\/\/agora.xtec.cat\/escolasantmarti\/wp-content\/uploads\/usu1487\/2024\/12\/b327d80a-af43-400e-b872-2b4f6e51c080.jpg 1200w, https:\/\/agora.xtec.cat\/escolasantmarti\/wp-content\/uploads\/usu1487\/2024\/12\/b327d80a-af43-400e-b872-2b4f6e51c080-225x300.jpg 225w, https:\/\/agora.xtec.cat\/escolasantmarti\/wp-content\/uploads\/usu1487\/2024\/12\/b327d80a-af43-400e-b872-2b4f6e51c080-768x1024.jpg 768w, https:\/\/agora.xtec.cat\/escolasantmarti\/wp-content\/uploads\/usu1487\/2024\/12\/b327d80a-af43-400e-b872-2b4f6e51c080-1152x1536.jpg 1152w\" sizes=\"auto, (max-width: 1200px) 100vw, 1200px\" \/><\/a><\/p>\n<p><a href=\"https:\/\/agora.xtec.cat\/escolasantmarti\/portada\/finalment-podem-plantar-al-nostre-hort\/attachment\/fc8e6683-c70f-47a4-917b-fd6b78730616\/\" rel=\"attachment wp-att-7171\"><img loading=\"lazy\" decoding=\"async\" src=\"https:\/\/agora.xtec.cat\/escolasantmarti\/wp-content\/uploads\/usu1487\/2024\/12\/fc8e6683-c70f-47a4-917b-fd6b78730616.jpg\" alt=\"\" width=\"1200\" height=\"1600\" class=\"alignleft size-full wp-image-7171\" srcset=\"https:\/\/agora.xtec.cat\/escolasantmarti\/wp-content\/uploads\/usu1487\/2024\/12\/fc8e6683-c70f-47a4-917b-fd6b78730616.jpg 1200w, https:\/\/agora.xtec.cat\/escolasantmarti\/wp-content\/uploads\/usu1487\/2024\/12\/fc8e6683-c70f-47a4-917b-fd6b78730616-225x300.jpg 225w, https:\/\/agora.xtec.cat\/escolasantmarti\/wp-content\/uploads\/usu1487\/2024\/12\/fc8e6683-c70f-47a4-917b-fd6b78730616-768x1024.jpg 768w, https:\/\/agora.xtec.cat\/escolasantmarti\/wp-content\/uploads\/usu1487\/2024\/12\/fc8e6683-c70f-47a4-917b-fd6b78730616-1152x1536.jpg 1152w\" sizes=\"auto, (max-width: 1200px) 100vw, 1200px\" \/><\/a><\/p>\n","protected":false},"excerpt":{"rendered":"<p>Avui, per fi hem pogut plantar al nostre hort. Abans d\u2019arribar aqu\u00ed hem fet tot un proc\u00e9s dins del nostre projecte on l\u2019hem mesurat, hem mirat quines plantes pod\u00edem plantar i hem calculat quantes unitats de planter hav\u00edem de comprar. Tamb\u00e9 hem preparat el s\u00f2l perqu\u00e8 fos adient per fer cr\u00e9ixer les nostres plantes. Ara [&hellip;]<\/p>\n","protected":false},"author":1,"featured_media":7167,"comment_status":"open","ping_status":"closed","sticky":false,"template":"","format":"standard","meta":{"_bbp_topic_count":0,"_bbp_reply_count":0,"_bbp_total_topic_count":0,"_bbp_total_reply_count":0,"_bbp_voice_count":0,"_bbp_anonymous_reply_count":0,"_bbp_topic_count_hidden":0,"_bbp_reply_count_hidden":0,"_bbp_forum_subforum_count":0,"site-sidebar-layout":"default","site-content-layout":"","ast-site-content-layout":"","site-content-style":"default","site-sidebar-style":"default","ast-global-header-display":"","ast-banner-title-visibility":"","ast-main-header-display":"","ast-hfb-above-header-display":"","ast-hfb-below-header-display":"","ast-hfb-mobile-header-display":"","site-post-title":"","ast-breadcrumbs-content":"","ast-featured-img":"","footer-sml-layout":"","theme-transparent-header-meta":"","adv-header-id-meta":"","stick-header-meta":"","header-above-stick-meta":"","header-main-stick-meta":"","header-below-stick-meta":"","astra-migrate-meta-layouts":"default","ast-page-background-enabled":"default","ast-page-background-meta":{"desktop":{"background-color":"var(--ast-global-color-4)","background-image":"","background-repeat":"repeat","background-position":"center center","background-size":"auto","background-attachment":"scroll","background-type":"","background-media":"","overlay-type":"","overlay-color":"","overlay-opacity":"","overlay-gradient":""},"tablet":{"background-color":"","background-image":"","background-repeat":"repeat","background-position":"center center","background-size":"auto","background-attachment":"scroll","background-type":"","background-media":"","overlay-type":"","overlay-color":"","overlay-opacity":"","overlay-gradient":""},"mobile":{"background-color":"","background-image":"","background-repeat":"repeat","background-position":"center center","background-size":"auto","background-attachment":"scroll","background-type":"","background-media":"","overlay-type":"","overlay-color":"","overlay-opacity":"","overlay-gradient":""}},"ast-content-background-meta":{"desktop":{"background-color":"var(--ast-global-color-5)","background-image":"","background-repeat":"repeat","background-position":"center center","background-size":"auto","background-attachment":"scroll","background-type":"","background-media":"","overlay-type":"","overlay-color":"","overlay-opacity":"","overlay-gradient":""},"tablet":{"background-color":"var(--ast-global-color-5)","background-image":"","background-repeat":"repeat","background-position":"center center","background-size":"auto","background-attachment":"scroll","background-type":"","background-media":"","overlay-type":"","overlay-color":"","overlay-opacity":"","overlay-gradient":""},"mobile":{"background-color":"var(--ast-global-color-5)","background-image":"","background-repeat":"repeat","background-position":"center center","background-size":"auto","background-attachment":"scroll","background-type":"","background-media":"","overlay-type":"","overlay-color":"","overlay-opacity":"","overlay-gradient":""}},"footnotes":""},"categories":[14,112,109,4,92],"tags":[],"class_list":["post-7162","post","type-post","status-publish","format-standard","has-post-thumbnail","hentry","category-5e","category-escola-verda","category-hort","category-portada","category-projectes"],"post_mailing_queue_ids":[],"_links":{"self":[{"href":"https:\/\/agora.xtec.cat\/escolasantmarti\/wp-json\/wp\/v2\/posts\/7162","targetHints":{"allow":["GET"]}}],"collection":[{"href":"https:\/\/agora.xtec.cat\/escolasantmarti\/wp-json\/wp\/v2\/posts"}],"about":[{"href":"https:\/\/agora.xtec.cat\/escolasantmarti\/wp-json\/wp\/v2\/types\/post"}],"author":[{"embeddable":true,"href":"https:\/\/agora.xtec.cat\/escolasantmarti\/wp-json\/wp\/v2\/users\/1"}],"replies":[{"embeddable":true,"href":"https:\/\/agora.xtec.cat\/escolasantmarti\/wp-json\/wp\/v2\/comments?post=7162"}],"version-history":[{"count":2,"href":"https:\/\/agora.xtec.cat\/escolasantmarti\/wp-json\/wp\/v2\/posts\/7162\/revisions"}],"predecessor-version":[{"id":7173,"href":"https:\/\/agora.xtec.cat\/escolasantmarti\/wp-json\/wp\/v2\/posts\/7162\/revisions\/7173"}],"wp:featuredmedia":[{"embeddable":true,"href":"https:\/\/agora.xtec.cat\/escolasantmarti\/wp-json\/wp\/v2\/media\/7167"}],"wp:attachment":[{"href":"https:\/\/agora.xtec.cat\/escolasantmarti\/wp-json\/wp\/v2\/media?parent=7162"}],"wp:term":[{"taxonomy":"category","embeddable":true,"href":"https:\/\/agora.xtec.cat\/escolasantmarti\/wp-json\/wp\/v2\/categories?post=7162"},{"taxonomy":"post_tag","embeddable":true,"href":"https:\/\/agora.xtec.cat\/escolasantmarti\/wp-json\/wp\/v2\/tags?post=7162"}],"curies":[{"name":"wp","href":"https:\/\/api.w.org\/{rel}","templated":true}]}}