{"id":6722,"date":"2024-05-17T11:40:43","date_gmt":"2024-05-17T09:40:43","guid":{"rendered":"https:\/\/agora.xtec.cat\/escolasantmarti\/?p=6722"},"modified":"2024-05-18T11:52:14","modified_gmt":"2024-05-18T09:52:14","slug":"caminem-descalcos-a-arbucies","status":"publish","type":"post","link":"https:\/\/agora.xtec.cat\/escolasantmarti\/portada\/caminem-descalcos-a-arbucies\/","title":{"rendered":"CAMINEM DESCAL\u00c7OS A ARB\u00daCIES"},"content":{"rendered":"<p>Avui els nens i nenes de 1r hem passat un dia genial, hem experimentat ,apr\u00e8s i compartit en un entorn immillorable!<a href=\"https:\/\/agora.xtec.cat\/escolasantmarti\/portada\/caminem-descalcos-a-arbucies\/attachment\/9bc427c7-ebf2-4fc2-9725-4f14070fa1fb\/\" rel=\"attachment wp-att-6723\"><img loading=\"lazy\" decoding=\"async\" class=\"alignleft size-full wp-image-6723\" src=\"https:\/\/agora.xtec.cat\/escolasantmarti\/wp-content\/uploads\/usu1487\/2024\/05\/9bc427c7-ebf2-4fc2-9725-4f14070fa1fb.jpg\" alt=\"\" width=\"2048\" height=\"1536\" srcset=\"https:\/\/agora.xtec.cat\/escolasantmarti\/wp-content\/uploads\/usu1487\/2024\/05\/9bc427c7-ebf2-4fc2-9725-4f14070fa1fb.jpg 2048w, https:\/\/agora.xtec.cat\/escolasantmarti\/wp-content\/uploads\/usu1487\/2024\/05\/9bc427c7-ebf2-4fc2-9725-4f14070fa1fb-300x225.jpg 300w, https:\/\/agora.xtec.cat\/escolasantmarti\/wp-content\/uploads\/usu1487\/2024\/05\/9bc427c7-ebf2-4fc2-9725-4f14070fa1fb-1024x768.jpg 1024w, https:\/\/agora.xtec.cat\/escolasantmarti\/wp-content\/uploads\/usu1487\/2024\/05\/9bc427c7-ebf2-4fc2-9725-4f14070fa1fb-768x576.jpg 768w, https:\/\/agora.xtec.cat\/escolasantmarti\/wp-content\/uploads\/usu1487\/2024\/05\/9bc427c7-ebf2-4fc2-9725-4f14070fa1fb-1536x1152.jpg 1536w, https:\/\/agora.xtec.cat\/escolasantmarti\/wp-content\/uploads\/usu1487\/2024\/05\/9bc427c7-ebf2-4fc2-9725-4f14070fa1fb-200x150.jpg 200w\" sizes=\"auto, (max-width: 2048px) 100vw, 2048px\" \/><\/a> <a href=\"https:\/\/agora.xtec.cat\/escolasantmarti\/portada\/caminem-descalcos-a-arbucies\/attachment\/34e324c9-c52e-4c30-bec2-53eefd510d3e\/\" rel=\"attachment wp-att-6724\"><img loading=\"lazy\" decoding=\"async\" class=\"alignleft size-full wp-image-6724\" src=\"https:\/\/agora.xtec.cat\/escolasantmarti\/wp-content\/uploads\/usu1487\/2024\/05\/34e324c9-c52e-4c30-bec2-53eefd510d3e.jpg\" alt=\"\" width=\"1200\" height=\"1600\" srcset=\"https:\/\/agora.xtec.cat\/escolasantmarti\/wp-content\/uploads\/usu1487\/2024\/05\/34e324c9-c52e-4c30-bec2-53eefd510d3e.jpg 1200w, https:\/\/agora.xtec.cat\/escolasantmarti\/wp-content\/uploads\/usu1487\/2024\/05\/34e324c9-c52e-4c30-bec2-53eefd510d3e-225x300.jpg 225w, https:\/\/agora.xtec.cat\/escolasantmarti\/wp-content\/uploads\/usu1487\/2024\/05\/34e324c9-c52e-4c30-bec2-53eefd510d3e-768x1024.jpg 768w, https:\/\/agora.xtec.cat\/escolasantmarti\/wp-content\/uploads\/usu1487\/2024\/05\/34e324c9-c52e-4c30-bec2-53eefd510d3e-1152x1536.jpg 1152w\" sizes=\"auto, (max-width: 1200px) 100vw, 1200px\" \/><\/a> <a href=\"https:\/\/agora.xtec.cat\/escolasantmarti\/portada\/caminem-descalcos-a-arbucies\/attachment\/68ab02d8-44ce-47a2-9e8b-9a77f021b4d6\/\" rel=\"attachment wp-att-6725\"><img loading=\"lazy\" decoding=\"async\" class=\"alignleft size-full wp-image-6725\" src=\"https:\/\/agora.xtec.cat\/escolasantmarti\/wp-content\/uploads\/usu1487\/2024\/05\/68ab02d8-44ce-47a2-9e8b-9a77f021b4d6.jpg\" alt=\"\" width=\"1536\" height=\"2048\" srcset=\"https:\/\/agora.xtec.cat\/escolasantmarti\/wp-content\/uploads\/usu1487\/2024\/05\/68ab02d8-44ce-47a2-9e8b-9a77f021b4d6.jpg 1536w, https:\/\/agora.xtec.cat\/escolasantmarti\/wp-content\/uploads\/usu1487\/2024\/05\/68ab02d8-44ce-47a2-9e8b-9a77f021b4d6-225x300.jpg 225w, https:\/\/agora.xtec.cat\/escolasantmarti\/wp-content\/uploads\/usu1487\/2024\/05\/68ab02d8-44ce-47a2-9e8b-9a77f021b4d6-768x1024.jpg 768w, https:\/\/agora.xtec.cat\/escolasantmarti\/wp-content\/uploads\/usu1487\/2024\/05\/68ab02d8-44ce-47a2-9e8b-9a77f021b4d6-1152x1536.jpg 1152w\" sizes=\"auto, (max-width: 1536px) 100vw, 1536px\" \/><\/a> <a href=\"https:\/\/agora.xtec.cat\/escolasantmarti\/portada\/caminem-descalcos-a-arbucies\/attachment\/94ba1a75-8c13-4c6c-8bf5-7e086462e94d\/\" rel=\"attachment wp-att-6726\"><img loading=\"lazy\" decoding=\"async\" class=\"alignleft size-full wp-image-6726\" src=\"https:\/\/agora.xtec.cat\/escolasantmarti\/wp-content\/uploads\/usu1487\/2024\/05\/94ba1a75-8c13-4c6c-8bf5-7e086462e94d.jpg\" alt=\"\" width=\"2048\" height=\"1536\" srcset=\"https:\/\/agora.xtec.cat\/escolasantmarti\/wp-content\/uploads\/usu1487\/2024\/05\/94ba1a75-8c13-4c6c-8bf5-7e086462e94d.jpg 2048w, https:\/\/agora.xtec.cat\/escolasantmarti\/wp-content\/uploads\/usu1487\/2024\/05\/94ba1a75-8c13-4c6c-8bf5-7e086462e94d-300x225.jpg 300w, https:\/\/agora.xtec.cat\/escolasantmarti\/wp-content\/uploads\/usu1487\/2024\/05\/94ba1a75-8c13-4c6c-8bf5-7e086462e94d-1024x768.jpg 1024w, https:\/\/agora.xtec.cat\/escolasantmarti\/wp-content\/uploads\/usu1487\/2024\/05\/94ba1a75-8c13-4c6c-8bf5-7e086462e94d-768x576.jpg 768w, https:\/\/agora.xtec.cat\/escolasantmarti\/wp-content\/uploads\/usu1487\/2024\/05\/94ba1a75-8c13-4c6c-8bf5-7e086462e94d-1536x1152.jpg 1536w, https:\/\/agora.xtec.cat\/escolasantmarti\/wp-content\/uploads\/usu1487\/2024\/05\/94ba1a75-8c13-4c6c-8bf5-7e086462e94d-200x150.jpg 200w\" sizes=\"auto, (max-width: 2048px) 100vw, 2048px\" \/><\/a> <a href=\"https:\/\/agora.xtec.cat\/escolasantmarti\/portada\/caminem-descalcos-a-arbucies\/attachment\/572e37c3-ac7e-4896-b07a-8954e5a8fa89\/\" rel=\"attachment wp-att-6727\"><img loading=\"lazy\" decoding=\"async\" class=\"alignleft size-full wp-image-6727\" src=\"https:\/\/agora.xtec.cat\/escolasantmarti\/wp-content\/uploads\/usu1487\/2024\/05\/572e37c3-ac7e-4896-b07a-8954e5a8fa89.jpg\" alt=\"\" width=\"1536\" height=\"2048\" srcset=\"https:\/\/agora.xtec.cat\/escolasantmarti\/wp-content\/uploads\/usu1487\/2024\/05\/572e37c3-ac7e-4896-b07a-8954e5a8fa89.jpg 1536w, https:\/\/agora.xtec.cat\/escolasantmarti\/wp-content\/uploads\/usu1487\/2024\/05\/572e37c3-ac7e-4896-b07a-8954e5a8fa89-225x300.jpg 225w, https:\/\/agora.xtec.cat\/escolasantmarti\/wp-content\/uploads\/usu1487\/2024\/05\/572e37c3-ac7e-4896-b07a-8954e5a8fa89-768x1024.jpg 768w, https:\/\/agora.xtec.cat\/escolasantmarti\/wp-content\/uploads\/usu1487\/2024\/05\/572e37c3-ac7e-4896-b07a-8954e5a8fa89-1152x1536.jpg 1152w\" sizes=\"auto, (max-width: 1536px) 100vw, 1536px\" \/><\/a> <a href=\"https:\/\/agora.xtec.cat\/escolasantmarti\/portada\/caminem-descalcos-a-arbucies\/attachment\/872d3910-1a86-4833-895b-33cc35675c20\/\" rel=\"attachment wp-att-6728\"><img loading=\"lazy\" decoding=\"async\" class=\"alignleft size-full wp-image-6728\" src=\"https:\/\/agora.xtec.cat\/escolasantmarti\/wp-content\/uploads\/usu1487\/2024\/05\/872d3910-1a86-4833-895b-33cc35675c20.jpg\" alt=\"\" width=\"1536\" height=\"2048\" srcset=\"https:\/\/agora.xtec.cat\/escolasantmarti\/wp-content\/uploads\/usu1487\/2024\/05\/872d3910-1a86-4833-895b-33cc35675c20.jpg 1536w, https:\/\/agora.xtec.cat\/escolasantmarti\/wp-content\/uploads\/usu1487\/2024\/05\/872d3910-1a86-4833-895b-33cc35675c20-225x300.jpg 225w, https:\/\/agora.xtec.cat\/escolasantmarti\/wp-content\/uploads\/usu1487\/2024\/05\/872d3910-1a86-4833-895b-33cc35675c20-768x1024.jpg 768w, https:\/\/agora.xtec.cat\/escolasantmarti\/wp-content\/uploads\/usu1487\/2024\/05\/872d3910-1a86-4833-895b-33cc35675c20-1152x1536.jpg 1152w\" sizes=\"auto, (max-width: 1536px) 100vw, 1536px\" \/><\/a> <a href=\"https:\/\/agora.xtec.cat\/escolasantmarti\/portada\/caminem-descalcos-a-arbucies\/attachment\/8879a4e0-ff15-4549-aa59-62f38b772ab8\/\" rel=\"attachment wp-att-6729\"><img loading=\"lazy\" decoding=\"async\" class=\"alignleft size-full wp-image-6729\" src=\"https:\/\/agora.xtec.cat\/escolasantmarti\/wp-content\/uploads\/usu1487\/2024\/05\/8879a4e0-ff15-4549-aa59-62f38b772ab8.jpg\" alt=\"\" width=\"1536\" height=\"2048\" srcset=\"https:\/\/agora.xtec.cat\/escolasantmarti\/wp-content\/uploads\/usu1487\/2024\/05\/8879a4e0-ff15-4549-aa59-62f38b772ab8.jpg 1536w, https:\/\/agora.xtec.cat\/escolasantmarti\/wp-content\/uploads\/usu1487\/2024\/05\/8879a4e0-ff15-4549-aa59-62f38b772ab8-225x300.jpg 225w, https:\/\/agora.xtec.cat\/escolasantmarti\/wp-content\/uploads\/usu1487\/2024\/05\/8879a4e0-ff15-4549-aa59-62f38b772ab8-768x1024.jpg 768w, https:\/\/agora.xtec.cat\/escolasantmarti\/wp-content\/uploads\/usu1487\/2024\/05\/8879a4e0-ff15-4549-aa59-62f38b772ab8-1152x1536.jpg 1152w\" sizes=\"auto, (max-width: 1536px) 100vw, 1536px\" \/><\/a> <a href=\"https:\/\/agora.xtec.cat\/escolasantmarti\/portada\/caminem-descalcos-a-arbucies\/attachment\/74098830-f58e-45e3-87da-d543daf0e4df\/\" rel=\"attachment wp-att-6730\"><img loading=\"lazy\" decoding=\"async\" class=\"alignleft size-full wp-image-6730\" src=\"https:\/\/agora.xtec.cat\/escolasantmarti\/wp-content\/uploads\/usu1487\/2024\/05\/74098830-f58e-45e3-87da-d543daf0e4df.jpg\" alt=\"\" width=\"1536\" height=\"2048\" srcset=\"https:\/\/agora.xtec.cat\/escolasantmarti\/wp-content\/uploads\/usu1487\/2024\/05\/74098830-f58e-45e3-87da-d543daf0e4df.jpg 1536w, https:\/\/agora.xtec.cat\/escolasantmarti\/wp-content\/uploads\/usu1487\/2024\/05\/74098830-f58e-45e3-87da-d543daf0e4df-225x300.jpg 225w, https:\/\/agora.xtec.cat\/escolasantmarti\/wp-content\/uploads\/usu1487\/2024\/05\/74098830-f58e-45e3-87da-d543daf0e4df-768x1024.jpg 768w, https:\/\/agora.xtec.cat\/escolasantmarti\/wp-content\/uploads\/usu1487\/2024\/05\/74098830-f58e-45e3-87da-d543daf0e4df-1152x1536.jpg 1152w\" sizes=\"auto, (max-width: 1536px) 100vw, 1536px\" \/><\/a> <a href=\"https:\/\/agora.xtec.cat\/escolasantmarti\/portada\/caminem-descalcos-a-arbucies\/attachment\/a5bfebad-15d5-45a9-91f4-f3dd09e302cd\/\" rel=\"attachment wp-att-6731\"><img loading=\"lazy\" decoding=\"async\" class=\"alignleft size-full wp-image-6731\" src=\"https:\/\/agora.xtec.cat\/escolasantmarti\/wp-content\/uploads\/usu1487\/2024\/05\/a5bfebad-15d5-45a9-91f4-f3dd09e302cd.jpg\" alt=\"\" width=\"2048\" height=\"1536\" srcset=\"https:\/\/agora.xtec.cat\/escolasantmarti\/wp-content\/uploads\/usu1487\/2024\/05\/a5bfebad-15d5-45a9-91f4-f3dd09e302cd.jpg 2048w, https:\/\/agora.xtec.cat\/escolasantmarti\/wp-content\/uploads\/usu1487\/2024\/05\/a5bfebad-15d5-45a9-91f4-f3dd09e302cd-300x225.jpg 300w, https:\/\/agora.xtec.cat\/escolasantmarti\/wp-content\/uploads\/usu1487\/2024\/05\/a5bfebad-15d5-45a9-91f4-f3dd09e302cd-1024x768.jpg 1024w, https:\/\/agora.xtec.cat\/escolasantmarti\/wp-content\/uploads\/usu1487\/2024\/05\/a5bfebad-15d5-45a9-91f4-f3dd09e302cd-768x576.jpg 768w, https:\/\/agora.xtec.cat\/escolasantmarti\/wp-content\/uploads\/usu1487\/2024\/05\/a5bfebad-15d5-45a9-91f4-f3dd09e302cd-1536x1152.jpg 1536w, https:\/\/agora.xtec.cat\/escolasantmarti\/wp-content\/uploads\/usu1487\/2024\/05\/a5bfebad-15d5-45a9-91f4-f3dd09e302cd-200x150.jpg 200w\" sizes=\"auto, (max-width: 2048px) 100vw, 2048px\" \/><\/a> <a href=\"https:\/\/agora.xtec.cat\/escolasantmarti\/portada\/caminem-descalcos-a-arbucies\/attachment\/c39d6683-614d-4f70-84c0-7092805db514\/\" rel=\"attachment wp-att-6732\"><img loading=\"lazy\" decoding=\"async\" class=\"alignleft size-full wp-image-6732\" src=\"https:\/\/agora.xtec.cat\/escolasantmarti\/wp-content\/uploads\/usu1487\/2024\/05\/c39d6683-614d-4f70-84c0-7092805db514.jpg\" alt=\"\" width=\"1536\" height=\"2048\" srcset=\"https:\/\/agora.xtec.cat\/escolasantmarti\/wp-content\/uploads\/usu1487\/2024\/05\/c39d6683-614d-4f70-84c0-7092805db514.jpg 1536w, https:\/\/agora.xtec.cat\/escolasantmarti\/wp-content\/uploads\/usu1487\/2024\/05\/c39d6683-614d-4f70-84c0-7092805db514-225x300.jpg 225w, https:\/\/agora.xtec.cat\/escolasantmarti\/wp-content\/uploads\/usu1487\/2024\/05\/c39d6683-614d-4f70-84c0-7092805db514-768x1024.jpg 768w, https:\/\/agora.xtec.cat\/escolasantmarti\/wp-content\/uploads\/usu1487\/2024\/05\/c39d6683-614d-4f70-84c0-7092805db514-1152x1536.jpg 1152w\" sizes=\"auto, (max-width: 1536px) 100vw, 1536px\" \/><\/a> <a href=\"https:\/\/agora.xtec.cat\/escolasantmarti\/portada\/caminem-descalcos-a-arbucies\/attachment\/c8632224-ec40-4960-ba4a-f0376a7d1be3\/\" rel=\"attachment wp-att-6733\"><img loading=\"lazy\" decoding=\"async\" class=\"alignleft size-full wp-image-6733\" src=\"https:\/\/agora.xtec.cat\/escolasantmarti\/wp-content\/uploads\/usu1487\/2024\/05\/c8632224-ec40-4960-ba4a-f0376a7d1be3.jpg\" alt=\"\" width=\"1536\" height=\"2048\" srcset=\"https:\/\/agora.xtec.cat\/escolasantmarti\/wp-content\/uploads\/usu1487\/2024\/05\/c8632224-ec40-4960-ba4a-f0376a7d1be3.jpg 1536w, https:\/\/agora.xtec.cat\/escolasantmarti\/wp-content\/uploads\/usu1487\/2024\/05\/c8632224-ec40-4960-ba4a-f0376a7d1be3-225x300.jpg 225w, https:\/\/agora.xtec.cat\/escolasantmarti\/wp-content\/uploads\/usu1487\/2024\/05\/c8632224-ec40-4960-ba4a-f0376a7d1be3-768x1024.jpg 768w, https:\/\/agora.xtec.cat\/escolasantmarti\/wp-content\/uploads\/usu1487\/2024\/05\/c8632224-ec40-4960-ba4a-f0376a7d1be3-1152x1536.jpg 1152w\" sizes=\"auto, (max-width: 1536px) 100vw, 1536px\" \/><\/a> <a href=\"https:\/\/agora.xtec.cat\/escolasantmarti\/portada\/caminem-descalcos-a-arbucies\/attachment\/d3638bfb-fe0c-4bb0-9adf-fa6ec52b6d17\/\" rel=\"attachment wp-att-6734\"><img loading=\"lazy\" decoding=\"async\" class=\"alignleft size-full wp-image-6734\" src=\"https:\/\/agora.xtec.cat\/escolasantmarti\/wp-content\/uploads\/usu1487\/2024\/05\/d3638bfb-fe0c-4bb0-9adf-fa6ec52b6d17.jpg\" alt=\"\" width=\"2048\" height=\"1536\" srcset=\"https:\/\/agora.xtec.cat\/escolasantmarti\/wp-content\/uploads\/usu1487\/2024\/05\/d3638bfb-fe0c-4bb0-9adf-fa6ec52b6d17.jpg 2048w, https:\/\/agora.xtec.cat\/escolasantmarti\/wp-content\/uploads\/usu1487\/2024\/05\/d3638bfb-fe0c-4bb0-9adf-fa6ec52b6d17-300x225.jpg 300w, https:\/\/agora.xtec.cat\/escolasantmarti\/wp-content\/uploads\/usu1487\/2024\/05\/d3638bfb-fe0c-4bb0-9adf-fa6ec52b6d17-1024x768.jpg 1024w, https:\/\/agora.xtec.cat\/escolasantmarti\/wp-content\/uploads\/usu1487\/2024\/05\/d3638bfb-fe0c-4bb0-9adf-fa6ec52b6d17-768x576.jpg 768w, https:\/\/agora.xtec.cat\/escolasantmarti\/wp-content\/uploads\/usu1487\/2024\/05\/d3638bfb-fe0c-4bb0-9adf-fa6ec52b6d17-1536x1152.jpg 1536w, https:\/\/agora.xtec.cat\/escolasantmarti\/wp-content\/uploads\/usu1487\/2024\/05\/d3638bfb-fe0c-4bb0-9adf-fa6ec52b6d17-200x150.jpg 200w\" sizes=\"auto, (max-width: 2048px) 100vw, 2048px\" \/><\/a><\/p>\n","protected":false},"excerpt":{"rendered":"<p>Avui els nens i nenes de 1r hem passat un dia genial, hem experimentat ,apr\u00e8s i compartit en un entorn immillorable!<\/p>\n","protected":false},"author":1,"featured_media":6723,"comment_status":"open","ping_status":"closed","sticky":false,"template":"","format":"standard","meta":{"_bbp_topic_count":0,"_bbp_reply_count":0,"_bbp_total_topic_count":0,"_bbp_total_reply_count":0,"_bbp_voice_count":0,"_bbp_anonymous_reply_count":0,"_bbp_topic_count_hidden":0,"_bbp_reply_count_hidden":0,"_bbp_forum_subforum_count":0,"site-sidebar-layout":"default","site-content-layout":"","ast-site-content-layout":"","site-content-style":"default","site-sidebar-style":"default","ast-global-header-display":"","ast-banner-title-visibility":"","ast-main-header-display":"","ast-hfb-above-header-display":"","ast-hfb-below-header-display":"","ast-hfb-mobile-header-display":"","site-post-title":"","ast-breadcrumbs-content":"","ast-featured-img":"","footer-sml-layout":"","theme-transparent-header-meta":"","adv-header-id-meta":"","stick-header-meta":"","header-above-stick-meta":"","header-main-stick-meta":"","header-below-stick-meta":"","astra-migrate-meta-layouts":"default","ast-page-background-enabled":"default","ast-page-background-meta":{"desktop":{"background-color":"var(--ast-global-color-4)","background-image":"","background-repeat":"repeat","background-position":"center center","background-size":"auto","background-attachment":"scroll","background-type":"","background-media":"","overlay-type":"","overlay-color":"","overlay-opacity":"","overlay-gradient":""},"tablet":{"background-color":"","background-image":"","background-repeat":"repeat","background-position":"center center","background-size":"auto","background-attachment":"scroll","background-type":"","background-media":"","overlay-type":"","overlay-color":"","overlay-opacity":"","overlay-gradient":""},"mobile":{"background-color":"","background-image":"","background-repeat":"repeat","background-position":"center center","background-size":"auto","background-attachment":"scroll","background-type":"","background-media":"","overlay-type":"","overlay-color":"","overlay-opacity":"","overlay-gradient":""}},"ast-content-background-meta":{"desktop":{"background-color":"var(--ast-global-color-5)","background-image":"","background-repeat":"repeat","background-position":"center center","background-size":"auto","background-attachment":"scroll","background-type":"","background-media":"","overlay-type":"","overlay-color":"","overlay-opacity":"","overlay-gradient":""},"tablet":{"background-color":"var(--ast-global-color-5)","background-image":"","background-repeat":"repeat","background-position":"center center","background-size":"auto","background-attachment":"scroll","background-type":"","background-media":"","overlay-type":"","overlay-color":"","overlay-opacity":"","overlay-gradient":""},"mobile":{"background-color":"var(--ast-global-color-5)","background-image":"","background-repeat":"repeat","background-position":"center center","background-size":"auto","background-attachment":"scroll","background-type":"","background-media":"","overlay-type":"","overlay-color":"","overlay-opacity":"","overlay-gradient":""}},"footnotes":""},"categories":[11,5,4,97],"tags":[],"class_list":["post-6722","post","type-post","status-publish","format-standard","has-post-thumbnail","hentry","category-2n","category-primaria","category-portada","category-sortides"],"post_mailing_queue_ids":[],"_links":{"self":[{"href":"https:\/\/agora.xtec.cat\/escolasantmarti\/wp-json\/wp\/v2\/posts\/6722","targetHints":{"allow":["GET"]}}],"collection":[{"href":"https:\/\/agora.xtec.cat\/escolasantmarti\/wp-json\/wp\/v2\/posts"}],"about":[{"href":"https:\/\/agora.xtec.cat\/escolasantmarti\/wp-json\/wp\/v2\/types\/post"}],"author":[{"embeddable":true,"href":"https:\/\/agora.xtec.cat\/escolasantmarti\/wp-json\/wp\/v2\/users\/1"}],"replies":[{"embeddable":true,"href":"https:\/\/agora.xtec.cat\/escolasantmarti\/wp-json\/wp\/v2\/comments?post=6722"}],"version-history":[{"count":2,"href":"https:\/\/agora.xtec.cat\/escolasantmarti\/wp-json\/wp\/v2\/posts\/6722\/revisions"}],"predecessor-version":[{"id":6736,"href":"https:\/\/agora.xtec.cat\/escolasantmarti\/wp-json\/wp\/v2\/posts\/6722\/revisions\/6736"}],"wp:featuredmedia":[{"embeddable":true,"href":"https:\/\/agora.xtec.cat\/escolasantmarti\/wp-json\/wp\/v2\/media\/6723"}],"wp:attachment":[{"href":"https:\/\/agora.xtec.cat\/escolasantmarti\/wp-json\/wp\/v2\/media?parent=6722"}],"wp:term":[{"taxonomy":"category","embeddable":true,"href":"https:\/\/agora.xtec.cat\/escolasantmarti\/wp-json\/wp\/v2\/categories?post=6722"},{"taxonomy":"post_tag","embeddable":true,"href":"https:\/\/agora.xtec.cat\/escolasantmarti\/wp-json\/wp\/v2\/tags?post=6722"}],"curies":[{"name":"wp","href":"https:\/\/api.w.org\/{rel}","templated":true}]}}