{"id":6633,"date":"2024-05-08T11:12:42","date_gmt":"2024-05-08T09:12:42","guid":{"rendered":"https:\/\/agora.xtec.cat\/escolasantmarti\/?p=6633"},"modified":"2024-05-18T11:15:40","modified_gmt":"2024-05-18T09:15:40","slug":"anem-a-la-fundacio-miro","status":"publish","type":"post","link":"https:\/\/agora.xtec.cat\/escolasantmarti\/infantil\/anem-a-la-fundacio-miro\/","title":{"rendered":"ANEM A LA FUNDACI\u00d3 MIR\u00d3"},"content":{"rendered":"<p>Sortida dels infants d&#8217;I3 i I4 a la Fundaci\u00f3 Mir\u00f3. Dia fant\u00e0stic per con\u00e8ixer i admirar les obres d&#8217;art de l&#8217;artista que estem treballant.<\/p>\n<p><a href=\"https:\/\/agora.xtec.cat\/escolasantmarti\/infantil\/anem-a-la-fundacio-miro\/attachment\/0e15b1de-7ac7-4f37-ba40-a64894ed2377\/\" rel=\"attachment wp-att-6634\"><img loading=\"lazy\" decoding=\"async\" class=\"alignleft size-full wp-image-6634\" src=\"https:\/\/agora.xtec.cat\/escolasantmarti\/wp-content\/uploads\/usu1487\/2024\/05\/0e15b1de-7ac7-4f37-ba40-a64894ed2377.jpg\" alt=\"\" width=\"2048\" height=\"921\" srcset=\"https:\/\/agora.xtec.cat\/escolasantmarti\/wp-content\/uploads\/usu1487\/2024\/05\/0e15b1de-7ac7-4f37-ba40-a64894ed2377.jpg 2048w, https:\/\/agora.xtec.cat\/escolasantmarti\/wp-content\/uploads\/usu1487\/2024\/05\/0e15b1de-7ac7-4f37-ba40-a64894ed2377-300x135.jpg 300w, https:\/\/agora.xtec.cat\/escolasantmarti\/wp-content\/uploads\/usu1487\/2024\/05\/0e15b1de-7ac7-4f37-ba40-a64894ed2377-1024x461.jpg 1024w, https:\/\/agora.xtec.cat\/escolasantmarti\/wp-content\/uploads\/usu1487\/2024\/05\/0e15b1de-7ac7-4f37-ba40-a64894ed2377-768x345.jpg 768w, https:\/\/agora.xtec.cat\/escolasantmarti\/wp-content\/uploads\/usu1487\/2024\/05\/0e15b1de-7ac7-4f37-ba40-a64894ed2377-1536x691.jpg 1536w\" sizes=\"auto, (max-width: 2048px) 100vw, 2048px\" \/><\/a> <a href=\"https:\/\/agora.xtec.cat\/escolasantmarti\/infantil\/anem-a-la-fundacio-miro\/attachment\/2c68d2b8-210c-4a7b-a42c-92ba5967def4\/\" rel=\"attachment wp-att-6635\"><img loading=\"lazy\" decoding=\"async\" class=\"alignleft size-full wp-image-6635\" src=\"https:\/\/agora.xtec.cat\/escolasantmarti\/wp-content\/uploads\/usu1487\/2024\/05\/2c68d2b8-210c-4a7b-a42c-92ba5967def4.jpg\" alt=\"\" width=\"2048\" height=\"921\" srcset=\"https:\/\/agora.xtec.cat\/escolasantmarti\/wp-content\/uploads\/usu1487\/2024\/05\/2c68d2b8-210c-4a7b-a42c-92ba5967def4.jpg 2048w, https:\/\/agora.xtec.cat\/escolasantmarti\/wp-content\/uploads\/usu1487\/2024\/05\/2c68d2b8-210c-4a7b-a42c-92ba5967def4-300x135.jpg 300w, https:\/\/agora.xtec.cat\/escolasantmarti\/wp-content\/uploads\/usu1487\/2024\/05\/2c68d2b8-210c-4a7b-a42c-92ba5967def4-1024x461.jpg 1024w, https:\/\/agora.xtec.cat\/escolasantmarti\/wp-content\/uploads\/usu1487\/2024\/05\/2c68d2b8-210c-4a7b-a42c-92ba5967def4-768x345.jpg 768w, https:\/\/agora.xtec.cat\/escolasantmarti\/wp-content\/uploads\/usu1487\/2024\/05\/2c68d2b8-210c-4a7b-a42c-92ba5967def4-1536x691.jpg 1536w\" sizes=\"auto, (max-width: 2048px) 100vw, 2048px\" \/><\/a> <a href=\"https:\/\/agora.xtec.cat\/escolasantmarti\/infantil\/anem-a-la-fundacio-miro\/attachment\/014b1576-90c7-45ef-abad-f1998dc16a97\/\" rel=\"attachment wp-att-6636\"><img loading=\"lazy\" decoding=\"async\" class=\"alignleft size-full wp-image-6636\" src=\"https:\/\/agora.xtec.cat\/escolasantmarti\/wp-content\/uploads\/usu1487\/2024\/05\/014b1576-90c7-45ef-abad-f1998dc16a97.jpg\" alt=\"\" width=\"2048\" height=\"921\" srcset=\"https:\/\/agora.xtec.cat\/escolasantmarti\/wp-content\/uploads\/usu1487\/2024\/05\/014b1576-90c7-45ef-abad-f1998dc16a97.jpg 2048w, https:\/\/agora.xtec.cat\/escolasantmarti\/wp-content\/uploads\/usu1487\/2024\/05\/014b1576-90c7-45ef-abad-f1998dc16a97-300x135.jpg 300w, https:\/\/agora.xtec.cat\/escolasantmarti\/wp-content\/uploads\/usu1487\/2024\/05\/014b1576-90c7-45ef-abad-f1998dc16a97-1024x461.jpg 1024w, https:\/\/agora.xtec.cat\/escolasantmarti\/wp-content\/uploads\/usu1487\/2024\/05\/014b1576-90c7-45ef-abad-f1998dc16a97-768x345.jpg 768w, https:\/\/agora.xtec.cat\/escolasantmarti\/wp-content\/uploads\/usu1487\/2024\/05\/014b1576-90c7-45ef-abad-f1998dc16a97-1536x691.jpg 1536w\" sizes=\"auto, (max-width: 2048px) 100vw, 2048px\" \/><\/a> <a href=\"https:\/\/agora.xtec.cat\/escolasantmarti\/infantil\/anem-a-la-fundacio-miro\/attachment\/29b4bf0c-f644-4dbd-8cff-958a58d7075e\/\" rel=\"attachment wp-att-6637\"><img loading=\"lazy\" decoding=\"async\" class=\"alignleft size-full wp-image-6637\" src=\"https:\/\/agora.xtec.cat\/escolasantmarti\/wp-content\/uploads\/usu1487\/2024\/05\/29b4bf0c-f644-4dbd-8cff-958a58d7075e.jpg\" alt=\"\" width=\"2048\" height=\"921\" srcset=\"https:\/\/agora.xtec.cat\/escolasantmarti\/wp-content\/uploads\/usu1487\/2024\/05\/29b4bf0c-f644-4dbd-8cff-958a58d7075e.jpg 2048w, https:\/\/agora.xtec.cat\/escolasantmarti\/wp-content\/uploads\/usu1487\/2024\/05\/29b4bf0c-f644-4dbd-8cff-958a58d7075e-300x135.jpg 300w, https:\/\/agora.xtec.cat\/escolasantmarti\/wp-content\/uploads\/usu1487\/2024\/05\/29b4bf0c-f644-4dbd-8cff-958a58d7075e-1024x461.jpg 1024w, https:\/\/agora.xtec.cat\/escolasantmarti\/wp-content\/uploads\/usu1487\/2024\/05\/29b4bf0c-f644-4dbd-8cff-958a58d7075e-768x345.jpg 768w, https:\/\/agora.xtec.cat\/escolasantmarti\/wp-content\/uploads\/usu1487\/2024\/05\/29b4bf0c-f644-4dbd-8cff-958a58d7075e-1536x691.jpg 1536w\" sizes=\"auto, (max-width: 2048px) 100vw, 2048px\" \/><\/a> <a href=\"https:\/\/agora.xtec.cat\/escolasantmarti\/infantil\/anem-a-la-fundacio-miro\/attachment\/97da9b15-4f8e-4a68-9684-a0855c92cdc5\/\" rel=\"attachment wp-att-6638\"><img loading=\"lazy\" decoding=\"async\" class=\"alignleft size-full wp-image-6638\" src=\"https:\/\/agora.xtec.cat\/escolasantmarti\/wp-content\/uploads\/usu1487\/2024\/05\/97da9b15-4f8e-4a68-9684-a0855c92cdc5.jpg\" alt=\"\" width=\"1200\" height=\"1600\" srcset=\"https:\/\/agora.xtec.cat\/escolasantmarti\/wp-content\/uploads\/usu1487\/2024\/05\/97da9b15-4f8e-4a68-9684-a0855c92cdc5.jpg 1200w, https:\/\/agora.xtec.cat\/escolasantmarti\/wp-content\/uploads\/usu1487\/2024\/05\/97da9b15-4f8e-4a68-9684-a0855c92cdc5-225x300.jpg 225w, https:\/\/agora.xtec.cat\/escolasantmarti\/wp-content\/uploads\/usu1487\/2024\/05\/97da9b15-4f8e-4a68-9684-a0855c92cdc5-768x1024.jpg 768w, https:\/\/agora.xtec.cat\/escolasantmarti\/wp-content\/uploads\/usu1487\/2024\/05\/97da9b15-4f8e-4a68-9684-a0855c92cdc5-1152x1536.jpg 1152w\" sizes=\"auto, (max-width: 1200px) 100vw, 1200px\" \/><\/a> <a href=\"https:\/\/agora.xtec.cat\/escolasantmarti\/infantil\/anem-a-la-fundacio-miro\/attachment\/5957ef77-6b8a-413b-aea2-7e0751efb5bb\/\" rel=\"attachment wp-att-6639\"><img loading=\"lazy\" decoding=\"async\" class=\"alignleft size-full wp-image-6639\" src=\"https:\/\/agora.xtec.cat\/escolasantmarti\/wp-content\/uploads\/usu1487\/2024\/05\/5957ef77-6b8a-413b-aea2-7e0751efb5bb.jpg\" alt=\"\" width=\"2048\" height=\"921\" srcset=\"https:\/\/agora.xtec.cat\/escolasantmarti\/wp-content\/uploads\/usu1487\/2024\/05\/5957ef77-6b8a-413b-aea2-7e0751efb5bb.jpg 2048w, https:\/\/agora.xtec.cat\/escolasantmarti\/wp-content\/uploads\/usu1487\/2024\/05\/5957ef77-6b8a-413b-aea2-7e0751efb5bb-300x135.jpg 300w, https:\/\/agora.xtec.cat\/escolasantmarti\/wp-content\/uploads\/usu1487\/2024\/05\/5957ef77-6b8a-413b-aea2-7e0751efb5bb-1024x461.jpg 1024w, https:\/\/agora.xtec.cat\/escolasantmarti\/wp-content\/uploads\/usu1487\/2024\/05\/5957ef77-6b8a-413b-aea2-7e0751efb5bb-768x345.jpg 768w, https:\/\/agora.xtec.cat\/escolasantmarti\/wp-content\/uploads\/usu1487\/2024\/05\/5957ef77-6b8a-413b-aea2-7e0751efb5bb-1536x691.jpg 1536w\" sizes=\"auto, (max-width: 2048px) 100vw, 2048px\" \/><\/a> <a href=\"https:\/\/agora.xtec.cat\/escolasantmarti\/infantil\/anem-a-la-fundacio-miro\/attachment\/d0cf2f80-f943-48c1-a356-9af754e78665\/\" rel=\"attachment wp-att-6640\"><img loading=\"lazy\" decoding=\"async\" class=\"alignleft size-full wp-image-6640\" src=\"https:\/\/agora.xtec.cat\/escolasantmarti\/wp-content\/uploads\/usu1487\/2024\/05\/d0cf2f80-f943-48c1-a356-9af754e78665.jpg\" alt=\"\" width=\"921\" height=\"2048\" srcset=\"https:\/\/agora.xtec.cat\/escolasantmarti\/wp-content\/uploads\/usu1487\/2024\/05\/d0cf2f80-f943-48c1-a356-9af754e78665.jpg 921w, https:\/\/agora.xtec.cat\/escolasantmarti\/wp-content\/uploads\/usu1487\/2024\/05\/d0cf2f80-f943-48c1-a356-9af754e78665-135x300.jpg 135w, https:\/\/agora.xtec.cat\/escolasantmarti\/wp-content\/uploads\/usu1487\/2024\/05\/d0cf2f80-f943-48c1-a356-9af754e78665-461x1024.jpg 461w, https:\/\/agora.xtec.cat\/escolasantmarti\/wp-content\/uploads\/usu1487\/2024\/05\/d0cf2f80-f943-48c1-a356-9af754e78665-768x1708.jpg 768w, https:\/\/agora.xtec.cat\/escolasantmarti\/wp-content\/uploads\/usu1487\/2024\/05\/d0cf2f80-f943-48c1-a356-9af754e78665-691x1536.jpg 691w\" sizes=\"auto, (max-width: 921px) 100vw, 921px\" \/><\/a> <a href=\"https:\/\/agora.xtec.cat\/escolasantmarti\/infantil\/anem-a-la-fundacio-miro\/attachment\/e9355534-074b-41b4-a149-231b0072144b\/\" rel=\"attachment wp-att-6641\"><img loading=\"lazy\" decoding=\"async\" class=\"alignleft size-full wp-image-6641\" src=\"https:\/\/agora.xtec.cat\/escolasantmarti\/wp-content\/uploads\/usu1487\/2024\/05\/e9355534-074b-41b4-a149-231b0072144b.jpg\" alt=\"\" width=\"1500\" height=\"2000\" srcset=\"https:\/\/agora.xtec.cat\/escolasantmarti\/wp-content\/uploads\/usu1487\/2024\/05\/e9355534-074b-41b4-a149-231b0072144b.jpg 1500w, https:\/\/agora.xtec.cat\/escolasantmarti\/wp-content\/uploads\/usu1487\/2024\/05\/e9355534-074b-41b4-a149-231b0072144b-225x300.jpg 225w, https:\/\/agora.xtec.cat\/escolasantmarti\/wp-content\/uploads\/usu1487\/2024\/05\/e9355534-074b-41b4-a149-231b0072144b-768x1024.jpg 768w, https:\/\/agora.xtec.cat\/escolasantmarti\/wp-content\/uploads\/usu1487\/2024\/05\/e9355534-074b-41b4-a149-231b0072144b-1152x1536.jpg 1152w\" sizes=\"auto, (max-width: 1500px) 100vw, 1500px\" \/><\/a> <a href=\"https:\/\/agora.xtec.cat\/escolasantmarti\/infantil\/anem-a-la-fundacio-miro\/attachment\/eaa31e6a-ca47-4666-9a26-7864d727ea1c\/\" rel=\"attachment wp-att-6642\"><img loading=\"lazy\" decoding=\"async\" class=\"alignleft size-full wp-image-6642\" src=\"https:\/\/agora.xtec.cat\/escolasantmarti\/wp-content\/uploads\/usu1487\/2024\/05\/eaa31e6a-ca47-4666-9a26-7864d727ea1c.jpg\" alt=\"\" width=\"2000\" height=\"1500\" srcset=\"https:\/\/agora.xtec.cat\/escolasantmarti\/wp-content\/uploads\/usu1487\/2024\/05\/eaa31e6a-ca47-4666-9a26-7864d727ea1c.jpg 2000w, https:\/\/agora.xtec.cat\/escolasantmarti\/wp-content\/uploads\/usu1487\/2024\/05\/eaa31e6a-ca47-4666-9a26-7864d727ea1c-300x225.jpg 300w, https:\/\/agora.xtec.cat\/escolasantmarti\/wp-content\/uploads\/usu1487\/2024\/05\/eaa31e6a-ca47-4666-9a26-7864d727ea1c-1024x768.jpg 1024w, https:\/\/agora.xtec.cat\/escolasantmarti\/wp-content\/uploads\/usu1487\/2024\/05\/eaa31e6a-ca47-4666-9a26-7864d727ea1c-768x576.jpg 768w, https:\/\/agora.xtec.cat\/escolasantmarti\/wp-content\/uploads\/usu1487\/2024\/05\/eaa31e6a-ca47-4666-9a26-7864d727ea1c-1536x1152.jpg 1536w, https:\/\/agora.xtec.cat\/escolasantmarti\/wp-content\/uploads\/usu1487\/2024\/05\/eaa31e6a-ca47-4666-9a26-7864d727ea1c-200x150.jpg 200w\" sizes=\"auto, (max-width: 2000px) 100vw, 2000px\" \/><\/a> <a href=\"https:\/\/agora.xtec.cat\/escolasantmarti\/infantil\/anem-a-la-fundacio-miro\/attachment\/eb9fb8a8-d20d-4819-bde1-25a5ca292813\/\" rel=\"attachment wp-att-6643\"><img loading=\"lazy\" decoding=\"async\" class=\"alignleft size-full wp-image-6643\" src=\"https:\/\/agora.xtec.cat\/escolasantmarti\/wp-content\/uploads\/usu1487\/2024\/05\/eb9fb8a8-d20d-4819-bde1-25a5ca292813.jpg\" alt=\"\" width=\"2000\" height=\"1500\" srcset=\"https:\/\/agora.xtec.cat\/escolasantmarti\/wp-content\/uploads\/usu1487\/2024\/05\/eb9fb8a8-d20d-4819-bde1-25a5ca292813.jpg 2000w, https:\/\/agora.xtec.cat\/escolasantmarti\/wp-content\/uploads\/usu1487\/2024\/05\/eb9fb8a8-d20d-4819-bde1-25a5ca292813-300x225.jpg 300w, https:\/\/agora.xtec.cat\/escolasantmarti\/wp-content\/uploads\/usu1487\/2024\/05\/eb9fb8a8-d20d-4819-bde1-25a5ca292813-1024x768.jpg 1024w, https:\/\/agora.xtec.cat\/escolasantmarti\/wp-content\/uploads\/usu1487\/2024\/05\/eb9fb8a8-d20d-4819-bde1-25a5ca292813-768x576.jpg 768w, https:\/\/agora.xtec.cat\/escolasantmarti\/wp-content\/uploads\/usu1487\/2024\/05\/eb9fb8a8-d20d-4819-bde1-25a5ca292813-1536x1152.jpg 1536w, https:\/\/agora.xtec.cat\/escolasantmarti\/wp-content\/uploads\/usu1487\/2024\/05\/eb9fb8a8-d20d-4819-bde1-25a5ca292813-200x150.jpg 200w\" sizes=\"auto, (max-width: 2000px) 100vw, 2000px\" \/><\/a><\/p>\n","protected":false},"excerpt":{"rendered":"<p>Sortida dels infants d&#8217;I3 i I4 a la Fundaci\u00f3 Mir\u00f3. Dia fant\u00e0stic per con\u00e8ixer i admirar les obres d&#8217;art de l&#8217;artista que estem treballant.<\/p>\n","protected":false},"author":1,"featured_media":6642,"comment_status":"open","ping_status":"closed","sticky":false,"template":"","format":"standard","meta":{"_bbp_topic_count":0,"_bbp_reply_count":0,"_bbp_total_topic_count":0,"_bbp_total_reply_count":0,"_bbp_voice_count":0,"_bbp_anonymous_reply_count":0,"_bbp_topic_count_hidden":0,"_bbp_reply_count_hidden":0,"_bbp_forum_subforum_count":0,"site-sidebar-layout":"default","site-content-layout":"","ast-site-content-layout":"","site-content-style":"default","site-sidebar-style":"default","ast-global-header-display":"","ast-banner-title-visibility":"","ast-main-header-display":"","ast-hfb-above-header-display":"","ast-hfb-below-header-display":"","ast-hfb-mobile-header-display":"","site-post-title":"","ast-breadcrumbs-content":"","ast-featured-img":"","footer-sml-layout":"","theme-transparent-header-meta":"","adv-header-id-meta":"","stick-header-meta":"","header-above-stick-meta":"","header-main-stick-meta":"","header-below-stick-meta":"","astra-migrate-meta-layouts":"default","ast-page-background-enabled":"default","ast-page-background-meta":{"desktop":{"background-color":"var(--ast-global-color-4)","background-image":"","background-repeat":"repeat","background-position":"center center","background-size":"auto","background-attachment":"scroll","background-type":"","background-media":"","overlay-type":"","overlay-color":"","overlay-opacity":"","overlay-gradient":""},"tablet":{"background-color":"","background-image":"","background-repeat":"repeat","background-position":"center center","background-size":"auto","background-attachment":"scroll","background-type":"","background-media":"","overlay-type":"","overlay-color":"","overlay-opacity":"","overlay-gradient":""},"mobile":{"background-color":"","background-image":"","background-repeat":"repeat","background-position":"center center","background-size":"auto","background-attachment":"scroll","background-type":"","background-media":"","overlay-type":"","overlay-color":"","overlay-opacity":"","overlay-gradient":""}},"ast-content-background-meta":{"desktop":{"background-color":"var(--ast-global-color-5)","background-image":"","background-repeat":"repeat","background-position":"center center","background-size":"auto","background-attachment":"scroll","background-type":"","background-media":"","overlay-type":"","overlay-color":"","overlay-opacity":"","overlay-gradient":""},"tablet":{"background-color":"var(--ast-global-color-5)","background-image":"","background-repeat":"repeat","background-position":"center center","background-size":"auto","background-attachment":"scroll","background-type":"","background-media":"","overlay-type":"","overlay-color":"","overlay-opacity":"","overlay-gradient":""},"mobile":{"background-color":"var(--ast-global-color-5)","background-image":"","background-repeat":"repeat","background-position":"center center","background-size":"auto","background-attachment":"scroll","background-type":"","background-media":"","overlay-type":"","overlay-color":"","overlay-opacity":"","overlay-gradient":""}},"footnotes":""},"categories":[100,3,8,2,4,92,97],"tags":[],"class_list":["post-6633","post","type-post","status-publish","format-standard","has-post-thumbnail","hentry","category-ed-artistica","category-ei3","category-ei4","category-infantil","category-portada","category-projectes","category-sortides"],"post_mailing_queue_ids":[],"_links":{"self":[{"href":"https:\/\/agora.xtec.cat\/escolasantmarti\/wp-json\/wp\/v2\/posts\/6633","targetHints":{"allow":["GET"]}}],"collection":[{"href":"https:\/\/agora.xtec.cat\/escolasantmarti\/wp-json\/wp\/v2\/posts"}],"about":[{"href":"https:\/\/agora.xtec.cat\/escolasantmarti\/wp-json\/wp\/v2\/types\/post"}],"author":[{"embeddable":true,"href":"https:\/\/agora.xtec.cat\/escolasantmarti\/wp-json\/wp\/v2\/users\/1"}],"replies":[{"embeddable":true,"href":"https:\/\/agora.xtec.cat\/escolasantmarti\/wp-json\/wp\/v2\/comments?post=6633"}],"version-history":[{"count":2,"href":"https:\/\/agora.xtec.cat\/escolasantmarti\/wp-json\/wp\/v2\/posts\/6633\/revisions"}],"predecessor-version":[{"id":6645,"href":"https:\/\/agora.xtec.cat\/escolasantmarti\/wp-json\/wp\/v2\/posts\/6633\/revisions\/6645"}],"wp:featuredmedia":[{"embeddable":true,"href":"https:\/\/agora.xtec.cat\/escolasantmarti\/wp-json\/wp\/v2\/media\/6642"}],"wp:attachment":[{"href":"https:\/\/agora.xtec.cat\/escolasantmarti\/wp-json\/wp\/v2\/media?parent=6633"}],"wp:term":[{"taxonomy":"category","embeddable":true,"href":"https:\/\/agora.xtec.cat\/escolasantmarti\/wp-json\/wp\/v2\/categories?post=6633"},{"taxonomy":"post_tag","embeddable":true,"href":"https:\/\/agora.xtec.cat\/escolasantmarti\/wp-json\/wp\/v2\/tags?post=6633"}],"curies":[{"name":"wp","href":"https:\/\/api.w.org\/{rel}","templated":true}]}}