{"id":4289,"date":"2022-12-16T19:03:35","date_gmt":"2022-12-16T18:03:35","guid":{"rendered":"https:\/\/agora.xtec.cat\/escolasantmarti\/?p=4289"},"modified":"2022-12-20T07:07:30","modified_gmt":"2022-12-20T06:07:30","slug":"cantem-nadales-a-la-placa-de-lesglesia","status":"publish","type":"post","link":"https:\/\/agora.xtec.cat\/escolasantmarti\/portada\/cantem-nadales-a-la-placa-de-lesglesia\/","title":{"rendered":"CANTEM NADALES A LA PLA\u00c7A DE L&#8217;ESGL\u00c9SIA"},"content":{"rendered":"<p>Avui els nens i nenes de tercer curs han anat a cantar nadales a la pla\u00e7a de l&#8217;esgl\u00e9sia.<\/p>\n<p><img loading=\"lazy\" decoding=\"async\" class=\"alignleft size-full wp-image-4290\" src=\"https:\/\/agora.xtec.cat\/escolasantmarti\/wp-content\/uploads\/usu1487\/2022\/12\/0d41b2ac-035e-456f-8685-f143f0441c9c.jpg\" alt=\"\" width=\"1440\" height=\"1440\" srcset=\"https:\/\/agora.xtec.cat\/escolasantmarti\/wp-content\/uploads\/usu1487\/2022\/12\/0d41b2ac-035e-456f-8685-f143f0441c9c.jpg 1440w, https:\/\/agora.xtec.cat\/escolasantmarti\/wp-content\/uploads\/usu1487\/2022\/12\/0d41b2ac-035e-456f-8685-f143f0441c9c-300x300.jpg 300w, https:\/\/agora.xtec.cat\/escolasantmarti\/wp-content\/uploads\/usu1487\/2022\/12\/0d41b2ac-035e-456f-8685-f143f0441c9c-1024x1024.jpg 1024w, https:\/\/agora.xtec.cat\/escolasantmarti\/wp-content\/uploads\/usu1487\/2022\/12\/0d41b2ac-035e-456f-8685-f143f0441c9c-150x150.jpg 150w, https:\/\/agora.xtec.cat\/escolasantmarti\/wp-content\/uploads\/usu1487\/2022\/12\/0d41b2ac-035e-456f-8685-f143f0441c9c-768x768.jpg 768w\" sizes=\"auto, (max-width: 1440px) 100vw, 1440px\" \/> <img loading=\"lazy\" decoding=\"async\" class=\"alignleft size-full wp-image-4291\" src=\"https:\/\/agora.xtec.cat\/escolasantmarti\/wp-content\/uploads\/usu1487\/2022\/12\/6e94098d-8f87-4db4-9a5f-68fd760af6e0.jpg\" alt=\"\" width=\"1440\" height=\"1440\" srcset=\"https:\/\/agora.xtec.cat\/escolasantmarti\/wp-content\/uploads\/usu1487\/2022\/12\/6e94098d-8f87-4db4-9a5f-68fd760af6e0.jpg 1440w, https:\/\/agora.xtec.cat\/escolasantmarti\/wp-content\/uploads\/usu1487\/2022\/12\/6e94098d-8f87-4db4-9a5f-68fd760af6e0-300x300.jpg 300w, https:\/\/agora.xtec.cat\/escolasantmarti\/wp-content\/uploads\/usu1487\/2022\/12\/6e94098d-8f87-4db4-9a5f-68fd760af6e0-1024x1024.jpg 1024w, https:\/\/agora.xtec.cat\/escolasantmarti\/wp-content\/uploads\/usu1487\/2022\/12\/6e94098d-8f87-4db4-9a5f-68fd760af6e0-150x150.jpg 150w, https:\/\/agora.xtec.cat\/escolasantmarti\/wp-content\/uploads\/usu1487\/2022\/12\/6e94098d-8f87-4db4-9a5f-68fd760af6e0-768x768.jpg 768w\" sizes=\"auto, (max-width: 1440px) 100vw, 1440px\" \/> <img loading=\"lazy\" decoding=\"async\" class=\"alignleft size-full wp-image-4292\" src=\"https:\/\/agora.xtec.cat\/escolasantmarti\/wp-content\/uploads\/usu1487\/2022\/12\/7b5bbfd2-1fbb-4f63-a5b9-bcfdd0d0bd69.jpg\" alt=\"\" width=\"1440\" height=\"1440\" srcset=\"https:\/\/agora.xtec.cat\/escolasantmarti\/wp-content\/uploads\/usu1487\/2022\/12\/7b5bbfd2-1fbb-4f63-a5b9-bcfdd0d0bd69.jpg 1440w, https:\/\/agora.xtec.cat\/escolasantmarti\/wp-content\/uploads\/usu1487\/2022\/12\/7b5bbfd2-1fbb-4f63-a5b9-bcfdd0d0bd69-300x300.jpg 300w, https:\/\/agora.xtec.cat\/escolasantmarti\/wp-content\/uploads\/usu1487\/2022\/12\/7b5bbfd2-1fbb-4f63-a5b9-bcfdd0d0bd69-1024x1024.jpg 1024w, https:\/\/agora.xtec.cat\/escolasantmarti\/wp-content\/uploads\/usu1487\/2022\/12\/7b5bbfd2-1fbb-4f63-a5b9-bcfdd0d0bd69-150x150.jpg 150w, https:\/\/agora.xtec.cat\/escolasantmarti\/wp-content\/uploads\/usu1487\/2022\/12\/7b5bbfd2-1fbb-4f63-a5b9-bcfdd0d0bd69-768x768.jpg 768w\" sizes=\"auto, (max-width: 1440px) 100vw, 1440px\" \/> <img loading=\"lazy\" decoding=\"async\" class=\"alignleft size-full wp-image-4293\" src=\"https:\/\/agora.xtec.cat\/escolasantmarti\/wp-content\/uploads\/usu1487\/2022\/12\/516b82f1-96e0-470f-a955-33d54bc6c7b8.jpg\" alt=\"\" width=\"1440\" height=\"1440\" srcset=\"https:\/\/agora.xtec.cat\/escolasantmarti\/wp-content\/uploads\/usu1487\/2022\/12\/516b82f1-96e0-470f-a955-33d54bc6c7b8.jpg 1440w, https:\/\/agora.xtec.cat\/escolasantmarti\/wp-content\/uploads\/usu1487\/2022\/12\/516b82f1-96e0-470f-a955-33d54bc6c7b8-300x300.jpg 300w, https:\/\/agora.xtec.cat\/escolasantmarti\/wp-content\/uploads\/usu1487\/2022\/12\/516b82f1-96e0-470f-a955-33d54bc6c7b8-1024x1024.jpg 1024w, https:\/\/agora.xtec.cat\/escolasantmarti\/wp-content\/uploads\/usu1487\/2022\/12\/516b82f1-96e0-470f-a955-33d54bc6c7b8-150x150.jpg 150w, https:\/\/agora.xtec.cat\/escolasantmarti\/wp-content\/uploads\/usu1487\/2022\/12\/516b82f1-96e0-470f-a955-33d54bc6c7b8-768x768.jpg 768w\" sizes=\"auto, (max-width: 1440px) 100vw, 1440px\" \/> <img loading=\"lazy\" decoding=\"async\" class=\"alignleft size-full wp-image-4294\" src=\"https:\/\/agora.xtec.cat\/escolasantmarti\/wp-content\/uploads\/usu1487\/2022\/12\/97018393-4322-4c28-adae-cc5acd7b282a.jpg\" alt=\"\" width=\"1440\" height=\"1440\" srcset=\"https:\/\/agora.xtec.cat\/escolasantmarti\/wp-content\/uploads\/usu1487\/2022\/12\/97018393-4322-4c28-adae-cc5acd7b282a.jpg 1440w, https:\/\/agora.xtec.cat\/escolasantmarti\/wp-content\/uploads\/usu1487\/2022\/12\/97018393-4322-4c28-adae-cc5acd7b282a-300x300.jpg 300w, https:\/\/agora.xtec.cat\/escolasantmarti\/wp-content\/uploads\/usu1487\/2022\/12\/97018393-4322-4c28-adae-cc5acd7b282a-1024x1024.jpg 1024w, https:\/\/agora.xtec.cat\/escolasantmarti\/wp-content\/uploads\/usu1487\/2022\/12\/97018393-4322-4c28-adae-cc5acd7b282a-150x150.jpg 150w, https:\/\/agora.xtec.cat\/escolasantmarti\/wp-content\/uploads\/usu1487\/2022\/12\/97018393-4322-4c28-adae-cc5acd7b282a-768x768.jpg 768w\" sizes=\"auto, (max-width: 1440px) 100vw, 1440px\" \/> <img loading=\"lazy\" decoding=\"async\" class=\"alignleft size-full wp-image-4295\" src=\"https:\/\/agora.xtec.cat\/escolasantmarti\/wp-content\/uploads\/usu1487\/2022\/12\/b2a76f50-d2cf-4c1c-af0e-f9661d186fb3.jpg\" alt=\"\" width=\"1440\" height=\"1440\" srcset=\"https:\/\/agora.xtec.cat\/escolasantmarti\/wp-content\/uploads\/usu1487\/2022\/12\/b2a76f50-d2cf-4c1c-af0e-f9661d186fb3.jpg 1440w, https:\/\/agora.xtec.cat\/escolasantmarti\/wp-content\/uploads\/usu1487\/2022\/12\/b2a76f50-d2cf-4c1c-af0e-f9661d186fb3-300x300.jpg 300w, https:\/\/agora.xtec.cat\/escolasantmarti\/wp-content\/uploads\/usu1487\/2022\/12\/b2a76f50-d2cf-4c1c-af0e-f9661d186fb3-1024x1024.jpg 1024w, https:\/\/agora.xtec.cat\/escolasantmarti\/wp-content\/uploads\/usu1487\/2022\/12\/b2a76f50-d2cf-4c1c-af0e-f9661d186fb3-150x150.jpg 150w, https:\/\/agora.xtec.cat\/escolasantmarti\/wp-content\/uploads\/usu1487\/2022\/12\/b2a76f50-d2cf-4c1c-af0e-f9661d186fb3-768x768.jpg 768w\" sizes=\"auto, (max-width: 1440px) 100vw, 1440px\" \/> <img loading=\"lazy\" decoding=\"async\" class=\"alignleft size-full wp-image-4296\" src=\"https:\/\/agora.xtec.cat\/escolasantmarti\/wp-content\/uploads\/usu1487\/2022\/12\/e70fe00b-3527-4af9-87af-0b5fbf5d9d18.jpg\" alt=\"\" width=\"1440\" height=\"1440\" srcset=\"https:\/\/agora.xtec.cat\/escolasantmarti\/wp-content\/uploads\/usu1487\/2022\/12\/e70fe00b-3527-4af9-87af-0b5fbf5d9d18.jpg 1440w, https:\/\/agora.xtec.cat\/escolasantmarti\/wp-content\/uploads\/usu1487\/2022\/12\/e70fe00b-3527-4af9-87af-0b5fbf5d9d18-300x300.jpg 300w, https:\/\/agora.xtec.cat\/escolasantmarti\/wp-content\/uploads\/usu1487\/2022\/12\/e70fe00b-3527-4af9-87af-0b5fbf5d9d18-1024x1024.jpg 1024w, https:\/\/agora.xtec.cat\/escolasantmarti\/wp-content\/uploads\/usu1487\/2022\/12\/e70fe00b-3527-4af9-87af-0b5fbf5d9d18-150x150.jpg 150w, https:\/\/agora.xtec.cat\/escolasantmarti\/wp-content\/uploads\/usu1487\/2022\/12\/e70fe00b-3527-4af9-87af-0b5fbf5d9d18-768x768.jpg 768w\" sizes=\"auto, (max-width: 1440px) 100vw, 1440px\" \/> <img loading=\"lazy\" decoding=\"async\" class=\"alignleft size-full wp-image-4297\" src=\"https:\/\/agora.xtec.cat\/escolasantmarti\/wp-content\/uploads\/usu1487\/2022\/12\/f449472c-5ac8-4932-9a27-84da551b4e58.jpg\" alt=\"\" width=\"1440\" height=\"1440\" srcset=\"https:\/\/agora.xtec.cat\/escolasantmarti\/wp-content\/uploads\/usu1487\/2022\/12\/f449472c-5ac8-4932-9a27-84da551b4e58.jpg 1440w, https:\/\/agora.xtec.cat\/escolasantmarti\/wp-content\/uploads\/usu1487\/2022\/12\/f449472c-5ac8-4932-9a27-84da551b4e58-300x300.jpg 300w, https:\/\/agora.xtec.cat\/escolasantmarti\/wp-content\/uploads\/usu1487\/2022\/12\/f449472c-5ac8-4932-9a27-84da551b4e58-1024x1024.jpg 1024w, https:\/\/agora.xtec.cat\/escolasantmarti\/wp-content\/uploads\/usu1487\/2022\/12\/f449472c-5ac8-4932-9a27-84da551b4e58-150x150.jpg 150w, https:\/\/agora.xtec.cat\/escolasantmarti\/wp-content\/uploads\/usu1487\/2022\/12\/f449472c-5ac8-4932-9a27-84da551b4e58-768x768.jpg 768w\" sizes=\"auto, (max-width: 1440px) 100vw, 1440px\" \/><\/p>\n","protected":false},"excerpt":{"rendered":"<p>Avui els nens i nenes de tercer curs han anat a cantar nadales a la pla\u00e7a de l&#8217;esgl\u00e9sia.<\/p>\n","protected":false},"author":1,"featured_media":4290,"comment_status":"open","ping_status":"closed","sticky":false,"template":"","format":"standard","meta":{"_bbp_topic_count":0,"_bbp_reply_count":0,"_bbp_total_topic_count":0,"_bbp_total_reply_count":0,"_bbp_voice_count":0,"_bbp_anonymous_reply_count":0,"_bbp_topic_count_hidden":0,"_bbp_reply_count_hidden":0,"_bbp_forum_subforum_count":0,"site-sidebar-layout":"default","site-content-layout":"","ast-site-content-layout":"","site-content-style":"default","site-sidebar-style":"default","ast-global-header-display":"","ast-banner-title-visibility":"","ast-main-header-display":"","ast-hfb-above-header-display":"","ast-hfb-below-header-display":"","ast-hfb-mobile-header-display":"","site-post-title":"","ast-breadcrumbs-content":"","ast-featured-img":"","footer-sml-layout":"","theme-transparent-header-meta":"","adv-header-id-meta":"","stick-header-meta":"","header-above-stick-meta":"","header-main-stick-meta":"","header-below-stick-meta":"","astra-migrate-meta-layouts":"default","ast-page-background-enabled":"default","ast-page-background-meta":{"desktop":{"background-color":"var(--ast-global-color-4)","background-image":"","background-repeat":"repeat","background-position":"center center","background-size":"auto","background-attachment":"scroll","background-type":"","background-media":"","overlay-type":"","overlay-color":"","overlay-opacity":"","overlay-gradient":""},"tablet":{"background-color":"","background-image":"","background-repeat":"repeat","background-position":"center center","background-size":"auto","background-attachment":"scroll","background-type":"","background-media":"","overlay-type":"","overlay-color":"","overlay-opacity":"","overlay-gradient":""},"mobile":{"background-color":"","background-image":"","background-repeat":"repeat","background-position":"center center","background-size":"auto","background-attachment":"scroll","background-type":"","background-media":"","overlay-type":"","overlay-color":"","overlay-opacity":"","overlay-gradient":""}},"ast-content-background-meta":{"desktop":{"background-color":"var(--ast-global-color-5)","background-image":"","background-repeat":"repeat","background-position":"center center","background-size":"auto","background-attachment":"scroll","background-type":"","background-media":"","overlay-type":"","overlay-color":"","overlay-opacity":"","overlay-gradient":""},"tablet":{"background-color":"var(--ast-global-color-5)","background-image":"","background-repeat":"repeat","background-position":"center center","background-size":"auto","background-attachment":"scroll","background-type":"","background-media":"","overlay-type":"","overlay-color":"","overlay-opacity":"","overlay-gradient":""},"mobile":{"background-color":"var(--ast-global-color-5)","background-image":"","background-repeat":"repeat","background-position":"center center","background-size":"auto","background-attachment":"scroll","background-type":"","background-media":"","overlay-type":"","overlay-color":"","overlay-opacity":"","overlay-gradient":""}},"footnotes":""},"categories":[12,70,4],"tags":[],"class_list":["post-4289","post","type-post","status-publish","format-standard","has-post-thumbnail","hentry","category-3r","category-musica","category-portada"],"post_mailing_queue_ids":[],"_links":{"self":[{"href":"https:\/\/agora.xtec.cat\/escolasantmarti\/wp-json\/wp\/v2\/posts\/4289","targetHints":{"allow":["GET"]}}],"collection":[{"href":"https:\/\/agora.xtec.cat\/escolasantmarti\/wp-json\/wp\/v2\/posts"}],"about":[{"href":"https:\/\/agora.xtec.cat\/escolasantmarti\/wp-json\/wp\/v2\/types\/post"}],"author":[{"embeddable":true,"href":"https:\/\/agora.xtec.cat\/escolasantmarti\/wp-json\/wp\/v2\/users\/1"}],"replies":[{"embeddable":true,"href":"https:\/\/agora.xtec.cat\/escolasantmarti\/wp-json\/wp\/v2\/comments?post=4289"}],"version-history":[{"count":1,"href":"https:\/\/agora.xtec.cat\/escolasantmarti\/wp-json\/wp\/v2\/posts\/4289\/revisions"}],"predecessor-version":[{"id":4298,"href":"https:\/\/agora.xtec.cat\/escolasantmarti\/wp-json\/wp\/v2\/posts\/4289\/revisions\/4298"}],"wp:featuredmedia":[{"embeddable":true,"href":"https:\/\/agora.xtec.cat\/escolasantmarti\/wp-json\/wp\/v2\/media\/4290"}],"wp:attachment":[{"href":"https:\/\/agora.xtec.cat\/escolasantmarti\/wp-json\/wp\/v2\/media?parent=4289"}],"wp:term":[{"taxonomy":"category","embeddable":true,"href":"https:\/\/agora.xtec.cat\/escolasantmarti\/wp-json\/wp\/v2\/categories?post=4289"},{"taxonomy":"post_tag","embeddable":true,"href":"https:\/\/agora.xtec.cat\/escolasantmarti\/wp-json\/wp\/v2\/tags?post=4289"}],"curies":[{"name":"wp","href":"https:\/\/api.w.org\/{rel}","templated":true}]}}