{"id":3527,"date":"2021-11-24T09:29:08","date_gmt":"2021-11-24T08:29:08","guid":{"rendered":"https:\/\/agora.xtec.cat\/escolasantmarti\/?p=3527"},"modified":"2021-11-24T09:29:43","modified_gmt":"2021-11-24T08:29:43","slug":"el-cicle-deducacio-infantil-a-la-fira","status":"publish","type":"post","link":"https:\/\/agora.xtec.cat\/escolasantmarti\/general\/el-cicle-deducacio-infantil-a-la-fira\/","title":{"rendered":"El cicle d&#8217;Educaci\u00f3 Infantil a la fira"},"content":{"rendered":"<p>Els nens i nenes d&#8217;educaci\u00f3 Infantil, un any m\u00e9s, han anat a la fira que hi ha al poble per festa major. Mireu que b\u00e9 s&#8217;ho van passar.<\/p>\n<p><a href=\"https:\/\/agora.xtec.cat\/escolasantmarti\/wp-content\/uploads\/usu1487\/2021\/11\/IMG_20211124_091458.jpg\"><img loading=\"lazy\" decoding=\"async\" class=\"alignnone size-large wp-image-3528\" src=\"https:\/\/agora.xtec.cat\/escolasantmarti\/wp-content\/uploads\/usu1487\/2021\/11\/IMG_20211124_091458-1024x1011.jpg\" alt=\"\" width=\"1024\" height=\"1011\" srcset=\"https:\/\/agora.xtec.cat\/escolasantmarti\/wp-content\/uploads\/usu1487\/2021\/11\/IMG_20211124_091458-1024x1011.jpg 1024w, https:\/\/agora.xtec.cat\/escolasantmarti\/wp-content\/uploads\/usu1487\/2021\/11\/IMG_20211124_091458-300x296.jpg 300w, https:\/\/agora.xtec.cat\/escolasantmarti\/wp-content\/uploads\/usu1487\/2021\/11\/IMG_20211124_091458-768x758.jpg 768w, https:\/\/agora.xtec.cat\/escolasantmarti\/wp-content\/uploads\/usu1487\/2021\/11\/IMG_20211124_091458-1536x1516.jpg 1536w, https:\/\/agora.xtec.cat\/escolasantmarti\/wp-content\/uploads\/usu1487\/2021\/11\/IMG_20211124_091458.jpg 1561w\" sizes=\"auto, (max-width: 1024px) 100vw, 1024px\" \/><\/a> <a href=\"https:\/\/agora.xtec.cat\/escolasantmarti\/wp-content\/uploads\/usu1487\/2021\/11\/IMG_20211124_091509.jpg\"><img loading=\"lazy\" decoding=\"async\" class=\"alignnone size-large wp-image-3529\" src=\"https:\/\/agora.xtec.cat\/escolasantmarti\/wp-content\/uploads\/usu1487\/2021\/11\/IMG_20211124_091509-1024x1018.jpg\" alt=\"\" width=\"1024\" height=\"1018\" srcset=\"https:\/\/agora.xtec.cat\/escolasantmarti\/wp-content\/uploads\/usu1487\/2021\/11\/IMG_20211124_091509-1024x1018.jpg 1024w, https:\/\/agora.xtec.cat\/escolasantmarti\/wp-content\/uploads\/usu1487\/2021\/11\/IMG_20211124_091509-300x298.jpg 300w, https:\/\/agora.xtec.cat\/escolasantmarti\/wp-content\/uploads\/usu1487\/2021\/11\/IMG_20211124_091509-150x150.jpg 150w, https:\/\/agora.xtec.cat\/escolasantmarti\/wp-content\/uploads\/usu1487\/2021\/11\/IMG_20211124_091509-768x764.jpg 768w, https:\/\/agora.xtec.cat\/escolasantmarti\/wp-content\/uploads\/usu1487\/2021\/11\/IMG_20211124_091509-1536x1527.jpg 1536w, https:\/\/agora.xtec.cat\/escolasantmarti\/wp-content\/uploads\/usu1487\/2021\/11\/IMG_20211124_091509.jpg 1564w\" sizes=\"auto, (max-width: 1024px) 100vw, 1024px\" \/><\/a> <a href=\"https:\/\/agora.xtec.cat\/escolasantmarti\/wp-content\/uploads\/usu1487\/2021\/11\/IMG_20211124_091520.jpg\"><img loading=\"lazy\" decoding=\"async\" class=\"alignnone size-large wp-image-3530\" src=\"https:\/\/agora.xtec.cat\/escolasantmarti\/wp-content\/uploads\/usu1487\/2021\/11\/IMG_20211124_091520-1024x997.jpg\" alt=\"\" width=\"1024\" height=\"997\" srcset=\"https:\/\/agora.xtec.cat\/escolasantmarti\/wp-content\/uploads\/usu1487\/2021\/11\/IMG_20211124_091520-1024x997.jpg 1024w, https:\/\/agora.xtec.cat\/escolasantmarti\/wp-content\/uploads\/usu1487\/2021\/11\/IMG_20211124_091520-300x292.jpg 300w, https:\/\/agora.xtec.cat\/escolasantmarti\/wp-content\/uploads\/usu1487\/2021\/11\/IMG_20211124_091520-768x747.jpg 768w, https:\/\/agora.xtec.cat\/escolasantmarti\/wp-content\/uploads\/usu1487\/2021\/11\/IMG_20211124_091520-1536x1495.jpg 1536w, https:\/\/agora.xtec.cat\/escolasantmarti\/wp-content\/uploads\/usu1487\/2021\/11\/IMG_20211124_091520.jpg 1564w\" sizes=\"auto, (max-width: 1024px) 100vw, 1024px\" \/><\/a> <a href=\"https:\/\/agora.xtec.cat\/escolasantmarti\/wp-content\/uploads\/usu1487\/2021\/11\/IMG_20211124_091709.jpg\"><img loading=\"lazy\" decoding=\"async\" class=\"alignnone size-large wp-image-3531\" src=\"https:\/\/agora.xtec.cat\/escolasantmarti\/wp-content\/uploads\/usu1487\/2021\/11\/IMG_20211124_091709-819x1024.jpg\" alt=\"\" width=\"819\" height=\"1024\" srcset=\"https:\/\/agora.xtec.cat\/escolasantmarti\/wp-content\/uploads\/usu1487\/2021\/11\/IMG_20211124_091709-819x1024.jpg 819w, https:\/\/agora.xtec.cat\/escolasantmarti\/wp-content\/uploads\/usu1487\/2021\/11\/IMG_20211124_091709-240x300.jpg 240w, https:\/\/agora.xtec.cat\/escolasantmarti\/wp-content\/uploads\/usu1487\/2021\/11\/IMG_20211124_091709-768x961.jpg 768w, https:\/\/agora.xtec.cat\/escolasantmarti\/wp-content\/uploads\/usu1487\/2021\/11\/IMG_20211124_091709-1228x1536.jpg 1228w, https:\/\/agora.xtec.cat\/escolasantmarti\/wp-content\/uploads\/usu1487\/2021\/11\/IMG_20211124_091709.jpg 1264w\" sizes=\"auto, (max-width: 819px) 100vw, 819px\" \/><\/a> <a href=\"https:\/\/agora.xtec.cat\/escolasantmarti\/wp-content\/uploads\/usu1487\/2021\/11\/IMG_20211124_091729.jpg\"><img loading=\"lazy\" decoding=\"async\" class=\"alignnone size-large wp-image-3532\" src=\"https:\/\/agora.xtec.cat\/escolasantmarti\/wp-content\/uploads\/usu1487\/2021\/11\/IMG_20211124_091729-825x1024.jpg\" alt=\"\" width=\"825\" height=\"1024\" srcset=\"https:\/\/agora.xtec.cat\/escolasantmarti\/wp-content\/uploads\/usu1487\/2021\/11\/IMG_20211124_091729-825x1024.jpg 825w, https:\/\/agora.xtec.cat\/escolasantmarti\/wp-content\/uploads\/usu1487\/2021\/11\/IMG_20211124_091729-242x300.jpg 242w, https:\/\/agora.xtec.cat\/escolasantmarti\/wp-content\/uploads\/usu1487\/2021\/11\/IMG_20211124_091729-768x954.jpg 768w, https:\/\/agora.xtec.cat\/escolasantmarti\/wp-content\/uploads\/usu1487\/2021\/11\/IMG_20211124_091729-1237x1536.jpg 1237w, https:\/\/agora.xtec.cat\/escolasantmarti\/wp-content\/uploads\/usu1487\/2021\/11\/IMG_20211124_091729.jpg 1287w\" sizes=\"auto, (max-width: 825px) 100vw, 825px\" \/><\/a> <a href=\"https:\/\/agora.xtec.cat\/escolasantmarti\/wp-content\/uploads\/usu1487\/2021\/11\/IMG_20211124_091748.jpg\"><img loading=\"lazy\" decoding=\"async\" class=\"alignnone size-large wp-image-3533\" src=\"https:\/\/agora.xtec.cat\/escolasantmarti\/wp-content\/uploads\/usu1487\/2021\/11\/IMG_20211124_091748-815x1024.jpg\" alt=\"\" width=\"815\" height=\"1024\" srcset=\"https:\/\/agora.xtec.cat\/escolasantmarti\/wp-content\/uploads\/usu1487\/2021\/11\/IMG_20211124_091748-815x1024.jpg 815w, https:\/\/agora.xtec.cat\/escolasantmarti\/wp-content\/uploads\/usu1487\/2021\/11\/IMG_20211124_091748-239x300.jpg 239w, https:\/\/agora.xtec.cat\/escolasantmarti\/wp-content\/uploads\/usu1487\/2021\/11\/IMG_20211124_091748-768x964.jpg 768w, https:\/\/agora.xtec.cat\/escolasantmarti\/wp-content\/uploads\/usu1487\/2021\/11\/IMG_20211124_091748-1223x1536.jpg 1223w, https:\/\/agora.xtec.cat\/escolasantmarti\/wp-content\/uploads\/usu1487\/2021\/11\/IMG_20211124_091748.jpg 1275w\" sizes=\"auto, (max-width: 815px) 100vw, 815px\" \/><\/a> <a href=\"https:\/\/agora.xtec.cat\/escolasantmarti\/wp-content\/uploads\/usu1487\/2021\/11\/IMG_20211124_091813.jpg\"><img loading=\"lazy\" decoding=\"async\" class=\"alignnone size-large wp-image-3534\" src=\"https:\/\/agora.xtec.cat\/escolasantmarti\/wp-content\/uploads\/usu1487\/2021\/11\/IMG_20211124_091813-831x1024.jpg\" alt=\"\" width=\"831\" height=\"1024\" srcset=\"https:\/\/agora.xtec.cat\/escolasantmarti\/wp-content\/uploads\/usu1487\/2021\/11\/IMG_20211124_091813-831x1024.jpg 831w, https:\/\/agora.xtec.cat\/escolasantmarti\/wp-content\/uploads\/usu1487\/2021\/11\/IMG_20211124_091813-243x300.jpg 243w, https:\/\/agora.xtec.cat\/escolasantmarti\/wp-content\/uploads\/usu1487\/2021\/11\/IMG_20211124_091813-768x947.jpg 768w, https:\/\/agora.xtec.cat\/escolasantmarti\/wp-content\/uploads\/usu1487\/2021\/11\/IMG_20211124_091813-1246x1536.jpg 1246w, https:\/\/agora.xtec.cat\/escolasantmarti\/wp-content\/uploads\/usu1487\/2021\/11\/IMG_20211124_091813.jpg 1277w\" sizes=\"auto, (max-width: 831px) 100vw, 831px\" \/><\/a> <a href=\"https:\/\/agora.xtec.cat\/escolasantmarti\/wp-content\/uploads\/usu1487\/2021\/11\/IMG_20211124_091831.jpg\"><img loading=\"lazy\" decoding=\"async\" class=\"alignnone size-large wp-image-3535\" src=\"https:\/\/agora.xtec.cat\/escolasantmarti\/wp-content\/uploads\/usu1487\/2021\/11\/IMG_20211124_091831-834x1024.jpg\" alt=\"\" width=\"834\" height=\"1024\" srcset=\"https:\/\/agora.xtec.cat\/escolasantmarti\/wp-content\/uploads\/usu1487\/2021\/11\/IMG_20211124_091831-834x1024.jpg 834w, https:\/\/agora.xtec.cat\/escolasantmarti\/wp-content\/uploads\/usu1487\/2021\/11\/IMG_20211124_091831-244x300.jpg 244w, https:\/\/agora.xtec.cat\/escolasantmarti\/wp-content\/uploads\/usu1487\/2021\/11\/IMG_20211124_091831-768x943.jpg 768w, https:\/\/agora.xtec.cat\/escolasantmarti\/wp-content\/uploads\/usu1487\/2021\/11\/IMG_20211124_091831-1251x1536.jpg 1251w, https:\/\/agora.xtec.cat\/escolasantmarti\/wp-content\/uploads\/usu1487\/2021\/11\/IMG_20211124_091831.jpg 1284w\" sizes=\"auto, (max-width: 834px) 100vw, 834px\" \/><\/a> <a href=\"https:\/\/agora.xtec.cat\/escolasantmarti\/wp-content\/uploads\/usu1487\/2021\/11\/IMG_20211124_091856.jpg\"><img loading=\"lazy\" decoding=\"async\" class=\"alignnone size-large wp-image-3536\" src=\"https:\/\/agora.xtec.cat\/escolasantmarti\/wp-content\/uploads\/usu1487\/2021\/11\/IMG_20211124_091856-820x1024.jpg\" alt=\"\" width=\"820\" height=\"1024\" srcset=\"https:\/\/agora.xtec.cat\/escolasantmarti\/wp-content\/uploads\/usu1487\/2021\/11\/IMG_20211124_091856-820x1024.jpg 820w, https:\/\/agora.xtec.cat\/escolasantmarti\/wp-content\/uploads\/usu1487\/2021\/11\/IMG_20211124_091856-240x300.jpg 240w, https:\/\/agora.xtec.cat\/escolasantmarti\/wp-content\/uploads\/usu1487\/2021\/11\/IMG_20211124_091856-768x959.jpg 768w, https:\/\/agora.xtec.cat\/escolasantmarti\/wp-content\/uploads\/usu1487\/2021\/11\/IMG_20211124_091856-1230x1536.jpg 1230w, https:\/\/agora.xtec.cat\/escolasantmarti\/wp-content\/uploads\/usu1487\/2021\/11\/IMG_20211124_091856.jpg 1288w\" sizes=\"auto, (max-width: 820px) 100vw, 820px\" \/><\/a><\/p>\n","protected":false},"excerpt":{"rendered":"<p>Els nens i nenes d&#8217;educaci\u00f3 Infantil, un any m\u00e9s, han anat a la fira que hi ha al poble per festa major. Mireu que b\u00e9 s&#8217;ho van passar.<\/p>\n","protected":false},"author":10,"featured_media":3533,"comment_status":"open","ping_status":"closed","sticky":false,"template":"","format":"standard","meta":{"_bbp_topic_count":0,"_bbp_reply_count":0,"_bbp_total_topic_count":0,"_bbp_total_reply_count":0,"_bbp_voice_count":0,"_bbp_anonymous_reply_count":0,"_bbp_topic_count_hidden":0,"_bbp_reply_count_hidden":0,"_bbp_forum_subforum_count":0,"site-sidebar-layout":"default","site-content-layout":"","ast-site-content-layout":"","site-content-style":"default","site-sidebar-style":"default","ast-global-header-display":"","ast-banner-title-visibility":"","ast-main-header-display":"","ast-hfb-above-header-display":"","ast-hfb-below-header-display":"","ast-hfb-mobile-header-display":"","site-post-title":"","ast-breadcrumbs-content":"","ast-featured-img":"","footer-sml-layout":"","theme-transparent-header-meta":"","adv-header-id-meta":"","stick-header-meta":"","header-above-stick-meta":"","header-main-stick-meta":"","header-below-stick-meta":"","astra-migrate-meta-layouts":"default","ast-page-background-enabled":"default","ast-page-background-meta":{"desktop":{"background-color":"var(--ast-global-color-4)","background-image":"","background-repeat":"repeat","background-position":"center center","background-size":"auto","background-attachment":"scroll","background-type":"","background-media":"","overlay-type":"","overlay-color":"","overlay-opacity":"","overlay-gradient":""},"tablet":{"background-color":"","background-image":"","background-repeat":"repeat","background-position":"center center","background-size":"auto","background-attachment":"scroll","background-type":"","background-media":"","overlay-type":"","overlay-color":"","overlay-opacity":"","overlay-gradient":""},"mobile":{"background-color":"","background-image":"","background-repeat":"repeat","background-position":"center center","background-size":"auto","background-attachment":"scroll","background-type":"","background-media":"","overlay-type":"","overlay-color":"","overlay-opacity":"","overlay-gradient":""}},"ast-content-background-meta":{"desktop":{"background-color":"var(--ast-global-color-5)","background-image":"","background-repeat":"repeat","background-position":"center center","background-size":"auto","background-attachment":"scroll","background-type":"","background-media":"","overlay-type":"","overlay-color":"","overlay-opacity":"","overlay-gradient":""},"tablet":{"background-color":"var(--ast-global-color-5)","background-image":"","background-repeat":"repeat","background-position":"center center","background-size":"auto","background-attachment":"scroll","background-type":"","background-media":"","overlay-type":"","overlay-color":"","overlay-opacity":"","overlay-gradient":""},"mobile":{"background-color":"var(--ast-global-color-5)","background-image":"","background-repeat":"repeat","background-position":"center center","background-size":"auto","background-attachment":"scroll","background-type":"","background-media":"","overlay-type":"","overlay-color":"","overlay-opacity":"","overlay-gradient":""}},"footnotes":""},"categories":[3,8,9,2,1,4],"tags":[],"class_list":["post-3527","post","type-post","status-publish","format-standard","has-post-thumbnail","hentry","category-ei3","category-ei4","category-ei5","category-infantil","category-general","category-portada"],"post_mailing_queue_ids":[],"_links":{"self":[{"href":"https:\/\/agora.xtec.cat\/escolasantmarti\/wp-json\/wp\/v2\/posts\/3527","targetHints":{"allow":["GET"]}}],"collection":[{"href":"https:\/\/agora.xtec.cat\/escolasantmarti\/wp-json\/wp\/v2\/posts"}],"about":[{"href":"https:\/\/agora.xtec.cat\/escolasantmarti\/wp-json\/wp\/v2\/types\/post"}],"author":[{"embeddable":true,"href":"https:\/\/agora.xtec.cat\/escolasantmarti\/wp-json\/wp\/v2\/users\/10"}],"replies":[{"embeddable":true,"href":"https:\/\/agora.xtec.cat\/escolasantmarti\/wp-json\/wp\/v2\/comments?post=3527"}],"version-history":[{"count":1,"href":"https:\/\/agora.xtec.cat\/escolasantmarti\/wp-json\/wp\/v2\/posts\/3527\/revisions"}],"predecessor-version":[{"id":3537,"href":"https:\/\/agora.xtec.cat\/escolasantmarti\/wp-json\/wp\/v2\/posts\/3527\/revisions\/3537"}],"wp:featuredmedia":[{"embeddable":true,"href":"https:\/\/agora.xtec.cat\/escolasantmarti\/wp-json\/wp\/v2\/media\/3533"}],"wp:attachment":[{"href":"https:\/\/agora.xtec.cat\/escolasantmarti\/wp-json\/wp\/v2\/media?parent=3527"}],"wp:term":[{"taxonomy":"category","embeddable":true,"href":"https:\/\/agora.xtec.cat\/escolasantmarti\/wp-json\/wp\/v2\/categories?post=3527"},{"taxonomy":"post_tag","embeddable":true,"href":"https:\/\/agora.xtec.cat\/escolasantmarti\/wp-json\/wp\/v2\/tags?post=3527"}],"curies":[{"name":"wp","href":"https:\/\/api.w.org\/{rel}","templated":true}]}}