{"id":1890,"date":"2020-02-28T13:35:35","date_gmt":"2020-02-28T12:35:35","guid":{"rendered":"http:\/\/agora.xtec.cat\/escolasantmarti\/?p=1890"},"modified":"2020-03-03T20:08:28","modified_gmt":"2020-03-03T19:08:28","slug":"taller-de-salut-a-6e-autoproteccio","status":"publish","type":"post","link":"https:\/\/agora.xtec.cat\/escolasantmarti\/portada\/taller-de-salut-a-6e-autoproteccio\/","title":{"rendered":"TALLER DE SALUT  A  6\u00e8: AUTOPROTECCI\u00d3"},"content":{"rendered":"<p>Ahir dijous 27 de febrer, els alumnes de 6\u00e8 vam participar en\u00a0 el Taller\/Xerrada d\u2019Autoprotecci\u00f3. L\u2019objectiu d\u2019aquest taller \u00e9s sensibilitzar als nens\u00a0 i nenes en temes d\u2019autoprotecci\u00f3; con\u00e8ixer les eines i recursos necessaris per identificar una situaci\u00f3 d\u2019emerg\u00e8ncia i saber com actuar. Aquest taller forma part del Pla d\u2019Activitats d\u2019Educaci\u00f3 per a la Salut pertanyents a la Diputaci\u00f3 de Barcelona.<\/p>\n<figure id=\"attachment_1907\" aria-describedby=\"caption-attachment-1907\" style=\"width: 3968px\" class=\"wp-caption aligncenter\"><a href=\"http:\/\/agora.xtec.cat\/escolasantmarti\/primaria\/6e\/taller-de-salut-a-6e-autoproteccio\/attachment\/sdr\/\" rel=\"attachment wp-att-1907\"><img loading=\"lazy\" decoding=\"async\" class=\"size-full wp-image-1907\" src=\"https:\/\/agora.xtec.cat\/escolasantmarti\/wp-content\/uploads\/usu1487\/2020\/02\/IMG_20200227_115903.jpg\" alt=\"\" width=\"3968\" height=\"2976\" srcset=\"https:\/\/agora.xtec.cat\/escolasantmarti\/wp-content\/uploads\/usu1487\/2020\/02\/IMG_20200227_115903.jpg 3968w, https:\/\/agora.xtec.cat\/escolasantmarti\/wp-content\/uploads\/usu1487\/2020\/02\/IMG_20200227_115903-300x225.jpg 300w, https:\/\/agora.xtec.cat\/escolasantmarti\/wp-content\/uploads\/usu1487\/2020\/02\/IMG_20200227_115903-768x576.jpg 768w, https:\/\/agora.xtec.cat\/escolasantmarti\/wp-content\/uploads\/usu1487\/2020\/02\/IMG_20200227_115903-1024x768.jpg 1024w, https:\/\/agora.xtec.cat\/escolasantmarti\/wp-content\/uploads\/usu1487\/2020\/02\/IMG_20200227_115903-200x150.jpg 200w\" sizes=\"auto, (max-width: 3968px) 100vw, 3968px\" \/><\/a><figcaption id=\"caption-attachment-1907\" class=\"wp-caption-text\">sdr<\/figcaption><\/figure>\n","protected":false},"excerpt":{"rendered":"<p>Ahir dijous 27 de febrer, els alumnes de 6\u00e8 vam participar en\u00a0 el Taller\/Xerrada d\u2019Autoprotecci\u00f3. L\u2019objectiu d\u2019aquest taller \u00e9s sensibilitzar als nens\u00a0 i nenes en temes d\u2019autoprotecci\u00f3; con\u00e8ixer les eines i recursos necessaris per identificar una situaci\u00f3 d\u2019emerg\u00e8ncia i saber com actuar. Aquest taller forma part del Pla d\u2019Activitats d\u2019Educaci\u00f3 per a la Salut pertanyents [&hellip;]<\/p>\n","protected":false},"author":1,"featured_media":1907,"comment_status":"open","ping_status":"closed","sticky":false,"template":"","format":"standard","meta":{"_bbp_topic_count":0,"_bbp_reply_count":0,"_bbp_total_topic_count":0,"_bbp_total_reply_count":0,"_bbp_voice_count":0,"_bbp_anonymous_reply_count":0,"_bbp_topic_count_hidden":0,"_bbp_reply_count_hidden":0,"_bbp_forum_subforum_count":0,"site-sidebar-layout":"default","site-content-layout":"","ast-site-content-layout":"","site-content-style":"default","site-sidebar-style":"default","ast-global-header-display":"","ast-banner-title-visibility":"","ast-main-header-display":"","ast-hfb-above-header-display":"","ast-hfb-below-header-display":"","ast-hfb-mobile-header-display":"","site-post-title":"","ast-breadcrumbs-content":"","ast-featured-img":"","footer-sml-layout":"","theme-transparent-header-meta":"","adv-header-id-meta":"","stick-header-meta":"","header-above-stick-meta":"","header-main-stick-meta":"","header-below-stick-meta":"","astra-migrate-meta-layouts":"default","ast-page-background-enabled":"default","ast-page-background-meta":{"desktop":{"background-color":"var(--ast-global-color-4)","background-image":"","background-repeat":"repeat","background-position":"center center","background-size":"auto","background-attachment":"scroll","background-type":"","background-media":"","overlay-type":"","overlay-color":"","overlay-opacity":"","overlay-gradient":""},"tablet":{"background-color":"","background-image":"","background-repeat":"repeat","background-position":"center center","background-size":"auto","background-attachment":"scroll","background-type":"","background-media":"","overlay-type":"","overlay-color":"","overlay-opacity":"","overlay-gradient":""},"mobile":{"background-color":"","background-image":"","background-repeat":"repeat","background-position":"center center","background-size":"auto","background-attachment":"scroll","background-type":"","background-media":"","overlay-type":"","overlay-color":"","overlay-opacity":"","overlay-gradient":""}},"ast-content-background-meta":{"desktop":{"background-color":"var(--ast-global-color-5)","background-image":"","background-repeat":"repeat","background-position":"center center","background-size":"auto","background-attachment":"scroll","background-type":"","background-media":"","overlay-type":"","overlay-color":"","overlay-opacity":"","overlay-gradient":""},"tablet":{"background-color":"var(--ast-global-color-5)","background-image":"","background-repeat":"repeat","background-position":"center center","background-size":"auto","background-attachment":"scroll","background-type":"","background-media":"","overlay-type":"","overlay-color":"","overlay-opacity":"","overlay-gradient":""},"mobile":{"background-color":"var(--ast-global-color-5)","background-image":"","background-repeat":"repeat","background-position":"center center","background-size":"auto","background-attachment":"scroll","background-type":"","background-media":"","overlay-type":"","overlay-color":"","overlay-opacity":"","overlay-gradient":""}},"footnotes":""},"categories":[15,4],"tags":[],"class_list":["post-1890","post","type-post","status-publish","format-standard","has-post-thumbnail","hentry","category-6e","category-portada"],"post_mailing_queue_ids":[],"_links":{"self":[{"href":"https:\/\/agora.xtec.cat\/escolasantmarti\/wp-json\/wp\/v2\/posts\/1890","targetHints":{"allow":["GET"]}}],"collection":[{"href":"https:\/\/agora.xtec.cat\/escolasantmarti\/wp-json\/wp\/v2\/posts"}],"about":[{"href":"https:\/\/agora.xtec.cat\/escolasantmarti\/wp-json\/wp\/v2\/types\/post"}],"author":[{"embeddable":true,"href":"https:\/\/agora.xtec.cat\/escolasantmarti\/wp-json\/wp\/v2\/users\/1"}],"replies":[{"embeddable":true,"href":"https:\/\/agora.xtec.cat\/escolasantmarti\/wp-json\/wp\/v2\/comments?post=1890"}],"version-history":[{"count":2,"href":"https:\/\/agora.xtec.cat\/escolasantmarti\/wp-json\/wp\/v2\/posts\/1890\/revisions"}],"predecessor-version":[{"id":1908,"href":"https:\/\/agora.xtec.cat\/escolasantmarti\/wp-json\/wp\/v2\/posts\/1890\/revisions\/1908"}],"wp:featuredmedia":[{"embeddable":true,"href":"https:\/\/agora.xtec.cat\/escolasantmarti\/wp-json\/wp\/v2\/media\/1907"}],"wp:attachment":[{"href":"https:\/\/agora.xtec.cat\/escolasantmarti\/wp-json\/wp\/v2\/media?parent=1890"}],"wp:term":[{"taxonomy":"category","embeddable":true,"href":"https:\/\/agora.xtec.cat\/escolasantmarti\/wp-json\/wp\/v2\/categories?post=1890"},{"taxonomy":"post_tag","embeddable":true,"href":"https:\/\/agora.xtec.cat\/escolasantmarti\/wp-json\/wp\/v2\/tags?post=1890"}],"curies":[{"name":"wp","href":"https:\/\/api.w.org\/{rel}","templated":true}]}}