{"id":992,"date":"2014-02-24T22:21:24","date_gmt":"2014-02-24T21:21:24","guid":{"rendered":"http:\/\/blocs.xtec.cat\/ceipstjulia\/?p=992"},"modified":"2015-11-16T23:28:23","modified_gmt":"2015-11-16T22:28:23","slug":"klimt-a-plastica-de-6e","status":"publish","type":"post","link":"https:\/\/agora.xtec.cat\/escolasantjulia\/general\/klimt-a-plastica-de-6e\/","title":{"rendered":"KLIMT a 6\u00e8 de Prim\u00e0ria"},"content":{"rendered":"<p><a href=\"http:\/\/s879.photobucket.com\/user\/EscolaSantJulia\/media\/Plastica%20KLIMT\/the-tree-of-life-gustav-klimt-art-painting-wallpaper-painting_zps9833d49f.jpg.html\" target=\"_blank\"><img decoding=\"async\" src=\"http:\/\/i879.photobucket.com\/albums\/ab352\/EscolaSantJulia\/Plastica%20KLIMT\/the-tree-of-life-gustav-klimt-art-painting-wallpaper-painting_zps9833d49f.jpg\" border=\"0\" alt=\" photo the-tree-of-life-gustav-klimt-art-painting-wallpaper-painting_zps9833d49f.jpg\"\/><\/a><br \/>\n<strong>L\u2019ARBRE DE LA VIDA DE GUSTAV KLIMT<\/strong><\/p>\n<p>Els alumnes de 6\u00e8 hem estudiat el fam\u00f3s pintor austr\u00edac Gustav Klimt. Amb aquest precursor de l\u2019Art Noveau hem descobert els seus colors daurats, vermells, taronges, les seves formes esveltes, geom\u00e8triques, arrodonides, belles&#8230;<\/p>\n<p>Hem centrat el nostre inter\u00e8s en una de les seves obres m\u00e9s importants: \u201c L\u2019arbre de la vida\u201d. L\u2019hem interpretat i cadasc\u00fa de nosaltres ha fet la seva visi\u00f3 personal del seu arbre de la vida&#8230; Qu\u00e8 us semblen? \u00a0Us imagineu un bosc ple d\u2019aquests arbres?<\/p>\n<div style=\"width:480px;text-align:right;\"><embed width=\"480\" height=\"360\" src=\"http:\/\/pic2.pbsrc.com\/flash\/rss_slideshow.swf\" flashvars=\"rssFeed=http%3A%2F%2Ffeed879.photobucket.com%2Falbums%2Fab352%2FEscolaSantJulia%2FPlastica%2520KLIMT%2Ffeed.rss\" type=\"application\/x-shockwave-flash\" wmode=\"transparent\" \/><a href=\"javascript:void(0);\" target=\"_blank\"><img decoding=\"async\" src=\"http:\/\/pic.photobucket.com\/share\/icons\/embed\/btn_geturs.gif\" style=\"border:none;\" \/><\/a><a href=\"http:\/\/s879.photobucket.com\/user\/EscolaSantJulia\/library\/Plastica%20KLIMT\" target=\"_blank\"><img decoding=\"async\" src=\"http:\/\/pic.photobucket.com\/share\/icons\/embed\/btn_viewall.gif\" style=\"border:none;\" alt=\"EscolaSantJulia&#039;s Plastica KLIMT album on Photobucket\" \/><\/a><\/div>\n","protected":false},"excerpt":{"rendered":"<p>L\u2019ARBRE DE LA VIDA DE GUSTAV KLIMT Els alumnes de 6\u00e8 hem estudiat el fam\u00f3s pintor austr\u00edac Gustav Klimt. Amb aquest precursor de l\u2019Art Noveau hem descobert els seus colors daurats, vermells, taronges, les seves formes esveltes, geom\u00e8triques, arrodonides, belles&#8230; Hem centrat el nostre inter\u00e8s en una de les seves obres m\u00e9s importants: \u201c L\u2019arbre [&hellip;]<\/p>\n","protected":false},"author":1,"featured_media":0,"comment_status":"open","ping_status":"open","sticky":false,"template":"","format":"standard","meta":{"_bbp_topic_count":0,"_bbp_reply_count":0,"_bbp_total_topic_count":0,"_bbp_total_reply_count":0,"_bbp_voice_count":0,"_bbp_anonymous_reply_count":0,"_bbp_topic_count_hidden":0,"_bbp_reply_count_hidden":0,"_bbp_forum_subforum_count":0,"site-sidebar-layout":"default","site-content-layout":"","ast-site-content-layout":"","site-content-style":"default","site-sidebar-style":"default","ast-global-header-display":"","ast-banner-title-visibility":"","ast-main-header-display":"","ast-hfb-above-header-display":"","ast-hfb-below-header-display":"","ast-hfb-mobile-header-display":"","site-post-title":"","ast-breadcrumbs-content":"","ast-featured-img":"","footer-sml-layout":"","theme-transparent-header-meta":"","adv-header-id-meta":"","stick-header-meta":"","header-above-stick-meta":"","header-main-stick-meta":"","header-below-stick-meta":"","astra-migrate-meta-layouts":"default","ast-page-background-enabled":"default","ast-page-background-meta":{"desktop":{"background-color":"var(--ast-global-color-4)","background-image":"","background-repeat":"repeat","background-position":"center center","background-size":"auto","background-attachment":"scroll","background-type":"","background-media":"","overlay-type":"","overlay-color":"","overlay-opacity":"","overlay-gradient":""},"tablet":{"background-color":"","background-image":"","background-repeat":"repeat","background-position":"center center","background-size":"auto","background-attachment":"scroll","background-type":"","background-media":"","overlay-type":"","overlay-color":"","overlay-opacity":"","overlay-gradient":""},"mobile":{"background-color":"","background-image":"","background-repeat":"repeat","background-position":"center center","background-size":"auto","background-attachment":"scroll","background-type":"","background-media":"","overlay-type":"","overlay-color":"","overlay-opacity":"","overlay-gradient":""}},"ast-content-background-meta":{"desktop":{"background-color":"var(--ast-global-color-5)","background-image":"","background-repeat":"repeat","background-position":"center center","background-size":"auto","background-attachment":"scroll","background-type":"","background-media":"","overlay-type":"","overlay-color":"","overlay-opacity":"","overlay-gradient":""},"tablet":{"background-color":"var(--ast-global-color-5)","background-image":"","background-repeat":"repeat","background-position":"center center","background-size":"auto","background-attachment":"scroll","background-type":"","background-media":"","overlay-type":"","overlay-color":"","overlay-opacity":"","overlay-gradient":""},"mobile":{"background-color":"var(--ast-global-color-5)","background-image":"","background-repeat":"repeat","background-position":"center center","background-size":"auto","background-attachment":"scroll","background-type":"","background-media":"","overlay-type":"","overlay-color":"","overlay-opacity":"","overlay-gradient":""}},"footnotes":""},"categories":[35,1,15],"tags":[70,118,17],"class_list":["post-992","post","type-post","status-publish","format-standard","hentry","category-activitats-a-laula","category-general","category-6e","tag-colors","tag-klimt","tag-plastica"],"post_mailing_queue_ids":[],"_links":{"self":[{"href":"https:\/\/agora.xtec.cat\/escolasantjulia\/wp-json\/wp\/v2\/posts\/992","targetHints":{"allow":["GET"]}}],"collection":[{"href":"https:\/\/agora.xtec.cat\/escolasantjulia\/wp-json\/wp\/v2\/posts"}],"about":[{"href":"https:\/\/agora.xtec.cat\/escolasantjulia\/wp-json\/wp\/v2\/types\/post"}],"author":[{"embeddable":true,"href":"https:\/\/agora.xtec.cat\/escolasantjulia\/wp-json\/wp\/v2\/users\/1"}],"replies":[{"embeddable":true,"href":"https:\/\/agora.xtec.cat\/escolasantjulia\/wp-json\/wp\/v2\/comments?post=992"}],"version-history":[{"count":1,"href":"https:\/\/agora.xtec.cat\/escolasantjulia\/wp-json\/wp\/v2\/posts\/992\/revisions"}],"predecessor-version":[{"id":1924,"href":"https:\/\/agora.xtec.cat\/escolasantjulia\/wp-json\/wp\/v2\/posts\/992\/revisions\/1924"}],"wp:attachment":[{"href":"https:\/\/agora.xtec.cat\/escolasantjulia\/wp-json\/wp\/v2\/media?parent=992"}],"wp:term":[{"taxonomy":"category","embeddable":true,"href":"https:\/\/agora.xtec.cat\/escolasantjulia\/wp-json\/wp\/v2\/categories?post=992"},{"taxonomy":"post_tag","embeddable":true,"href":"https:\/\/agora.xtec.cat\/escolasantjulia\/wp-json\/wp\/v2\/tags?post=992"}],"curies":[{"name":"wp","href":"https:\/\/api.w.org\/{rel}","templated":true}]}}