{"id":934,"date":"2014-02-08T17:03:33","date_gmt":"2014-02-08T16:03:33","guid":{"rendered":"http:\/\/blocs.xtec.cat\/ceipstjulia\/?p=934"},"modified":"2015-11-16T23:28:23","modified_gmt":"2015-11-16T22:28:23","slug":"gran-matinal-al-cros-de-larboc","status":"publish","type":"post","link":"https:\/\/agora.xtec.cat\/escolasantjulia\/general\/gran-matinal-al-cros-de-larboc\/","title":{"rendered":"Gran matinal al Cros de l&#8217;Arbo\u00e7!!"},"content":{"rendered":"<p><a href=\"http:\/\/s879.photobucket.com\/user\/EscolaSantJulia\/media\/DSC_0003_zps5fdef4be.jpg.html\" target=\"_blank\"><img loading=\"lazy\" decoding=\"async\" class=\"alignleft\" style=\"border: 0px;\" alt=\" photo DSC_0003_zps5fdef4be.jpg\" src=\"http:\/\/i879.photobucket.com\/albums\/ab352\/EscolaSantJulia\/DSC_0003_zps5fdef4be.jpg\" width=\"182\" height=\"121\" border=\"0\" \/><\/a>El passat diumenge es va celebrar el <span style=\"font-size: medium;\"><strong><span style=\"color: #ff6600;\">Cros Escolar de l&#8217;Arbo\u00e7<\/span><\/strong><\/span>. Va ser una jornada on el temps aquesta vegada s\u00ed va acompanyar i ens permet\u00e9 gaudir de <strong>bones curses<\/strong>, de l&#8217;<strong>esfor\u00e7 dels participants<\/strong> i de la <strong>bona organitzaci\u00f3<\/strong> de l&#8217;event per part de l&#8217;AMPA de l&#8217;escola. Aqu\u00ed us deixem uns enlla\u00e7os amb les fotografies:<\/p>\n<p><a href=\"https:\/\/plus.google.com\/photos\/114361177352448461924\/albums\/5977049789620676785?authkey=CJeZgeCWj4uaHA\" target=\"_blank\">Alev\u00ed Mascul\u00ed i Femen\u00ed (5\u00e8 i 6\u00e8)<\/a><br \/>\n<a href=\"https:\/\/plus.google.com\/photos\/114361177352448461924\/albums\/5977056219711482865?authkey=CLmxlMai0t2ZWg\" target=\"_blank\">Benjam\u00ed Mascul\u00ed (3r i 4t)<\/a><br \/>\n<a href=\"https:\/\/plus.google.com\/photos\/114361177352448461924\/albums\/5977061445572385121?authkey=CO6dltW-oIaRNQ\" target=\"_blank\">Benjam\u00ed Femen\u00ed (3r i 4t)<\/a><br \/>\n<a href=\"https:\/\/plus.google.com\/photos\/114361177352448461924\/albums\/5977067477168302369?authkey=CIvPjeXr2-yOoQE\" target=\"_blank\">Prebenjam\u00ed Mascul\u00ed i Femen\u00ed (1r i 2n)<\/a><br \/>\n<a href=\"https:\/\/plus.google.com\/photos\/114361177352448461924\/albums\/5977423630994565985?authkey=CIm9v5-OubXv_wE\" target=\"_blank\">P5 Mascul\u00ed i Femen\u00ed<\/a><br \/>\n<a href=\"https:\/\/plus.google.com\/photos\/114361177352448461924\/albums\/5977430594701727745?authkey=CILM9pfLqqzw8wE\" target=\"_blank\">P4 i P3 Mascul\u00ed i Femen\u00ed<\/a><br \/>\n<a href=\"https:\/\/plus.google.com\/photos\/114361177352448461924\/albums\/5977436776570130465?authkey=CKKQ5NfwpcfIvAE\" target=\"_blank\">Majors de 18<\/a><br \/>\n<a href=\"https:\/\/plus.google.com\/photos\/114361177352448461924\/albums\/5978029445633235185?authkey=CKDSmabHrK-xsAE\" target=\"_blank\">Guanyadors<\/a><br \/>\n<a href=\"https:\/\/plus.google.com\/photos\/114361177352448461924\/albums\/5978036737336606913?authkey=COP8gIfBmpPFGA\" target=\"_blank\">Altres fotografies<\/a><\/p>\n<p>Les persones que pertanyin a <span style=\"color: #008000;\"><strong>altres clubs i escoles de la comarca<\/strong><\/span>, i que estiguin interessats en fotografies dels seus fills i de les seves filles, es poden posar en contacte amb nosaltres per correu electr\u00f2nic: <strong>sant.julia.arbos@gmail.com<\/strong><\/p>\n","protected":false},"excerpt":{"rendered":"<p>El passat diumenge es va celebrar el Cros Escolar de l&#8217;Arbo\u00e7. Va ser una jornada on el temps aquesta vegada s\u00ed va acompanyar i ens permet\u00e9 gaudir de bones curses, de l&#8217;esfor\u00e7 dels participants i de la bona organitzaci\u00f3 de l&#8217;event per part de l&#8217;AMPA de l&#8217;escola. Aqu\u00ed us deixem uns enlla\u00e7os amb les fotografies: [&hellip;]<\/p>\n","protected":false},"author":1,"featured_media":0,"comment_status":"open","ping_status":"open","sticky":false,"template":"","format":"standard","meta":{"_bbp_topic_count":0,"_bbp_reply_count":0,"_bbp_total_topic_count":0,"_bbp_total_reply_count":0,"_bbp_voice_count":0,"_bbp_anonymous_reply_count":0,"_bbp_topic_count_hidden":0,"_bbp_reply_count_hidden":0,"_bbp_forum_subforum_count":0,"site-sidebar-layout":"default","site-content-layout":"","ast-site-content-layout":"","site-content-style":"default","site-sidebar-style":"default","ast-global-header-display":"","ast-banner-title-visibility":"","ast-main-header-display":"","ast-hfb-above-header-display":"","ast-hfb-below-header-display":"","ast-hfb-mobile-header-display":"","site-post-title":"","ast-breadcrumbs-content":"","ast-featured-img":"","footer-sml-layout":"","theme-transparent-header-meta":"","adv-header-id-meta":"","stick-header-meta":"","header-above-stick-meta":"","header-main-stick-meta":"","header-below-stick-meta":"","astra-migrate-meta-layouts":"default","ast-page-background-enabled":"default","ast-page-background-meta":{"desktop":{"background-color":"var(--ast-global-color-4)","background-image":"","background-repeat":"repeat","background-position":"center center","background-size":"auto","background-attachment":"scroll","background-type":"","background-media":"","overlay-type":"","overlay-color":"","overlay-opacity":"","overlay-gradient":""},"tablet":{"background-color":"","background-image":"","background-repeat":"repeat","background-position":"center center","background-size":"auto","background-attachment":"scroll","background-type":"","background-media":"","overlay-type":"","overlay-color":"","overlay-opacity":"","overlay-gradient":""},"mobile":{"background-color":"","background-image":"","background-repeat":"repeat","background-position":"center center","background-size":"auto","background-attachment":"scroll","background-type":"","background-media":"","overlay-type":"","overlay-color":"","overlay-opacity":"","overlay-gradient":""}},"ast-content-background-meta":{"desktop":{"background-color":"var(--ast-global-color-5)","background-image":"","background-repeat":"repeat","background-position":"center center","background-size":"auto","background-attachment":"scroll","background-type":"","background-media":"","overlay-type":"","overlay-color":"","overlay-opacity":"","overlay-gradient":""},"tablet":{"background-color":"var(--ast-global-color-5)","background-image":"","background-repeat":"repeat","background-position":"center center","background-size":"auto","background-attachment":"scroll","background-type":"","background-media":"","overlay-type":"","overlay-color":"","overlay-opacity":"","overlay-gradient":""},"mobile":{"background-color":"var(--ast-global-color-5)","background-image":"","background-repeat":"repeat","background-position":"center center","background-size":"auto","background-attachment":"scroll","background-type":"","background-media":"","overlay-type":"","overlay-color":"","overlay-opacity":"","overlay-gradient":""}},"footnotes":""},"categories":[7,27,1,2,3,8,9,15,14,13,12,11,10],"tags":[49,77,96],"class_list":["post-934","post","type-post","status-publish","format-standard","hentry","category-ampa","category-extraescolars","category-general","category-infantil","category-p3","category-p4","category-p5","category-6e","category-5e","category-4t","category-3r","category-2n","category-1r","tag-ampa","tag-cros","tag-extraescolar"],"post_mailing_queue_ids":[],"_links":{"self":[{"href":"https:\/\/agora.xtec.cat\/escolasantjulia\/wp-json\/wp\/v2\/posts\/934","targetHints":{"allow":["GET"]}}],"collection":[{"href":"https:\/\/agora.xtec.cat\/escolasantjulia\/wp-json\/wp\/v2\/posts"}],"about":[{"href":"https:\/\/agora.xtec.cat\/escolasantjulia\/wp-json\/wp\/v2\/types\/post"}],"author":[{"embeddable":true,"href":"https:\/\/agora.xtec.cat\/escolasantjulia\/wp-json\/wp\/v2\/users\/1"}],"replies":[{"embeddable":true,"href":"https:\/\/agora.xtec.cat\/escolasantjulia\/wp-json\/wp\/v2\/comments?post=934"}],"version-history":[{"count":1,"href":"https:\/\/agora.xtec.cat\/escolasantjulia\/wp-json\/wp\/v2\/posts\/934\/revisions"}],"predecessor-version":[{"id":1977,"href":"https:\/\/agora.xtec.cat\/escolasantjulia\/wp-json\/wp\/v2\/posts\/934\/revisions\/1977"}],"wp:attachment":[{"href":"https:\/\/agora.xtec.cat\/escolasantjulia\/wp-json\/wp\/v2\/media?parent=934"}],"wp:term":[{"taxonomy":"category","embeddable":true,"href":"https:\/\/agora.xtec.cat\/escolasantjulia\/wp-json\/wp\/v2\/categories?post=934"},{"taxonomy":"post_tag","embeddable":true,"href":"https:\/\/agora.xtec.cat\/escolasantjulia\/wp-json\/wp\/v2\/tags?post=934"}],"curies":[{"name":"wp","href":"https:\/\/api.w.org\/{rel}","templated":true}]}}