{"id":920,"date":"2014-02-03T22:15:22","date_gmt":"2014-02-03T21:15:22","guid":{"rendered":"http:\/\/blocs.xtec.cat\/ceipstjulia\/?p=920"},"modified":"2015-11-16T23:28:24","modified_gmt":"2015-11-16T22:28:24","slug":"celebrem-el-dia-de-la-pau","status":"publish","type":"post","link":"https:\/\/agora.xtec.cat\/escolasantjulia\/general\/celebrem-el-dia-de-la-pau\/","title":{"rendered":"Celebrem el Dia de la Pau"},"content":{"rendered":"<p>El dia 30 de gener va ser el Dia Internacional de la Pau i la no-viol\u00e8ncia. Com hem fet en els darrers anys, v\u00e0rem organitzar una activitat conjunta per celebrar-ho, un s\u00edmbol de la pau gegant, on tingu\u00e9ssin cabuda tots els nens i les nenes de l&#8217;Escola.<\/p>\n<p>Aqu\u00ed us deixem un v\u00eddeo amb tot el proc\u00e9s&#8230;<\/p>\n<p>http:\/\/youtu.be\/l0W6o4JdC1k<\/p>\n<p>Despr\u00e9s hem llegit les paraules que hem treballat sobre la pau, els valors cooperatius, la conviv\u00e8ncia,&#8230; De cada lletra n&#8217;hem trobat moltes, de paraules!<\/p>\n<p><a href=\"http:\/\/s879.photobucket.com\/user\/EscolaSantJulia\/media\/Dia%20de%20la%20Pau%202014\/dsc_0140_zps8eea39c8.jpeg.html\" target=\"_blank\"><img loading=\"lazy\" decoding=\"async\" style=\"border: 0px;\" alt=\" photo dsc_0140_zps8eea39c8.jpeg\" src=\"http:\/\/i879.photobucket.com\/albums\/ab352\/EscolaSantJulia\/Dia%20de%20la%20Pau%202014\/dsc_0140_zps8eea39c8.jpeg\" width=\"259\" height=\"173\" border=\"0\" \/><\/a><a href=\"http:\/\/s879.photobucket.com\/user\/EscolaSantJulia\/media\/Dia%20de%20la%20Pau%202014\/dsc_0141_zps259980ce.jpeg.html\" target=\"_blank\"><img loading=\"lazy\" decoding=\"async\" style=\"border: 0px;\" alt=\" photo dsc_0141_zps259980ce.jpeg\" src=\"http:\/\/i879.photobucket.com\/albums\/ab352\/EscolaSantJulia\/Dia%20de%20la%20Pau%202014\/dsc_0141_zps259980ce.jpeg\" width=\"259\" height=\"173\" border=\"0\" \/><\/a><a href=\"http:\/\/s879.photobucket.com\/user\/EscolaSantJulia\/media\/Dia%20de%20la%20Pau%202014\/dsc_0143_zpsb9cac3d2.jpeg.html\" target=\"_blank\"><img loading=\"lazy\" decoding=\"async\" style=\"border: 0px;\" alt=\" photo dsc_0143_zpsb9cac3d2.jpeg\" src=\"http:\/\/i879.photobucket.com\/albums\/ab352\/EscolaSantJulia\/Dia%20de%20la%20Pau%202014\/dsc_0143_zpsb9cac3d2.jpeg\" width=\"259\" height=\"173\" border=\"0\" \/><\/a><a href=\"http:\/\/s879.photobucket.com\/user\/EscolaSantJulia\/media\/Dia%20de%20la%20Pau%202014\/dsc_0144_zps1f38d974.jpeg.html\" target=\"_blank\"><img loading=\"lazy\" decoding=\"async\" style=\"border: 0px;\" alt=\" photo dsc_0144_zps1f38d974.jpeg\" src=\"http:\/\/i879.photobucket.com\/albums\/ab352\/EscolaSantJulia\/Dia%20de%20la%20Pau%202014\/dsc_0144_zps1f38d974.jpeg\" width=\"259\" height=\"173\" border=\"0\" \/><\/a><a href=\"http:\/\/s879.photobucket.com\/user\/EscolaSantJulia\/media\/Dia%20de%20la%20Pau%202014\/dsc_0145_zpsd4674a38.jpeg.html\" target=\"_blank\"><img loading=\"lazy\" decoding=\"async\" style=\"border: 0px;\" alt=\" photo dsc_0145_zpsd4674a38.jpeg\" src=\"http:\/\/i879.photobucket.com\/albums\/ab352\/EscolaSantJulia\/Dia%20de%20la%20Pau%202014\/dsc_0145_zpsd4674a38.jpeg\" width=\"259\" height=\"173\" border=\"0\" \/><\/a><\/p>\n<p>Per acabar, el David Abril i la classe de 3r ens han cantat una can\u00e7\u00f3 sobre la pau feta per ells mateixos. Felicitats!<\/p>\n<p><a href=\"http:\/\/s879.photobucket.com\/user\/EscolaSantJulia\/media\/Dia%20de%20la%20Pau%202014\/dsc_0150_zps22952b6c.jpeg.html\" target=\"_blank\"><img loading=\"lazy\" decoding=\"async\" style=\"border: 0px;\" alt=\" photo dsc_0150_zps22952b6c.jpeg\" src=\"http:\/\/i879.photobucket.com\/albums\/ab352\/EscolaSantJulia\/Dia%20de%20la%20Pau%202014\/dsc_0150_zps22952b6c.jpeg\" width=\"259\" height=\"173\" border=\"0\" \/><\/a><a href=\"http:\/\/s879.photobucket.com\/user\/EscolaSantJulia\/media\/Dia%20de%20la%20Pau%202014\/dsc_0151_zpsa654757c.jpeg.html\" target=\"_blank\"><img loading=\"lazy\" decoding=\"async\" style=\"border: 0px;\" alt=\" photo dsc_0151_zpsa654757c.jpeg\" src=\"http:\/\/i879.photobucket.com\/albums\/ab352\/EscolaSantJulia\/Dia%20de%20la%20Pau%202014\/dsc_0151_zpsa654757c.jpeg\" width=\"259\" height=\"173\" border=\"0\" \/><\/a><a href=\"http:\/\/s879.photobucket.com\/user\/EscolaSantJulia\/media\/Dia%20de%20la%20Pau%202014\/dsc_0152_zps6d048579.jpeg.html\" target=\"_blank\"><img loading=\"lazy\" decoding=\"async\" style=\"border: 0px;\" alt=\" photo dsc_0152_zps6d048579.jpeg\" src=\"http:\/\/i879.photobucket.com\/albums\/ab352\/EscolaSantJulia\/Dia%20de%20la%20Pau%202014\/dsc_0152_zps6d048579.jpeg\" width=\"259\" height=\"173\" border=\"0\" \/><\/a><a href=\"http:\/\/s879.photobucket.com\/user\/EscolaSantJulia\/media\/Dia%20de%20la%20Pau%202014\/dsc_0153_zpsf1722448.jpeg.html\" target=\"_blank\"><img loading=\"lazy\" decoding=\"async\" style=\"border: 0px;\" alt=\" photo dsc_0153_zpsf1722448.jpeg\" src=\"http:\/\/i879.photobucket.com\/albums\/ab352\/EscolaSantJulia\/Dia%20de%20la%20Pau%202014\/dsc_0153_zpsf1722448.jpeg\" width=\"259\" height=\"173\" border=\"0\" \/><\/a><a href=\"http:\/\/s879.photobucket.com\/user\/EscolaSantJulia\/media\/Dia%20de%20la%20Pau%202014\/dsc_0154_zps379ff017.jpeg.html\" target=\"_blank\"><img loading=\"lazy\" decoding=\"async\" style=\"border: 0px;\" alt=\" photo dsc_0154_zps379ff017.jpeg\" src=\"http:\/\/i879.photobucket.com\/albums\/ab352\/EscolaSantJulia\/Dia%20de%20la%20Pau%202014\/dsc_0154_zps379ff017.jpeg\" width=\"259\" height=\"173\" border=\"0\" \/><\/a><a href=\"http:\/\/s879.photobucket.com\/user\/EscolaSantJulia\/media\/Dia%20de%20la%20Pau%202014\/dsc_0155_zps18f90674.jpeg.html\" target=\"_blank\"><img loading=\"lazy\" decoding=\"async\" style=\"border: 0px;\" alt=\" photo dsc_0155_zps18f90674.jpeg\" src=\"http:\/\/i879.photobucket.com\/albums\/ab352\/EscolaSantJulia\/Dia%20de%20la%20Pau%202014\/dsc_0155_zps18f90674.jpeg\" width=\"259\" height=\"173\" border=\"0\" \/><\/a><\/p>\n","protected":false},"excerpt":{"rendered":"<p>El dia 30 de gener va ser el Dia Internacional de la Pau i la no-viol\u00e8ncia. Com hem fet en els darrers anys, v\u00e0rem organitzar una activitat conjunta per celebrar-ho, un s\u00edmbol de la pau gegant, on tingu\u00e9ssin cabuda tots els nens i les nenes de l&#8217;Escola. Aqu\u00ed us deixem un v\u00eddeo amb tot el [&hellip;]<\/p>\n","protected":false},"author":1,"featured_media":0,"comment_status":"open","ping_status":"open","sticky":false,"template":"","format":"standard","meta":{"_bbp_topic_count":0,"_bbp_reply_count":0,"_bbp_total_topic_count":0,"_bbp_total_reply_count":0,"_bbp_voice_count":0,"_bbp_anonymous_reply_count":0,"_bbp_topic_count_hidden":0,"_bbp_reply_count_hidden":0,"_bbp_forum_subforum_count":0,"site-sidebar-layout":"default","site-content-layout":"","ast-site-content-layout":"","site-content-style":"default","site-sidebar-style":"default","ast-global-header-display":"","ast-banner-title-visibility":"","ast-main-header-display":"","ast-hfb-above-header-display":"","ast-hfb-below-header-display":"","ast-hfb-mobile-header-display":"","site-post-title":"","ast-breadcrumbs-content":"","ast-featured-img":"","footer-sml-layout":"","theme-transparent-header-meta":"","adv-header-id-meta":"","stick-header-meta":"","header-above-stick-meta":"","header-main-stick-meta":"","header-below-stick-meta":"","astra-migrate-meta-layouts":"default","ast-page-background-enabled":"default","ast-page-background-meta":{"desktop":{"background-color":"var(--ast-global-color-4)","background-image":"","background-repeat":"repeat","background-position":"center center","background-size":"auto","background-attachment":"scroll","background-type":"","background-media":"","overlay-type":"","overlay-color":"","overlay-opacity":"","overlay-gradient":""},"tablet":{"background-color":"","background-image":"","background-repeat":"repeat","background-position":"center center","background-size":"auto","background-attachment":"scroll","background-type":"","background-media":"","overlay-type":"","overlay-color":"","overlay-opacity":"","overlay-gradient":""},"mobile":{"background-color":"","background-image":"","background-repeat":"repeat","background-position":"center center","background-size":"auto","background-attachment":"scroll","background-type":"","background-media":"","overlay-type":"","overlay-color":"","overlay-opacity":"","overlay-gradient":""}},"ast-content-background-meta":{"desktop":{"background-color":"var(--ast-global-color-5)","background-image":"","background-repeat":"repeat","background-position":"center center","background-size":"auto","background-attachment":"scroll","background-type":"","background-media":"","overlay-type":"","overlay-color":"","overlay-opacity":"","overlay-gradient":""},"tablet":{"background-color":"var(--ast-global-color-5)","background-image":"","background-repeat":"repeat","background-position":"center center","background-size":"auto","background-attachment":"scroll","background-type":"","background-media":"","overlay-type":"","overlay-color":"","overlay-opacity":"","overlay-gradient":""},"mobile":{"background-color":"var(--ast-global-color-5)","background-image":"","background-repeat":"repeat","background-position":"center center","background-size":"auto","background-attachment":"scroll","background-type":"","background-media":"","overlay-type":"","overlay-color":"","overlay-opacity":"","overlay-gradient":""}},"footnotes":""},"categories":[21,28,1,2,3,8,9,15,14,13,12,11,10],"tags":[99,141,181],"class_list":["post-920","post","type-post","status-publish","format-standard","hentry","category-activitats-escola","category-festes","category-general","category-infantil","category-p3","category-p4","category-p5","category-6e","category-5e","category-4t","category-3r","category-2n","category-1r","tag-festa","tag-pau","tag-valors"],"post_mailing_queue_ids":[],"_links":{"self":[{"href":"https:\/\/agora.xtec.cat\/escolasantjulia\/wp-json\/wp\/v2\/posts\/920","targetHints":{"allow":["GET"]}}],"collection":[{"href":"https:\/\/agora.xtec.cat\/escolasantjulia\/wp-json\/wp\/v2\/posts"}],"about":[{"href":"https:\/\/agora.xtec.cat\/escolasantjulia\/wp-json\/wp\/v2\/types\/post"}],"author":[{"embeddable":true,"href":"https:\/\/agora.xtec.cat\/escolasantjulia\/wp-json\/wp\/v2\/users\/1"}],"replies":[{"embeddable":true,"href":"https:\/\/agora.xtec.cat\/escolasantjulia\/wp-json\/wp\/v2\/comments?post=920"}],"version-history":[{"count":1,"href":"https:\/\/agora.xtec.cat\/escolasantjulia\/wp-json\/wp\/v2\/posts\/920\/revisions"}],"predecessor-version":[{"id":1978,"href":"https:\/\/agora.xtec.cat\/escolasantjulia\/wp-json\/wp\/v2\/posts\/920\/revisions\/1978"}],"wp:attachment":[{"href":"https:\/\/agora.xtec.cat\/escolasantjulia\/wp-json\/wp\/v2\/media?parent=920"}],"wp:term":[{"taxonomy":"category","embeddable":true,"href":"https:\/\/agora.xtec.cat\/escolasantjulia\/wp-json\/wp\/v2\/categories?post=920"},{"taxonomy":"post_tag","embeddable":true,"href":"https:\/\/agora.xtec.cat\/escolasantjulia\/wp-json\/wp\/v2\/tags?post=920"}],"curies":[{"name":"wp","href":"https:\/\/api.w.org\/{rel}","templated":true}]}}