{"id":909,"date":"2014-01-23T00:19:56","date_gmt":"2014-01-22T23:19:56","guid":{"rendered":"http:\/\/blocs.xtec.cat\/ceipstjulia\/?p=909"},"modified":"2015-11-16T23:28:24","modified_gmt":"2015-11-16T22:28:24","slug":"xerrada-del-racc-a-6e-de-primaria","status":"publish","type":"post","link":"https:\/\/agora.xtec.cat\/escolasantjulia\/general\/xerrada-del-racc-a-6e-de-primaria\/","title":{"rendered":"Xerrada del RACC a 6\u00e8 de Prim\u00e0ria"},"content":{"rendered":"<p style=\"text-align: justify;\">El dia 14 de gener els nens i nenes de 6\u00e8 vam rebre la visita d\u2019un professor d\u2019autoescola que ens va fer una xerrada sobre un programa educatiu en l\u00ednia que es deia \u201cPer una mobilitat sostenible i segura\u201d.<\/p>\n<p style=\"text-align: justify;\">A la xerrada es va parlar de seguretat i inseguretat i de civisme i incivisme, i van posar exemples i comportaments que fem habitualment i que no s\u00f3n del tot correctes.<\/p>\n<p style=\"text-align: justify;\">Despr\u00e9s vam jugar a un joc en l\u00ednia per posar en pr\u00e0ctica tot lo que hav\u00edem parlat. Aquest joc el posarem al bloc en el moment que el tinguem.<\/p>\n<p style=\"text-align: justify;\">La veritat es que va ser un xerrada prou interessant a on els nens i nenes van estar prou engrescats i a on van sortir molts dubtes, que se li van aclarir.<\/p>\n<p><a href=\"http:\/\/s879.photobucket.com\/user\/EscolaSantJulia\/media\/Xerrada%20RACC%206e\/CIMG3298_zps488c3fd8.jpg.html\" target=\"_blank\"><img loading=\"lazy\" decoding=\"async\" style=\"border: 0px;\" alt=\" photo CIMG3298_zps488c3fd8.jpg\" src=\"http:\/\/i879.photobucket.com\/albums\/ab352\/EscolaSantJulia\/Xerrada%20RACC%206e\/CIMG3298_zps488c3fd8.jpg\" width=\"258\" height=\"194\" border=\"0\" \/><\/a><a href=\"http:\/\/s879.photobucket.com\/user\/EscolaSantJulia\/media\/Xerrada%20RACC%206e\/CIMG3299_zps26d10e05.jpg.html\" target=\"_blank\"><img loading=\"lazy\" decoding=\"async\" style=\"border: 0px;\" alt=\" photo CIMG3299_zps26d10e05.jpg\" src=\"http:\/\/i879.photobucket.com\/albums\/ab352\/EscolaSantJulia\/Xerrada%20RACC%206e\/CIMG3299_zps26d10e05.jpg\" width=\"258\" height=\"194\" border=\"0\" \/><\/a><a href=\"http:\/\/s879.photobucket.com\/user\/EscolaSantJulia\/media\/Xerrada%20RACC%206e\/CIMG3302_zps029e900b.jpg.html\" target=\"_blank\"><img loading=\"lazy\" decoding=\"async\" style=\"border: 0px;\" alt=\" photo CIMG3302_zps029e900b.jpg\" src=\"http:\/\/i879.photobucket.com\/albums\/ab352\/EscolaSantJulia\/Xerrada%20RACC%206e\/CIMG3302_zps029e900b.jpg\" width=\"258\" height=\"194\" border=\"0\" \/><\/a><a href=\"http:\/\/s879.photobucket.com\/user\/EscolaSantJulia\/media\/Xerrada%20RACC%206e\/CIMG3304_zpsbd774258.jpg.html\" target=\"_blank\"><img loading=\"lazy\" decoding=\"async\" style=\"border: 0px;\" alt=\" photo CIMG3304_zpsbd774258.jpg\" src=\"http:\/\/i879.photobucket.com\/albums\/ab352\/EscolaSantJulia\/Xerrada%20RACC%206e\/CIMG3304_zpsbd774258.jpg\" width=\"258\" height=\"194\" border=\"0\" \/><\/a><a href=\"http:\/\/s879.photobucket.com\/user\/EscolaSantJulia\/media\/Xerrada%20RACC%206e\/CIMG3307_zps9d2e1bf2.jpg.html\" target=\"_blank\"><img loading=\"lazy\" decoding=\"async\" style=\"border: 0px;\" alt=\" photo CIMG3307_zps9d2e1bf2.jpg\" src=\"http:\/\/i879.photobucket.com\/albums\/ab352\/EscolaSantJulia\/Xerrada%20RACC%206e\/CIMG3307_zps9d2e1bf2.jpg\" width=\"258\" height=\"194\" border=\"0\" \/><\/a><a href=\"http:\/\/s879.photobucket.com\/user\/EscolaSantJulia\/media\/Xerrada%20RACC%206e\/CIMG3310_zps1ff473a4.jpg.html\" target=\"_blank\"><img loading=\"lazy\" decoding=\"async\" style=\"border: 0px;\" alt=\" photo CIMG3310_zps1ff473a4.jpg\" src=\"http:\/\/i879.photobucket.com\/albums\/ab352\/EscolaSantJulia\/Xerrada%20RACC%206e\/CIMG3310_zps1ff473a4.jpg\" width=\"258\" height=\"194\" border=\"0\" \/><\/a><a href=\"http:\/\/s879.photobucket.com\/user\/EscolaSantJulia\/media\/Xerrada%20RACC%206e\/CIMG3313_zps64e84314.jpg.html\" target=\"_blank\"><img loading=\"lazy\" decoding=\"async\" style=\"border: 0px;\" alt=\" photo CIMG3313_zps64e84314.jpg\" src=\"http:\/\/i879.photobucket.com\/albums\/ab352\/EscolaSantJulia\/Xerrada%20RACC%206e\/CIMG3313_zps64e84314.jpg\" width=\"258\" height=\"194\" border=\"0\" \/><\/a><\/p>\n","protected":false},"excerpt":{"rendered":"<p>El dia 14 de gener els nens i nenes de 6\u00e8 vam rebre la visita d\u2019un professor d\u2019autoescola que ens va fer una xerrada sobre un programa educatiu en l\u00ednia que es deia \u201cPer una mobilitat sostenible i segura\u201d. A la xerrada es va parlar de seguretat i inseguretat i de civisme i incivisme, i [&hellip;]<\/p>\n","protected":false},"author":1,"featured_media":0,"comment_status":"open","ping_status":"open","sticky":false,"template":"","format":"standard","meta":{"_bbp_topic_count":0,"_bbp_reply_count":0,"_bbp_total_topic_count":0,"_bbp_total_reply_count":0,"_bbp_voice_count":0,"_bbp_anonymous_reply_count":0,"_bbp_topic_count_hidden":0,"_bbp_reply_count_hidden":0,"_bbp_forum_subforum_count":0,"site-sidebar-layout":"default","site-content-layout":"","ast-site-content-layout":"","site-content-style":"default","site-sidebar-style":"default","ast-global-header-display":"","ast-banner-title-visibility":"","ast-main-header-display":"","ast-hfb-above-header-display":"","ast-hfb-below-header-display":"","ast-hfb-mobile-header-display":"","site-post-title":"","ast-breadcrumbs-content":"","ast-featured-img":"","footer-sml-layout":"","theme-transparent-header-meta":"","adv-header-id-meta":"","stick-header-meta":"","header-above-stick-meta":"","header-main-stick-meta":"","header-below-stick-meta":"","astra-migrate-meta-layouts":"default","ast-page-background-enabled":"default","ast-page-background-meta":{"desktop":{"background-color":"var(--ast-global-color-4)","background-image":"","background-repeat":"repeat","background-position":"center center","background-size":"auto","background-attachment":"scroll","background-type":"","background-media":"","overlay-type":"","overlay-color":"","overlay-opacity":"","overlay-gradient":""},"tablet":{"background-color":"","background-image":"","background-repeat":"repeat","background-position":"center center","background-size":"auto","background-attachment":"scroll","background-type":"","background-media":"","overlay-type":"","overlay-color":"","overlay-opacity":"","overlay-gradient":""},"mobile":{"background-color":"","background-image":"","background-repeat":"repeat","background-position":"center center","background-size":"auto","background-attachment":"scroll","background-type":"","background-media":"","overlay-type":"","overlay-color":"","overlay-opacity":"","overlay-gradient":""}},"ast-content-background-meta":{"desktop":{"background-color":"var(--ast-global-color-5)","background-image":"","background-repeat":"repeat","background-position":"center center","background-size":"auto","background-attachment":"scroll","background-type":"","background-media":"","overlay-type":"","overlay-color":"","overlay-opacity":"","overlay-gradient":""},"tablet":{"background-color":"var(--ast-global-color-5)","background-image":"","background-repeat":"repeat","background-position":"center center","background-size":"auto","background-attachment":"scroll","background-type":"","background-media":"","overlay-type":"","overlay-color":"","overlay-opacity":"","overlay-gradient":""},"mobile":{"background-color":"var(--ast-global-color-5)","background-image":"","background-repeat":"repeat","background-position":"center center","background-size":"auto","background-attachment":"scroll","background-type":"","background-media":"","overlay-type":"","overlay-color":"","overlay-opacity":"","overlay-gradient":""}},"footnotes":""},"categories":[35,21,1,15],"tags":[46,66,167,185],"class_list":["post-909","post","type-post","status-publish","format-standard","hentry","category-activitats-a-laula","category-activitats-escola","category-general","category-6e","tag-activitats-aula","tag-civisme","tag-seguretat","tag-xerrada"],"post_mailing_queue_ids":[],"_links":{"self":[{"href":"https:\/\/agora.xtec.cat\/escolasantjulia\/wp-json\/wp\/v2\/posts\/909","targetHints":{"allow":["GET"]}}],"collection":[{"href":"https:\/\/agora.xtec.cat\/escolasantjulia\/wp-json\/wp\/v2\/posts"}],"about":[{"href":"https:\/\/agora.xtec.cat\/escolasantjulia\/wp-json\/wp\/v2\/types\/post"}],"author":[{"embeddable":true,"href":"https:\/\/agora.xtec.cat\/escolasantjulia\/wp-json\/wp\/v2\/users\/1"}],"replies":[{"embeddable":true,"href":"https:\/\/agora.xtec.cat\/escolasantjulia\/wp-json\/wp\/v2\/comments?post=909"}],"version-history":[{"count":1,"href":"https:\/\/agora.xtec.cat\/escolasantjulia\/wp-json\/wp\/v2\/posts\/909\/revisions"}],"predecessor-version":[{"id":1925,"href":"https:\/\/agora.xtec.cat\/escolasantjulia\/wp-json\/wp\/v2\/posts\/909\/revisions\/1925"}],"wp:attachment":[{"href":"https:\/\/agora.xtec.cat\/escolasantjulia\/wp-json\/wp\/v2\/media?parent=909"}],"wp:term":[{"taxonomy":"category","embeddable":true,"href":"https:\/\/agora.xtec.cat\/escolasantjulia\/wp-json\/wp\/v2\/categories?post=909"},{"taxonomy":"post_tag","embeddable":true,"href":"https:\/\/agora.xtec.cat\/escolasantjulia\/wp-json\/wp\/v2\/tags?post=909"}],"curies":[{"name":"wp","href":"https:\/\/api.w.org\/{rel}","templated":true}]}}