{"id":899,"date":"2013-12-26T21:21:37","date_gmt":"2013-12-26T20:21:37","guid":{"rendered":"http:\/\/blocs.xtec.cat\/ceipstjulia\/?p=899"},"modified":"2015-11-16T23:28:24","modified_gmt":"2015-11-16T22:28:24","slug":"lescola-sant-julia-a-la-xarxa-mundial-code-club","status":"publish","type":"post","link":"https:\/\/agora.xtec.cat\/escolasantjulia\/general\/lescola-sant-julia-a-la-xarxa-mundial-code-club\/","title":{"rendered":"L&#8217;Escola Sant Juli\u00e0 a la xarxa mundial Code Club"},"content":{"rendered":"<p><img loading=\"lazy\" decoding=\"async\" class=\"alignleft\" alt=\"\" src=\"http:\/\/3.bp.blogspot.com\/-mMaYgpkY9YM\/UrK17kRl9RI\/AAAAAAAAAhg\/4sbbyPiksXc\/s200\/codeclubcatlogo.png\" width=\"97\" height=\"61\" \/><\/p>\n<div>\n<div style=\"text-align: justify;\"><strong><span style=\"color: #008000;\">L&#8217;AMPA comunica que l&#8217;escola participar\u00e0 en un projecte per aprendre a programar! Us facilitem el post:\u00a0<\/span><\/strong><\/div>\n<div style=\"text-align: justify;\"><\/div>\n<div style=\"text-align: justify;\">\n<div>\n<div><\/div>\n<div><\/div>\n<div>La nostra escola, junt amb l&#8217;escola Vilarrasa, de Besal\u00fa, \u00e9s pionera en la implantaci\u00f3 a Catalunya de la\u00a0<b>xarxa mundial de clubs de programaci\u00f3 portats per voluntaris<\/b>,\u00a0<a href=\"http:\/\/codeclubworld.org\/\" target=\"_blank\">CodeClub<\/a>. Aquesta xarxa ja compta amb\u00a0<b>m\u00e9s de 1700<\/b>\u00a0<b>clubs de programaci\u00f3<\/b>\u00a0<b>a escoles de tot el m<\/b><b>\u00f3<\/b><b>n<\/b>. La not\u00edcia apareixia aquest diumenge al diari\u00a0<a href=\"http:\/\/www.elpuntavui.cat\/noticia\/article\/2-societat\/16-educacio\/701371-programar-es-de-criatures.html\" target=\"_blank\">El Punt<\/a>.<\/div>\n<div>Pares voluntaris de la nostra escola han participat en la posada en marxa de\u00a0<a href=\"http:\/\/codeclubcat.org\/\" target=\"_blank\">codeclubcat.org<\/a>\u00a0i estan treballant per poder oferir el club de programaci\u00f3 (i alguna cosa m\u00e9s) a alumnes de cicle superior\u00a0<b>a partir del Segon Trimestre<\/b>.<\/div>\n<div><\/div>\n<div><\/div>\n<div><a href=\"http:\/\/www.gophoto.it\/view.php?i=http:\/\/1.bp.blogspot.com\/-w79xnC1ksXU\/UrK_kZ49lRI\/AAAAAAAAAh0\/JxgbBp2xsew\/s1600\/Codeclubbesalu.jpg\"><img loading=\"lazy\" decoding=\"async\" title=\"Foto del Code Club Besalu, diari El Punt.\" alt=\"\" src=\"http:\/\/1.bp.blogspot.com\/-w79xnC1ksXU\/UrK_kZ49lRI\/AAAAAAAAAh0\/JxgbBp2xsew\/s200\/Codeclubbesalu.jpg\" width=\"200\" height=\"150\" border=\"0\" \/><\/a><\/div>\n<div>La missi\u00f3 de\u00a0<a href=\"http:\/\/codeclubcat.org\/\" target=\"_blank\">codeclubcat.org<\/a>\u00a0\u00e9s poder oferir a cada infant de Catalunya la possibilitat d&#8217;aprendre a programar ordinadors. Disposem d&#8217;una s\u00e8rie de\u00a0<b>materials did\u00e0ctics<\/b>\u00a0que han estat pensats amb l&#8217;objectiu de que els nens puguin aprendre els fonaments de la programaci\u00f3 a trav\u00e9s de l&#8217;estimulaci\u00f3 de la seva creativitat.<\/div>\n<div><\/div>\n<div>Des de l&#8217;AMPA\u00a0<b>us animem<\/b>\u00a0als pares que us sentiu motivats per aquesta iniciativa\u00a0<b>a participar-hi\u00a0<\/b>(des de fer de voluntaris en alguna sessi\u00f3 fins a dissenyar noves propostes amb nosaltres). Igualment,\u00a0<b>si creieu que f<\/b><b>\u00f3<\/b><b>ra interessant<\/b>\u00a0<b>un taller d&#8217;iniciaci\u00f3 per a pares<\/b>, perqu\u00e8 pogueu jugar a programar a casa amb els vostres fills, feu-vos sentir!!<\/div>\n<p>&nbsp;<\/p>\n<div><\/div>\n<\/div>\n<div><\/div>\n<\/div>\n<\/div>\n<div style=\"text-align: justify;\"><\/div>\n","protected":false},"excerpt":{"rendered":"<p>L&#8217;AMPA comunica que l&#8217;escola participar\u00e0 en un projecte per aprendre a programar! Us facilitem el post:\u00a0 La nostra escola, junt amb l&#8217;escola Vilarrasa, de Besal\u00fa, \u00e9s pionera en la implantaci\u00f3 a Catalunya de la\u00a0xarxa mundial de clubs de programaci\u00f3 portats per voluntaris,\u00a0CodeClub. Aquesta xarxa ja compta amb\u00a0m\u00e9s de 1700\u00a0clubs de programaci\u00f3\u00a0a escoles de tot el [&hellip;]<\/p>\n","protected":false},"author":1,"featured_media":0,"comment_status":"open","ping_status":"open","sticky":false,"template":"","format":"standard","meta":{"_bbp_topic_count":0,"_bbp_reply_count":0,"_bbp_total_topic_count":0,"_bbp_total_reply_count":0,"_bbp_voice_count":0,"_bbp_anonymous_reply_count":0,"_bbp_topic_count_hidden":0,"_bbp_reply_count_hidden":0,"_bbp_forum_subforum_count":0,"site-sidebar-layout":"default","site-content-layout":"","ast-site-content-layout":"","site-content-style":"default","site-sidebar-style":"default","ast-global-header-display":"","ast-banner-title-visibility":"","ast-main-header-display":"","ast-hfb-above-header-display":"","ast-hfb-below-header-display":"","ast-hfb-mobile-header-display":"","site-post-title":"","ast-breadcrumbs-content":"","ast-featured-img":"","footer-sml-layout":"","theme-transparent-header-meta":"","adv-header-id-meta":"","stick-header-meta":"","header-above-stick-meta":"","header-main-stick-meta":"","header-below-stick-meta":"","astra-migrate-meta-layouts":"default","ast-page-background-enabled":"default","ast-page-background-meta":{"desktop":{"background-color":"var(--ast-global-color-4)","background-image":"","background-repeat":"repeat","background-position":"center center","background-size":"auto","background-attachment":"scroll","background-type":"","background-media":"","overlay-type":"","overlay-color":"","overlay-opacity":"","overlay-gradient":""},"tablet":{"background-color":"","background-image":"","background-repeat":"repeat","background-position":"center center","background-size":"auto","background-attachment":"scroll","background-type":"","background-media":"","overlay-type":"","overlay-color":"","overlay-opacity":"","overlay-gradient":""},"mobile":{"background-color":"","background-image":"","background-repeat":"repeat","background-position":"center center","background-size":"auto","background-attachment":"scroll","background-type":"","background-media":"","overlay-type":"","overlay-color":"","overlay-opacity":"","overlay-gradient":""}},"ast-content-background-meta":{"desktop":{"background-color":"var(--ast-global-color-5)","background-image":"","background-repeat":"repeat","background-position":"center center","background-size":"auto","background-attachment":"scroll","background-type":"","background-media":"","overlay-type":"","overlay-color":"","overlay-opacity":"","overlay-gradient":""},"tablet":{"background-color":"var(--ast-global-color-5)","background-image":"","background-repeat":"repeat","background-position":"center center","background-size":"auto","background-attachment":"scroll","background-type":"","background-media":"","overlay-type":"","overlay-color":"","overlay-opacity":"","overlay-gradient":""},"mobile":{"background-color":"var(--ast-global-color-5)","background-image":"","background-repeat":"repeat","background-position":"center center","background-size":"auto","background-attachment":"scroll","background-type":"","background-media":"","overlay-type":"","overlay-color":"","overlay-opacity":"","overlay-gradient":""}},"footnotes":""},"categories":[35,7,25,1,15,14],"tags":[46,49,108,153],"class_list":["post-899","post","type-post","status-publish","format-standard","hentry","category-activitats-a-laula","category-ampa","category-el-mon-de-leducacio","category-general","category-6e","category-5e","tag-activitats-aula","tag-ampa","tag-informatica","tag-programacio"],"post_mailing_queue_ids":[],"_links":{"self":[{"href":"https:\/\/agora.xtec.cat\/escolasantjulia\/wp-json\/wp\/v2\/posts\/899","targetHints":{"allow":["GET"]}}],"collection":[{"href":"https:\/\/agora.xtec.cat\/escolasantjulia\/wp-json\/wp\/v2\/posts"}],"about":[{"href":"https:\/\/agora.xtec.cat\/escolasantjulia\/wp-json\/wp\/v2\/types\/post"}],"author":[{"embeddable":true,"href":"https:\/\/agora.xtec.cat\/escolasantjulia\/wp-json\/wp\/v2\/users\/1"}],"replies":[{"embeddable":true,"href":"https:\/\/agora.xtec.cat\/escolasantjulia\/wp-json\/wp\/v2\/comments?post=899"}],"version-history":[{"count":1,"href":"https:\/\/agora.xtec.cat\/escolasantjulia\/wp-json\/wp\/v2\/posts\/899\/revisions"}],"predecessor-version":[{"id":1800,"href":"https:\/\/agora.xtec.cat\/escolasantjulia\/wp-json\/wp\/v2\/posts\/899\/revisions\/1800"}],"wp:attachment":[{"href":"https:\/\/agora.xtec.cat\/escolasantjulia\/wp-json\/wp\/v2\/media?parent=899"}],"wp:term":[{"taxonomy":"category","embeddable":true,"href":"https:\/\/agora.xtec.cat\/escolasantjulia\/wp-json\/wp\/v2\/categories?post=899"},{"taxonomy":"post_tag","embeddable":true,"href":"https:\/\/agora.xtec.cat\/escolasantjulia\/wp-json\/wp\/v2\/tags?post=899"}],"curies":[{"name":"wp","href":"https:\/\/api.w.org\/{rel}","templated":true}]}}