{"id":864,"date":"2013-12-03T14:04:39","date_gmt":"2013-12-03T13:04:39","guid":{"rendered":"http:\/\/blocs.xtec.cat\/ceipstjulia\/?p=864"},"modified":"2015-11-16T23:30:23","modified_gmt":"2015-11-16T22:30:23","slug":"jornada-de-portes-obertes-a-la-piscina","status":"publish","type":"post","link":"https:\/\/agora.xtec.cat\/escolasantjulia\/general\/jornada-de-portes-obertes-a-la-piscina\/","title":{"rendered":"Jornada de portes obertes a la piscina"},"content":{"rendered":"<p><a href=\"http:\/\/s879.photobucket.com\/user\/EscolaSantJulia\/media\/piscinaarbos_zpseee977e3.jpg.html\" target=\"_blank\"><img loading=\"lazy\" decoding=\"async\" style=\"border: 0pt none;\" alt=\" photo piscinaarbos_zpseee977e3.jpg\" src=\"http:\/\/i879.photobucket.com\/albums\/ab352\/EscolaSantJulia\/piscinaarbos_zpseee977e3.jpg\" width=\"155\" height=\"116\" border=\"0\" \/><\/a><\/p>\n<p style=\"text-align: justify;\">Us recordem que la setmana del 9 al 13 de desembre es faran <strong><span style=\"color: #ff6600;\">portes obertes<\/span><\/strong> als cursos de nataci\u00f3 a la Piscina Municipal de L&#8217;Arbo\u00e7. Les grades romandran obertes per poder veure als nens i a les nenes, i es podran portar c\u00e0meres i videos per fotografiar-los i\/o filmar-los.<\/p>\n<p>Les dates s\u00f3n les seg\u00fcents:<\/p>\n<p><strong><span style=\"color: #ff6600;\">4tB<\/span> \u00a0 \u00a0 <span style=\"color: #008000;\">Dijous 12 a les 10h.<\/span><\/strong><br \/>\n<strong> <span style=\"color: #ff6600;\">5\u00e8A<\/span> \u00a0 \u00a0 <span style=\"color: #008000;\">Dilluns 9 a les 10h.<\/span><\/strong><br \/>\n<strong> <span style=\"color: #ff6600;\">5\u00e8B<\/span> \u00a0 \u00a0<span style=\"color: #008000;\">Dimarts 10 a les 10h.<\/span><\/strong><br \/>\n<strong> <span style=\"color: #ff6600;\">5\u00e8C<\/span> \u00a0 \u00a0<span style=\"color: #008000;\">Divendres 13 a les 10h.<\/span><\/strong><br \/>\n<strong> <span style=\"color: #ff6600;\">6\u00e8A<\/span> \u00a0 \u00a0 <span style=\"color: #008000;\">Dilluns 9 a les 15h.<\/span><\/strong><br \/>\n<strong> <span style=\"color: #ff6600;\">6\u00e8B \u00a0 \u00a0<\/span><span style=\"color: #008000;\">Dijous 12 a les 15h.<\/span><\/strong><\/p>\n","protected":false},"excerpt":{"rendered":"<p>Us recordem que la setmana del 9 al 13 de desembre es faran portes obertes als cursos de nataci\u00f3 a la Piscina Municipal de L&#8217;Arbo\u00e7. Les grades romandran obertes per poder veure als nens i a les nenes, i es podran portar c\u00e0meres i videos per fotografiar-los i\/o filmar-los. Les dates s\u00f3n les seg\u00fcents: 4tB [&hellip;]<\/p>\n","protected":false},"author":1,"featured_media":0,"comment_status":"open","ping_status":"open","sticky":false,"template":"","format":"standard","meta":{"_bbp_topic_count":0,"_bbp_reply_count":0,"_bbp_total_topic_count":0,"_bbp_total_reply_count":0,"_bbp_voice_count":0,"_bbp_anonymous_reply_count":0,"_bbp_topic_count_hidden":0,"_bbp_reply_count_hidden":0,"_bbp_forum_subforum_count":0,"site-sidebar-layout":"default","site-content-layout":"","ast-site-content-layout":"","site-content-style":"default","site-sidebar-style":"default","ast-global-header-display":"","ast-banner-title-visibility":"","ast-main-header-display":"","ast-hfb-above-header-display":"","ast-hfb-below-header-display":"","ast-hfb-mobile-header-display":"","site-post-title":"","ast-breadcrumbs-content":"","ast-featured-img":"","footer-sml-layout":"","theme-transparent-header-meta":"","adv-header-id-meta":"","stick-header-meta":"","header-above-stick-meta":"","header-main-stick-meta":"","header-below-stick-meta":"","astra-migrate-meta-layouts":"default","ast-page-background-enabled":"default","ast-page-background-meta":{"desktop":{"background-color":"var(--ast-global-color-4)","background-image":"","background-repeat":"repeat","background-position":"center center","background-size":"auto","background-attachment":"scroll","background-type":"","background-media":"","overlay-type":"","overlay-color":"","overlay-opacity":"","overlay-gradient":""},"tablet":{"background-color":"","background-image":"","background-repeat":"repeat","background-position":"center center","background-size":"auto","background-attachment":"scroll","background-type":"","background-media":"","overlay-type":"","overlay-color":"","overlay-opacity":"","overlay-gradient":""},"mobile":{"background-color":"","background-image":"","background-repeat":"repeat","background-position":"center center","background-size":"auto","background-attachment":"scroll","background-type":"","background-media":"","overlay-type":"","overlay-color":"","overlay-opacity":"","overlay-gradient":""}},"ast-content-background-meta":{"desktop":{"background-color":"var(--ast-global-color-5)","background-image":"","background-repeat":"repeat","background-position":"center center","background-size":"auto","background-attachment":"scroll","background-type":"","background-media":"","overlay-type":"","overlay-color":"","overlay-opacity":"","overlay-gradient":""},"tablet":{"background-color":"var(--ast-global-color-5)","background-image":"","background-repeat":"repeat","background-position":"center center","background-size":"auto","background-attachment":"scroll","background-type":"","background-media":"","overlay-type":"","overlay-color":"","overlay-opacity":"","overlay-gradient":""},"mobile":{"background-color":"var(--ast-global-color-5)","background-image":"","background-repeat":"repeat","background-position":"center center","background-size":"auto","background-attachment":"scroll","background-type":"","background-media":"","overlay-type":"","overlay-color":"","overlay-opacity":"","overlay-gradient":""}},"footnotes":""},"categories":[1,15,14,13],"tags":[93,144],"class_list":["post-864","post","type-post","status-publish","format-standard","hentry","category-general","category-6e","category-5e","category-4t","tag-esport","tag-piscina"],"post_mailing_queue_ids":[],"_links":{"self":[{"href":"https:\/\/agora.xtec.cat\/escolasantjulia\/wp-json\/wp\/v2\/posts\/864","targetHints":{"allow":["GET"]}}],"collection":[{"href":"https:\/\/agora.xtec.cat\/escolasantjulia\/wp-json\/wp\/v2\/posts"}],"about":[{"href":"https:\/\/agora.xtec.cat\/escolasantjulia\/wp-json\/wp\/v2\/types\/post"}],"author":[{"embeddable":true,"href":"https:\/\/agora.xtec.cat\/escolasantjulia\/wp-json\/wp\/v2\/users\/1"}],"replies":[{"embeddable":true,"href":"https:\/\/agora.xtec.cat\/escolasantjulia\/wp-json\/wp\/v2\/comments?post=864"}],"version-history":[{"count":1,"href":"https:\/\/agora.xtec.cat\/escolasantjulia\/wp-json\/wp\/v2\/posts\/864\/revisions"}],"predecessor-version":[{"id":1785,"href":"https:\/\/agora.xtec.cat\/escolasantjulia\/wp-json\/wp\/v2\/posts\/864\/revisions\/1785"}],"wp:attachment":[{"href":"https:\/\/agora.xtec.cat\/escolasantjulia\/wp-json\/wp\/v2\/media?parent=864"}],"wp:term":[{"taxonomy":"category","embeddable":true,"href":"https:\/\/agora.xtec.cat\/escolasantjulia\/wp-json\/wp\/v2\/categories?post=864"},{"taxonomy":"post_tag","embeddable":true,"href":"https:\/\/agora.xtec.cat\/escolasantjulia\/wp-json\/wp\/v2\/tags?post=864"}],"curies":[{"name":"wp","href":"https:\/\/api.w.org\/{rel}","templated":true}]}}