{"id":851,"date":"2013-11-26T02:00:57","date_gmt":"2013-11-26T00:00:57","guid":{"rendered":"http:\/\/blocs.xtec.cat\/ceipstjulia\/?p=851"},"modified":"2015-11-16T23:30:24","modified_gmt":"2015-11-16T22:30:24","slug":"ii-forum-descoles-verdes","status":"publish","type":"post","link":"https:\/\/agora.xtec.cat\/escolasantjulia\/general\/ii-forum-descoles-verdes\/","title":{"rendered":"II F\u00f2rum d&#8217;Escoles Verdes"},"content":{"rendered":"<p style=\"text-align: justify;\">El dijous 21 de novembre en Roberto, la S\u00edlvia, la Bianca i la Cristina, alumnes de Cicle Superior, i una mestra del centre han participat en representaci\u00f3 de la nostra escola al II F\u00f2rum d\u2019Escoles Verdes que s\u2019ha celebrat a El Vendrell.<br \/>\nHa estat un f\u00f2rum molt interessant i profit\u00f3s ja que hem explicat les experi\u00e8ncies d\u2019Escola Verda que duem a terme al Sant Juli\u00e0 i altres alumnes i mestres han explicat les seves, donant-nos aix\u00ed idees per poder millorar i ampliar el nostre projecte d\u2019Escola Verda.<br \/>\nA m\u00e9s a m\u00e9s, s\u2019han fet activitats en grups i una activitat conjunta on hem fet entrevistes a ciutadans de El Vendrell per saber qu\u00e8 millorarien de la seva zona pel que fa al mediambient i les hem penjat en un \u201cArbre de desitjos\u201d perqu\u00e8 aix\u00ed a qui correspongui faci el possible perqu\u00e8 es compleixin.<br \/>\nHa estat un dia diferent i motivador que ens ha demostrat una vegada m\u00e9s que des de les escoles es poden fer petites accions que conjuntament amb d\u2019altres petites accions d\u2019escoles, fam\u00edlies, ciutadans&#8230; poden fer millorar el m\u00f3n.<\/p>\n<div style=\"width:480px;text-align:right;\"><embed width=\"480\" height=\"360\" src=\"http:\/\/pic2.pbsrc.com\/flash\/rss_slideshow.swf\" flashvars=\"rssFeed=http%3A%2F%2Ffeed879.photobucket.com%2Falbums%2Fab352%2FEscolaSantJulia%2FEscola%2520Verda%2FForum%2520Escola%2520Verda%2Ffeed.rss\" type=\"application\/x-shockwave-flash\" wmode=\"transparent\" \/><a href=\"javascript:void(0);\" target=\"_blank\"><img decoding=\"async\" src=\"http:\/\/pic.photobucket.com\/share\/icons\/embed\/btn_geturs.gif\" style=\"border:none;\" \/><\/a><a href=\"http:\/\/s879.photobucket.com\/user\/EscolaSantJulia\/library\/Escola%20Verda\/Forum%20Escola%20Verda\" target=\"_blank\"><img decoding=\"async\" src=\"http:\/\/pic.photobucket.com\/share\/icons\/embed\/btn_viewall.gif\" style=\"border:none;\" alt=\"EscolaSantJulia&#039;s Forum Escola Verda album on Photobucket\" \/><\/a><\/div>\n","protected":false},"excerpt":{"rendered":"<p>El dijous 21 de novembre en Roberto, la S\u00edlvia, la Bianca i la Cristina, alumnes de Cicle Superior, i una mestra del centre han participat en representaci\u00f3 de la nostra escola al II F\u00f2rum d\u2019Escoles Verdes que s\u2019ha celebrat a El Vendrell. Ha estat un f\u00f2rum molt interessant i profit\u00f3s ja que hem explicat les [&hellip;]<\/p>\n","protected":false},"author":1,"featured_media":0,"comment_status":"open","ping_status":"open","sticky":false,"template":"","format":"standard","meta":{"_bbp_topic_count":0,"_bbp_reply_count":0,"_bbp_total_topic_count":0,"_bbp_total_reply_count":0,"_bbp_voice_count":0,"_bbp_anonymous_reply_count":0,"_bbp_topic_count_hidden":0,"_bbp_reply_count_hidden":0,"_bbp_forum_subforum_count":0,"site-sidebar-layout":"default","site-content-layout":"","ast-site-content-layout":"","site-content-style":"default","site-sidebar-style":"default","ast-global-header-display":"","ast-banner-title-visibility":"","ast-main-header-display":"","ast-hfb-above-header-display":"","ast-hfb-below-header-display":"","ast-hfb-mobile-header-display":"","site-post-title":"","ast-breadcrumbs-content":"","ast-featured-img":"","footer-sml-layout":"","theme-transparent-header-meta":"","adv-header-id-meta":"","stick-header-meta":"","header-above-stick-meta":"","header-main-stick-meta":"","header-below-stick-meta":"","astra-migrate-meta-layouts":"default","ast-page-background-enabled":"default","ast-page-background-meta":{"desktop":{"background-color":"var(--ast-global-color-4)","background-image":"","background-repeat":"repeat","background-position":"center center","background-size":"auto","background-attachment":"scroll","background-type":"","background-media":"","overlay-type":"","overlay-color":"","overlay-opacity":"","overlay-gradient":""},"tablet":{"background-color":"","background-image":"","background-repeat":"repeat","background-position":"center center","background-size":"auto","background-attachment":"scroll","background-type":"","background-media":"","overlay-type":"","overlay-color":"","overlay-opacity":"","overlay-gradient":""},"mobile":{"background-color":"","background-image":"","background-repeat":"repeat","background-position":"center center","background-size":"auto","background-attachment":"scroll","background-type":"","background-media":"","overlay-type":"","overlay-color":"","overlay-opacity":"","overlay-gradient":""}},"ast-content-background-meta":{"desktop":{"background-color":"var(--ast-global-color-5)","background-image":"","background-repeat":"repeat","background-position":"center center","background-size":"auto","background-attachment":"scroll","background-type":"","background-media":"","overlay-type":"","overlay-color":"","overlay-opacity":"","overlay-gradient":""},"tablet":{"background-color":"var(--ast-global-color-5)","background-image":"","background-repeat":"repeat","background-position":"center center","background-size":"auto","background-attachment":"scroll","background-type":"","background-media":"","overlay-type":"","overlay-color":"","overlay-opacity":"","overlay-gradient":""},"mobile":{"background-color":"var(--ast-global-color-5)","background-image":"","background-repeat":"repeat","background-position":"center center","background-size":"auto","background-attachment":"scroll","background-type":"","background-media":"","overlay-type":"","overlay-color":"","overlay-opacity":"","overlay-gradient":""}},"footnotes":""},"categories":[26,1,34],"tags":[92,124,16],"class_list":["post-851","post","type-post","status-publish","format-standard","hentry","category-escola-verda","category-general","category-sortides","tag-escola-verda","tag-medi-ambient","tag-sortides"],"post_mailing_queue_ids":[],"_links":{"self":[{"href":"https:\/\/agora.xtec.cat\/escolasantjulia\/wp-json\/wp\/v2\/posts\/851","targetHints":{"allow":["GET"]}}],"collection":[{"href":"https:\/\/agora.xtec.cat\/escolasantjulia\/wp-json\/wp\/v2\/posts"}],"about":[{"href":"https:\/\/agora.xtec.cat\/escolasantjulia\/wp-json\/wp\/v2\/types\/post"}],"author":[{"embeddable":true,"href":"https:\/\/agora.xtec.cat\/escolasantjulia\/wp-json\/wp\/v2\/users\/1"}],"replies":[{"embeddable":true,"href":"https:\/\/agora.xtec.cat\/escolasantjulia\/wp-json\/wp\/v2\/comments?post=851"}],"version-history":[{"count":1,"href":"https:\/\/agora.xtec.cat\/escolasantjulia\/wp-json\/wp\/v2\/posts\/851\/revisions"}],"predecessor-version":[{"id":2113,"href":"https:\/\/agora.xtec.cat\/escolasantjulia\/wp-json\/wp\/v2\/posts\/851\/revisions\/2113"}],"wp:attachment":[{"href":"https:\/\/agora.xtec.cat\/escolasantjulia\/wp-json\/wp\/v2\/media?parent=851"}],"wp:term":[{"taxonomy":"category","embeddable":true,"href":"https:\/\/agora.xtec.cat\/escolasantjulia\/wp-json\/wp\/v2\/categories?post=851"},{"taxonomy":"post_tag","embeddable":true,"href":"https:\/\/agora.xtec.cat\/escolasantjulia\/wp-json\/wp\/v2\/tags?post=851"}],"curies":[{"name":"wp","href":"https:\/\/api.w.org\/{rel}","templated":true}]}}