{"id":845,"date":"2013-11-26T01:38:05","date_gmt":"2013-11-26T00:38:05","guid":{"rendered":"http:\/\/blocs.xtec.cat\/ceipstjulia\/?p=845"},"modified":"2015-11-16T23:30:24","modified_gmt":"2015-11-16T22:30:24","slug":"plastica-de-tardor-a-3rb","status":"publish","type":"post","link":"https:\/\/agora.xtec.cat\/escolasantjulia\/general\/plastica-de-tardor-a-3rb\/","title":{"rendered":"Pl\u00e0stica de tardor a 3rB"},"content":{"rendered":"<p style=\"text-align: justify;\"><span style=\"text-decoration: underline; color: #008000;\"><strong>Activitat 1<\/strong><\/span><\/p>\n<p style=\"text-align: justify;\">Per acabar la tardor, cada nen\/a portava fulles seques a l\u2019escola .<\/p>\n<p style=\"text-align: justify;\">A l\u2019aula,despr\u00e9s de fer l\u2019observaci\u00f3, v\u00e0rem resseguir el revers amb ceres parant atenci\u00f3 en els nervis\u00a0 i en la simetria de la fulla.<\/p>\n<p style=\"text-align: justify;\">A continuaci\u00f3, ressegu\u00edrem la silueta i la retall\u00e0rem. Cadasc\u00fa va triar dos fulls de colors, els va ajuntar i va enganxar la silueta de la fulla pintada a sobre . Per acabar, v\u00e0rem resseguir el contorn amb ceres de colors i v\u00e0rem penjar al passad\u00eds les nostres obres d\u2019art. Esteu convidats\/des per veure-les quan vulgueu.<\/p>\n<div style=\"width: 480px; text-align: right;\"><object width=\"480\" height=\"360\" classid=\"clsid:d27cdb6e-ae6d-11cf-96b8-444553540000\" codebase=\"http:\/\/download.macromedia.com\/pub\/shockwave\/cabs\/flash\/swflash.cab#version=6,0,40,0\"><param name=\"src\" value=\"http:\/\/pic2.pbsrc.com\/flash\/rss_slideshow.swf\" \/><param name=\"flashvars\" value=\"rssFeed=http%3A%2F%2Ffeed879.photobucket.com%2Falbums%2Fab352%2FEscolaSantJulia%2F3rB%2FFulles%2520tardor%2Ffeed.rss\" \/><param name=\"wmode\" value=\"transparent\" \/><embed width=\"480\" height=\"360\" type=\"application\/x-shockwave-flash\" src=\"http:\/\/pic2.pbsrc.com\/flash\/rss_slideshow.swf\" flashvars=\"rssFeed=http%3A%2F%2Ffeed879.photobucket.com%2Falbums%2Fab352%2FEscolaSantJulia%2F3rB%2FFulles%2520tardor%2Ffeed.rss\" wmode=\"transparent\" \/><\/object><a href=\"javascript:void(0);\" target=\"_blank\"><img decoding=\"async\" style=\"border: none;\" alt=\"\" src=\"http:\/\/pic.photobucket.com\/share\/icons\/embed\/btn_geturs.gif\" \/><\/a><a href=\"http:\/\/s879.photobucket.com\/user\/EscolaSantJulia\/library\/3rB\/Fulles%20tardor\" target=\"_blank\"><img decoding=\"async\" style=\"border: none;\" alt=\"EscolaSantJulia's Fulles tardor album on Photobucket\" src=\"http:\/\/pic.photobucket.com\/share\/icons\/embed\/btn_viewall.gif\" \/><\/a><\/div>\n<p><span style=\"text-decoration: underline; color: #008000;\"><strong>Activitat 2<\/strong><\/span><\/p>\n<p><a href=\"http:\/\/s879.photobucket.com\/user\/EscolaSantJulia\/media\/arbrescera_zpsa02eeab8.jpg.html\" target=\"_blank\"><img loading=\"lazy\" decoding=\"async\" style=\"border: 0px;\" alt=\" photo arbrescera_zpsa02eeab8.jpg\" src=\"http:\/\/i879.photobucket.com\/albums\/ab352\/EscolaSantJulia\/arbrescera_zpsa02eeab8.jpg\" width=\"254\" height=\"178\" border=\"0\" \/><\/a> <a href=\"http:\/\/s879.photobucket.com\/user\/EscolaSantJulia\/media\/arbrescera2_zps56e83ab0.jpg.html\" target=\"_blank\"><img loading=\"lazy\" decoding=\"async\" style=\"border: 0px;\" alt=\" photo arbrescera2_zps56e83ab0.jpg\" src=\"http:\/\/i879.photobucket.com\/albums\/ab352\/EscolaSantJulia\/arbrescera2_zps56e83ab0.jpg\" width=\"227\" height=\"152\" border=\"0\" \/><\/a><\/p>\n<p>Despr\u00e9s de mirar imatges de llibres i d\u2019Internet sobre Van Gogh, v\u00e0rem tra\u00e7ar amb ceres troncs d\u2019arbres i, a partir d\u2019aqu\u00ed, v\u00e0rem esquitxar pintura aigualida utilitzant el pinzell. Qu\u00e8 bonic que ens va quedar! Les nostres cares tamb\u00e9ee!!!<\/p>\n<p>Passeu per l\u2019escola quan vulgueu i mireu-ho.<\/p>\n<div style=\"width: 480px; text-align: right;\"><object width=\"480\" height=\"360\" classid=\"clsid:d27cdb6e-ae6d-11cf-96b8-444553540000\" codebase=\"http:\/\/download.macromedia.com\/pub\/shockwave\/cabs\/flash\/swflash.cab#version=6,0,40,0\"><param name=\"src\" value=\"http:\/\/pic2.pbsrc.com\/flash\/rss_slideshow.swf\" \/><param name=\"flashvars\" value=\"rssFeed=http%3A%2F%2Ffeed879.photobucket.com%2Falbums%2Fab352%2FEscolaSantJulia%2F3rB%2Fplastica%2520tardor%2Ffeed.rss\" \/><param name=\"wmode\" value=\"transparent\" \/><embed width=\"480\" height=\"360\" type=\"application\/x-shockwave-flash\" src=\"http:\/\/pic2.pbsrc.com\/flash\/rss_slideshow.swf\" flashvars=\"rssFeed=http%3A%2F%2Ffeed879.photobucket.com%2Falbums%2Fab352%2FEscolaSantJulia%2F3rB%2Fplastica%2520tardor%2Ffeed.rss\" wmode=\"transparent\" \/><\/object><a href=\"javascript:void(0);\" target=\"_blank\"><img decoding=\"async\" style=\"border: none;\" alt=\"\" src=\"http:\/\/pic.photobucket.com\/share\/icons\/embed\/btn_geturs.gif\" \/><\/a><a href=\"http:\/\/s879.photobucket.com\/user\/EscolaSantJulia\/library\/3rB\/plastica%20tardor\" target=\"_blank\"><img decoding=\"async\" style=\"border: none;\" alt=\"EscolaSantJulia's plastica tardor album on Photobucket\" src=\"http:\/\/pic.photobucket.com\/share\/icons\/embed\/btn_viewall.gif\" \/><\/a><\/div>\n","protected":false},"excerpt":{"rendered":"<p>Activitat 1 Per acabar la tardor, cada nen\/a portava fulles seques a l\u2019escola . A l\u2019aula,despr\u00e9s de fer l\u2019observaci\u00f3, v\u00e0rem resseguir el revers amb ceres parant atenci\u00f3 en els nervis\u00a0 i en la simetria de la fulla. A continuaci\u00f3, ressegu\u00edrem la silueta i la retall\u00e0rem. Cadasc\u00fa va triar dos fulls de colors, els va ajuntar [&hellip;]<\/p>\n","protected":false},"author":1,"featured_media":0,"comment_status":"open","ping_status":"open","sticky":false,"template":"","format":"standard","meta":{"_bbp_topic_count":0,"_bbp_reply_count":0,"_bbp_total_topic_count":0,"_bbp_total_reply_count":0,"_bbp_voice_count":0,"_bbp_anonymous_reply_count":0,"_bbp_topic_count_hidden":0,"_bbp_reply_count_hidden":0,"_bbp_forum_subforum_count":0,"site-sidebar-layout":"default","site-content-layout":"","ast-site-content-layout":"","site-content-style":"default","site-sidebar-style":"default","ast-global-header-display":"","ast-banner-title-visibility":"","ast-main-header-display":"","ast-hfb-above-header-display":"","ast-hfb-below-header-display":"","ast-hfb-mobile-header-display":"","site-post-title":"","ast-breadcrumbs-content":"","ast-featured-img":"","footer-sml-layout":"","theme-transparent-header-meta":"","adv-header-id-meta":"","stick-header-meta":"","header-above-stick-meta":"","header-main-stick-meta":"","header-below-stick-meta":"","astra-migrate-meta-layouts":"default","ast-page-background-enabled":"default","ast-page-background-meta":{"desktop":{"background-color":"var(--ast-global-color-4)","background-image":"","background-repeat":"repeat","background-position":"center center","background-size":"auto","background-attachment":"scroll","background-type":"","background-media":"","overlay-type":"","overlay-color":"","overlay-opacity":"","overlay-gradient":""},"tablet":{"background-color":"","background-image":"","background-repeat":"repeat","background-position":"center center","background-size":"auto","background-attachment":"scroll","background-type":"","background-media":"","overlay-type":"","overlay-color":"","overlay-opacity":"","overlay-gradient":""},"mobile":{"background-color":"","background-image":"","background-repeat":"repeat","background-position":"center center","background-size":"auto","background-attachment":"scroll","background-type":"","background-media":"","overlay-type":"","overlay-color":"","overlay-opacity":"","overlay-gradient":""}},"ast-content-background-meta":{"desktop":{"background-color":"var(--ast-global-color-5)","background-image":"","background-repeat":"repeat","background-position":"center center","background-size":"auto","background-attachment":"scroll","background-type":"","background-media":"","overlay-type":"","overlay-color":"","overlay-opacity":"","overlay-gradient":""},"tablet":{"background-color":"var(--ast-global-color-5)","background-image":"","background-repeat":"repeat","background-position":"center center","background-size":"auto","background-attachment":"scroll","background-type":"","background-media":"","overlay-type":"","overlay-color":"","overlay-opacity":"","overlay-gradient":""},"mobile":{"background-color":"var(--ast-global-color-5)","background-image":"","background-repeat":"repeat","background-position":"center center","background-size":"auto","background-attachment":"scroll","background-type":"","background-media":"","overlay-type":"","overlay-color":"","overlay-opacity":"","overlay-gradient":""}},"footnotes":""},"categories":[35,1,12],"tags":[101,143,17,175],"class_list":["post-845","post","type-post","status-publish","format-standard","hentry","category-activitats-a-laula","category-general","category-3r","tag-fulles","tag-pintura","tag-plastica","tag-tardor"],"post_mailing_queue_ids":[],"_links":{"self":[{"href":"https:\/\/agora.xtec.cat\/escolasantjulia\/wp-json\/wp\/v2\/posts\/845","targetHints":{"allow":["GET"]}}],"collection":[{"href":"https:\/\/agora.xtec.cat\/escolasantjulia\/wp-json\/wp\/v2\/posts"}],"about":[{"href":"https:\/\/agora.xtec.cat\/escolasantjulia\/wp-json\/wp\/v2\/types\/post"}],"author":[{"embeddable":true,"href":"https:\/\/agora.xtec.cat\/escolasantjulia\/wp-json\/wp\/v2\/users\/1"}],"replies":[{"embeddable":true,"href":"https:\/\/agora.xtec.cat\/escolasantjulia\/wp-json\/wp\/v2\/comments?post=845"}],"version-history":[{"count":1,"href":"https:\/\/agora.xtec.cat\/escolasantjulia\/wp-json\/wp\/v2\/posts\/845\/revisions"}],"predecessor-version":[{"id":1787,"href":"https:\/\/agora.xtec.cat\/escolasantjulia\/wp-json\/wp\/v2\/posts\/845\/revisions\/1787"}],"wp:attachment":[{"href":"https:\/\/agora.xtec.cat\/escolasantjulia\/wp-json\/wp\/v2\/media?parent=845"}],"wp:term":[{"taxonomy":"category","embeddable":true,"href":"https:\/\/agora.xtec.cat\/escolasantjulia\/wp-json\/wp\/v2\/categories?post=845"},{"taxonomy":"post_tag","embeddable":true,"href":"https:\/\/agora.xtec.cat\/escolasantjulia\/wp-json\/wp\/v2\/tags?post=845"}],"curies":[{"name":"wp","href":"https:\/\/api.w.org\/{rel}","templated":true}]}}