{"id":840,"date":"2013-11-22T01:14:14","date_gmt":"2013-11-21T23:14:14","guid":{"rendered":"http:\/\/blocs.xtec.cat\/ceipstjulia\/?p=840"},"modified":"2015-11-16T23:30:24","modified_gmt":"2015-11-16T22:30:24","slug":"cros-escolar-2013-14","status":"publish","type":"post","link":"https:\/\/agora.xtec.cat\/escolasantjulia\/general\/cros-escolar-2013-14\/","title":{"rendered":"Cros Escolar 2013-14"},"content":{"rendered":"<p>Us informem de les dates en qu\u00e8 es celebraran les curses del <strong><span style=\"color: #ff0000;\">Cros Escolar<\/span><\/strong> d&#8217;aquest curs. Una vegada m\u00e9s, a l&#8217;Arbo\u00e7 se n&#8217;organitzar\u00e0 una i esperem que hi hagi una gran participaci\u00f3, sobretot de l&#8217;alumnat de la nostra escola.<\/p>\n<p>Les dates s\u00f3n les seg\u00fcents:<\/p>\n<p>24.11.2013 \u00a0 \u00a0Calafell<br \/>\n01.12.2013 \u00a0 \u00a0Coma-ruga<br \/>\n19.01.2014 \u00a0 \u00a0L&#8217;Arbo\u00e7<br \/>\n26.01.2014 \u00a0 \u00a0Bellvei<br \/>\n09.02.2014 \u00a0 \u00a0Albinyana<br \/>\n16.02.2014 \u00a0 \u00a0Lloren\u00e7 del Pened\u00e8s<br \/>\n23.02.2014 \u00a0 \u00a0Santa Oliva<br \/>\n16.03.2014 \u00a0 \u00a0Sant Jaume del Domenys<br \/>\n23.03.2014 \u00a0 \u00a0Cunit<br \/>\n30.03.2014 \u00a0 \u00a0El Vendrell<\/p>\n<p>Anirem penjant m\u00e9s informaci\u00f3 del cros. Per tal de anar seguint-la us podeu <a href=\"http:\/\/feedburner.google.com\/fb\/a\/mailverify?uri=escolastjulia&amp;loc=es_ES\" target=\"_blank\"><span style=\"color: #008000;\"><strong>subscriure<\/strong><\/span><\/a> al bloc de l&#8217;escola (al marge esquerre, a la part de dalt), o b\u00e9 entrant per l&#8217;etiqueta &#8220;<strong><span style=\"color: #ff9900;\">cros<\/span><\/strong>&#8220;, o b\u00e9 per la categoria &#8220;<strong><span style=\"color: #ff9900;\">extraescolars<\/span><\/strong>&#8220;.<\/p>\n","protected":false},"excerpt":{"rendered":"<p>Us informem de les dates en qu\u00e8 es celebraran les curses del Cros Escolar d&#8217;aquest curs. Una vegada m\u00e9s, a l&#8217;Arbo\u00e7 se n&#8217;organitzar\u00e0 una i esperem que hi hagi una gran participaci\u00f3, sobretot de l&#8217;alumnat de la nostra escola. Les dates s\u00f3n les seg\u00fcents: 24.11.2013 \u00a0 \u00a0Calafell 01.12.2013 \u00a0 \u00a0Coma-ruga 19.01.2014 \u00a0 \u00a0L&#8217;Arbo\u00e7 26.01.2014 \u00a0 [&hellip;]<\/p>\n","protected":false},"author":1,"featured_media":0,"comment_status":"open","ping_status":"open","sticky":false,"template":"","format":"standard","meta":{"_bbp_topic_count":0,"_bbp_reply_count":0,"_bbp_total_topic_count":0,"_bbp_total_reply_count":0,"_bbp_voice_count":0,"_bbp_anonymous_reply_count":0,"_bbp_topic_count_hidden":0,"_bbp_reply_count_hidden":0,"_bbp_forum_subforum_count":0,"site-sidebar-layout":"default","site-content-layout":"","ast-site-content-layout":"","site-content-style":"default","site-sidebar-style":"default","ast-global-header-display":"","ast-banner-title-visibility":"","ast-main-header-display":"","ast-hfb-above-header-display":"","ast-hfb-below-header-display":"","ast-hfb-mobile-header-display":"","site-post-title":"","ast-breadcrumbs-content":"","ast-featured-img":"","footer-sml-layout":"","theme-transparent-header-meta":"","adv-header-id-meta":"","stick-header-meta":"","header-above-stick-meta":"","header-main-stick-meta":"","header-below-stick-meta":"","astra-migrate-meta-layouts":"default","ast-page-background-enabled":"default","ast-page-background-meta":{"desktop":{"background-color":"var(--ast-global-color-4)","background-image":"","background-repeat":"repeat","background-position":"center center","background-size":"auto","background-attachment":"scroll","background-type":"","background-media":"","overlay-type":"","overlay-color":"","overlay-opacity":"","overlay-gradient":""},"tablet":{"background-color":"","background-image":"","background-repeat":"repeat","background-position":"center center","background-size":"auto","background-attachment":"scroll","background-type":"","background-media":"","overlay-type":"","overlay-color":"","overlay-opacity":"","overlay-gradient":""},"mobile":{"background-color":"","background-image":"","background-repeat":"repeat","background-position":"center center","background-size":"auto","background-attachment":"scroll","background-type":"","background-media":"","overlay-type":"","overlay-color":"","overlay-opacity":"","overlay-gradient":""}},"ast-content-background-meta":{"desktop":{"background-color":"var(--ast-global-color-5)","background-image":"","background-repeat":"repeat","background-position":"center center","background-size":"auto","background-attachment":"scroll","background-type":"","background-media":"","overlay-type":"","overlay-color":"","overlay-opacity":"","overlay-gradient":""},"tablet":{"background-color":"var(--ast-global-color-5)","background-image":"","background-repeat":"repeat","background-position":"center center","background-size":"auto","background-attachment":"scroll","background-type":"","background-media":"","overlay-type":"","overlay-color":"","overlay-opacity":"","overlay-gradient":""},"mobile":{"background-color":"var(--ast-global-color-5)","background-image":"","background-repeat":"repeat","background-position":"center center","background-size":"auto","background-attachment":"scroll","background-type":"","background-media":"","overlay-type":"","overlay-color":"","overlay-opacity":"","overlay-gradient":""}},"footnotes":""},"categories":[27,1],"tags":[77,93,96],"class_list":["post-840","post","type-post","status-publish","format-standard","hentry","category-extraescolars","category-general","tag-cros","tag-esport","tag-extraescolar"],"post_mailing_queue_ids":[],"_links":{"self":[{"href":"https:\/\/agora.xtec.cat\/escolasantjulia\/wp-json\/wp\/v2\/posts\/840","targetHints":{"allow":["GET"]}}],"collection":[{"href":"https:\/\/agora.xtec.cat\/escolasantjulia\/wp-json\/wp\/v2\/posts"}],"about":[{"href":"https:\/\/agora.xtec.cat\/escolasantjulia\/wp-json\/wp\/v2\/types\/post"}],"author":[{"embeddable":true,"href":"https:\/\/agora.xtec.cat\/escolasantjulia\/wp-json\/wp\/v2\/users\/1"}],"replies":[{"embeddable":true,"href":"https:\/\/agora.xtec.cat\/escolasantjulia\/wp-json\/wp\/v2\/comments?post=840"}],"version-history":[{"count":1,"href":"https:\/\/agora.xtec.cat\/escolasantjulia\/wp-json\/wp\/v2\/posts\/840\/revisions"}],"predecessor-version":[{"id":2114,"href":"https:\/\/agora.xtec.cat\/escolasantjulia\/wp-json\/wp\/v2\/posts\/840\/revisions\/2114"}],"wp:attachment":[{"href":"https:\/\/agora.xtec.cat\/escolasantjulia\/wp-json\/wp\/v2\/media?parent=840"}],"wp:term":[{"taxonomy":"category","embeddable":true,"href":"https:\/\/agora.xtec.cat\/escolasantjulia\/wp-json\/wp\/v2\/categories?post=840"},{"taxonomy":"post_tag","embeddable":true,"href":"https:\/\/agora.xtec.cat\/escolasantjulia\/wp-json\/wp\/v2\/tags?post=840"}],"curies":[{"name":"wp","href":"https:\/\/api.w.org\/{rel}","templated":true}]}}