{"id":815,"date":"2013-11-16T23:10:40","date_gmt":"2013-11-16T21:10:40","guid":{"rendered":"http:\/\/blocs.xtec.cat\/ceipstjulia\/?p=815"},"modified":"2013-11-16T23:10:40","modified_gmt":"2013-11-16T21:10:40","slug":"setmana-europea-de-prevencio-de-residus","status":"publish","type":"post","link":"https:\/\/agora.xtec.cat\/escolasantjulia\/escola-verda\/setmana-europea-de-prevencio-de-residus\/","title":{"rendered":"Setmana europea de prevenci\u00f3 de residus"},"content":{"rendered":"<p><a href=\"http:\/\/agora.xtec.cat\/escolasantjulia\/wp-content\/uploads\/usu423\/2013\/11\/POSTER-PROMOCIONALa3.jpg\"><img loading=\"lazy\" decoding=\"async\" class=\"alignleft size-thumbnail wp-image-819\" alt=\"Setma Europea de la prevenci\u00f3 de residus\" src=\"http:\/\/agora.xtec.cat\/escolasantjulia\/wp-content\/uploads\/usu423\/2013\/11\/POSTER-PROMOCIONALa3-150x150.jpg\" width=\"150\" height=\"150\" \/><\/a>Com a Escola Verda, durant el curs us anirem informant de les dates rellevants en les quals es celebra algun esdeveniment relacionat amb la protecci\u00f3 del medi ambient. Tamb\u00e9 mirarem de fer activitats que ajudin a entendre, reflexionar i tenir una bona actitud davant el medi ambient.<\/p>\n<p>&nbsp;<\/p>\n<p><strong>Del 16 al 24 de novembre<\/strong> es celebra la <span style=\"color: #008000;\"><strong>Setmana Europea de la prevenci\u00f3 dels residus<\/strong><\/span>. Durant aquests dies es tractar\u00e0 aquest tema amb els nens i nenes de l&#8217;escola.<\/p>\n<p>Aqu\u00ed us deixem un d\u00edptic on podeu trobar m\u00e9s informaci\u00f3.<\/p>\n<p><a href=\"http:\/\/agora.xtec.cat\/escolasantjulia\/wp-content\/uploads\/usu423\/2013\/11\/Quadriptic_Page_1.jpg\"><img loading=\"lazy\" decoding=\"async\" class=\"alignleft  wp-image-820\" alt=\"Setmana Europea de la prevenci\u00f3 de residus\" src=\"http:\/\/agora.xtec.cat\/escolasantjulia\/wp-content\/uploads\/usu423\/2013\/11\/Quadriptic_Page_1-300x217.jpg\" width=\"243\" height=\"176\" srcset=\"https:\/\/agora.xtec.cat\/escolasantjulia\/wp-content\/uploads\/usu423\/2013\/11\/Quadriptic_Page_1-300x217.jpg 300w, https:\/\/agora.xtec.cat\/escolasantjulia\/wp-content\/uploads\/usu423\/2013\/11\/Quadriptic_Page_1-1024x742.jpg 1024w\" sizes=\"auto, (max-width: 243px) 100vw, 243px\" \/><\/a> <a href=\"http:\/\/agora.xtec.cat\/escolasantjulia\/wp-content\/uploads\/usu423\/2013\/11\/Quadriptic_Page_2.jpg\"><img loading=\"lazy\" decoding=\"async\" class=\"alignright  wp-image-821\" alt=\"Setmana Europea de la prevenci\u00f3 de residus\" src=\"http:\/\/agora.xtec.cat\/escolasantjulia\/wp-content\/uploads\/usu423\/2013\/11\/Quadriptic_Page_2-300x216.jpg\" width=\"243\" height=\"175\" \/><\/a><\/p>\n","protected":false},"excerpt":{"rendered":"<p>Com a Escola Verda, durant el curs us anirem informant de les dates rellevants en les quals es celebra algun esdeveniment relacionat amb la protecci\u00f3 del medi ambient. Tamb\u00e9 mirarem de fer activitats que ajudin a entendre, reflexionar i tenir una bona actitud davant el medi ambient. &nbsp; Del 16 al 24 de novembre es [&hellip;]<\/p>\n","protected":false},"author":1,"featured_media":0,"comment_status":"open","ping_status":"open","sticky":false,"template":"","format":"standard","meta":{"_bbp_topic_count":0,"_bbp_reply_count":0,"_bbp_total_topic_count":0,"_bbp_total_reply_count":0,"_bbp_voice_count":0,"_bbp_anonymous_reply_count":0,"_bbp_topic_count_hidden":0,"_bbp_reply_count_hidden":0,"_bbp_forum_subforum_count":0,"site-sidebar-layout":"default","site-content-layout":"","ast-site-content-layout":"","site-content-style":"default","site-sidebar-style":"default","ast-global-header-display":"","ast-banner-title-visibility":"","ast-main-header-display":"","ast-hfb-above-header-display":"","ast-hfb-below-header-display":"","ast-hfb-mobile-header-display":"","site-post-title":"","ast-breadcrumbs-content":"","ast-featured-img":"","footer-sml-layout":"","theme-transparent-header-meta":"","adv-header-id-meta":"","stick-header-meta":"","header-above-stick-meta":"","header-main-stick-meta":"","header-below-stick-meta":"","astra-migrate-meta-layouts":"default","ast-page-background-enabled":"default","ast-page-background-meta":{"desktop":{"background-color":"var(--ast-global-color-4)","background-image":"","background-repeat":"repeat","background-position":"center center","background-size":"auto","background-attachment":"scroll","background-type":"","background-media":"","overlay-type":"","overlay-color":"","overlay-opacity":"","overlay-gradient":""},"tablet":{"background-color":"","background-image":"","background-repeat":"repeat","background-position":"center center","background-size":"auto","background-attachment":"scroll","background-type":"","background-media":"","overlay-type":"","overlay-color":"","overlay-opacity":"","overlay-gradient":""},"mobile":{"background-color":"","background-image":"","background-repeat":"repeat","background-position":"center center","background-size":"auto","background-attachment":"scroll","background-type":"","background-media":"","overlay-type":"","overlay-color":"","overlay-opacity":"","overlay-gradient":""}},"ast-content-background-meta":{"desktop":{"background-color":"var(--ast-global-color-5)","background-image":"","background-repeat":"repeat","background-position":"center center","background-size":"auto","background-attachment":"scroll","background-type":"","background-media":"","overlay-type":"","overlay-color":"","overlay-opacity":"","overlay-gradient":""},"tablet":{"background-color":"var(--ast-global-color-5)","background-image":"","background-repeat":"repeat","background-position":"center center","background-size":"auto","background-attachment":"scroll","background-type":"","background-media":"","overlay-type":"","overlay-color":"","overlay-opacity":"","overlay-gradient":""},"mobile":{"background-color":"var(--ast-global-color-5)","background-image":"","background-repeat":"repeat","background-position":"center center","background-size":"auto","background-attachment":"scroll","background-type":"","background-media":"","overlay-type":"","overlay-color":"","overlay-opacity":"","overlay-gradient":""}},"footnotes":""},"categories":[26],"tags":[92,124,160],"class_list":["post-815","post","type-post","status-publish","format-standard","hentry","category-escola-verda","tag-escola-verda","tag-medi-ambient","tag-residus"],"post_mailing_queue_ids":[],"_links":{"self":[{"href":"https:\/\/agora.xtec.cat\/escolasantjulia\/wp-json\/wp\/v2\/posts\/815","targetHints":{"allow":["GET"]}}],"collection":[{"href":"https:\/\/agora.xtec.cat\/escolasantjulia\/wp-json\/wp\/v2\/posts"}],"about":[{"href":"https:\/\/agora.xtec.cat\/escolasantjulia\/wp-json\/wp\/v2\/types\/post"}],"author":[{"embeddable":true,"href":"https:\/\/agora.xtec.cat\/escolasantjulia\/wp-json\/wp\/v2\/users\/1"}],"replies":[{"embeddable":true,"href":"https:\/\/agora.xtec.cat\/escolasantjulia\/wp-json\/wp\/v2\/comments?post=815"}],"version-history":[{"count":0,"href":"https:\/\/agora.xtec.cat\/escolasantjulia\/wp-json\/wp\/v2\/posts\/815\/revisions"}],"wp:attachment":[{"href":"https:\/\/agora.xtec.cat\/escolasantjulia\/wp-json\/wp\/v2\/media?parent=815"}],"wp:term":[{"taxonomy":"category","embeddable":true,"href":"https:\/\/agora.xtec.cat\/escolasantjulia\/wp-json\/wp\/v2\/categories?post=815"},{"taxonomy":"post_tag","embeddable":true,"href":"https:\/\/agora.xtec.cat\/escolasantjulia\/wp-json\/wp\/v2\/tags?post=815"}],"curies":[{"name":"wp","href":"https:\/\/api.w.org\/{rel}","templated":true}]}}