{"id":776,"date":"2013-11-11T14:07:25","date_gmt":"2013-11-11T13:07:25","guid":{"rendered":"http:\/\/blocs.xtec.cat\/ceipstjulia\/?p=776"},"modified":"2015-11-16T22:55:12","modified_gmt":"2015-11-16T21:55:12","slug":"castanyada","status":"publish","type":"post","link":"https:\/\/agora.xtec.cat\/escolasantjulia\/infantil\/castanyada\/","title":{"rendered":"Castanyada!!"},"content":{"rendered":"<p>V\u00e0rem celebrar la Castanyada a l&#8217;escola: els pares i mares varen torrar les castanyes durant el mat\u00ed, i per la tarda v\u00e0rem ballar les danses i van venir el senyor castanyer i la senyora castanyera. Aqu\u00ed us deixem un recull de fotos&#8230;<\/p>\n<div style=\"width: 480px; text-align: right;\"><object width=\"480\" height=\"360\" classid=\"clsid:d27cdb6e-ae6d-11cf-96b8-444553540000\" codebase=\"http:\/\/download.macromedia.com\/pub\/shockwave\/cabs\/flash\/swflash.cab#version=6,0,40,0\"><param name=\"src\" value=\"http:\/\/pic2.pbsrc.com\/flash\/rss_slideshow.swf\" \/><param name=\"flashvars\" value=\"rssFeed=http%3A%2F%2Ffeed879.photobucket.com%2Falbums%2Fab352%2FEscolaSantJulia%2FCastanyada%25202013%2Ffeed.rss\" \/><param name=\"wmode\" value=\"transparent\" \/><embed width=\"480\" height=\"360\" type=\"application\/x-shockwave-flash\" src=\"http:\/\/pic2.pbsrc.com\/flash\/rss_slideshow.swf\" flashvars=\"rssFeed=http%3A%2F%2Ffeed879.photobucket.com%2Falbums%2Fab352%2FEscolaSantJulia%2FCastanyada%25202013%2Ffeed.rss\" wmode=\"transparent\" \/><\/object><a href=\"javascript:void(0);\" target=\"_blank\"><img decoding=\"async\" style=\"border: none;\" alt=\"\" src=\"http:\/\/pic.photobucket.com\/share\/icons\/embed\/btn_geturs.gif\" \/><\/a><a href=\"http:\/\/s879.photobucket.com\/user\/EscolaSantJulia\/library\/Castanyada%202013\" target=\"_blank\"><img decoding=\"async\" style=\"border: none;\" alt=\"EscolaSantJulia's Castanyada 2013 album on Photobucket\" src=\"http:\/\/pic.photobucket.com\/share\/icons\/embed\/btn_viewall.gif\" \/><\/a><\/div>\n<div style=\"width: 480px; text-align: right;\">\u00a0<\/div>\n<p>Tamb\u00e9 tenim fotografies dels nens i nenes de 3r&#8230;<\/p>\n<div style=\"width:480px;text-align:right;\"><embed width=\"480\" height=\"360\" src=\"http:\/\/pic2.pbsrc.com\/flash\/rss_slideshow.swf\" flashvars=\"rssFeed=http%3A%2F%2Ffeed879.photobucket.com%2Falbums%2Fab352%2FEscolaSantJulia%2FCastanyada%25202013%2FCastanyada%25203rB%2Ffeed.rss\" type=\"application\/x-shockwave-flash\" wmode=\"transparent\" \/><a href=\"javascript:void(0);\" target=\"_blank\"><img decoding=\"async\" src=\"http:\/\/pic.photobucket.com\/share\/icons\/embed\/btn_geturs.gif\" style=\"border:none;\" \/><\/a><a href=\"http:\/\/s879.photobucket.com\/user\/EscolaSantJulia\/library\/Castanyada%202013\/Castanyada%203rB\" target=\"_blank\"><img decoding=\"async\" src=\"http:\/\/pic.photobucket.com\/share\/icons\/embed\/btn_viewall.gif\" style=\"border:none;\" alt=\"EscolaSantJulia&#039;s Castanyada 3rB album on Photobucket\" \/><\/a><\/div>\n","protected":false},"excerpt":{"rendered":"<p>V\u00e0rem celebrar la Castanyada a l&#8217;escola: els pares i mares varen torrar les castanyes durant el mat\u00ed, i per la tarda v\u00e0rem ballar les danses i van venir el senyor castanyer i la senyora castanyera. Aqu\u00ed us deixem un recull de fotos&#8230; \u00a0 Tamb\u00e9 tenim fotografies dels nens i nenes de 3r&#8230;<\/p>\n","protected":false},"author":1,"featured_media":0,"comment_status":"open","ping_status":"open","sticky":false,"template":"","format":"standard","meta":{"_bbp_topic_count":0,"_bbp_reply_count":0,"_bbp_total_topic_count":0,"_bbp_total_reply_count":0,"_bbp_voice_count":0,"_bbp_anonymous_reply_count":0,"_bbp_topic_count_hidden":0,"_bbp_reply_count_hidden":0,"_bbp_forum_subforum_count":0,"site-sidebar-layout":"default","site-content-layout":"","ast-site-content-layout":"","site-content-style":"default","site-sidebar-style":"default","ast-global-header-display":"","ast-banner-title-visibility":"","ast-main-header-display":"","ast-hfb-above-header-display":"","ast-hfb-below-header-display":"","ast-hfb-mobile-header-display":"","site-post-title":"","ast-breadcrumbs-content":"","ast-featured-img":"","footer-sml-layout":"","theme-transparent-header-meta":"","adv-header-id-meta":"","stick-header-meta":"","header-above-stick-meta":"","header-main-stick-meta":"","header-below-stick-meta":"","astra-migrate-meta-layouts":"default","ast-page-background-enabled":"default","ast-page-background-meta":{"desktop":{"background-color":"var(--ast-global-color-4)","background-image":"","background-repeat":"repeat","background-position":"center center","background-size":"auto","background-attachment":"scroll","background-type":"","background-media":"","overlay-type":"","overlay-color":"","overlay-opacity":"","overlay-gradient":""},"tablet":{"background-color":"","background-image":"","background-repeat":"repeat","background-position":"center center","background-size":"auto","background-attachment":"scroll","background-type":"","background-media":"","overlay-type":"","overlay-color":"","overlay-opacity":"","overlay-gradient":""},"mobile":{"background-color":"","background-image":"","background-repeat":"repeat","background-position":"center center","background-size":"auto","background-attachment":"scroll","background-type":"","background-media":"","overlay-type":"","overlay-color":"","overlay-opacity":"","overlay-gradient":""}},"ast-content-background-meta":{"desktop":{"background-color":"var(--ast-global-color-5)","background-image":"","background-repeat":"repeat","background-position":"center center","background-size":"auto","background-attachment":"scroll","background-type":"","background-media":"","overlay-type":"","overlay-color":"","overlay-opacity":"","overlay-gradient":""},"tablet":{"background-color":"var(--ast-global-color-5)","background-image":"","background-repeat":"repeat","background-position":"center center","background-size":"auto","background-attachment":"scroll","background-type":"","background-media":"","overlay-type":"","overlay-color":"","overlay-opacity":"","overlay-gradient":""},"mobile":{"background-color":"var(--ast-global-color-5)","background-image":"","background-repeat":"repeat","background-position":"center center","background-size":"auto","background-attachment":"scroll","background-type":"","background-media":"","overlay-type":"","overlay-color":"","overlay-opacity":"","overlay-gradient":""}},"footnotes":""},"categories":[21,28,2,3,8,9,15,14,13,12,11,10],"tags":[59,79,99],"class_list":["post-776","post","type-post","status-publish","format-standard","hentry","category-activitats-escola","category-festes","category-infantil","category-p3","category-p4","category-p5","category-6e","category-5e","category-4t","category-3r","category-2n","category-1r","tag-castanyada","tag-dansa","tag-festa"],"post_mailing_queue_ids":[],"_links":{"self":[{"href":"https:\/\/agora.xtec.cat\/escolasantjulia\/wp-json\/wp\/v2\/posts\/776","targetHints":{"allow":["GET"]}}],"collection":[{"href":"https:\/\/agora.xtec.cat\/escolasantjulia\/wp-json\/wp\/v2\/posts"}],"about":[{"href":"https:\/\/agora.xtec.cat\/escolasantjulia\/wp-json\/wp\/v2\/types\/post"}],"author":[{"embeddable":true,"href":"https:\/\/agora.xtec.cat\/escolasantjulia\/wp-json\/wp\/v2\/users\/1"}],"replies":[{"embeddable":true,"href":"https:\/\/agora.xtec.cat\/escolasantjulia\/wp-json\/wp\/v2\/comments?post=776"}],"version-history":[{"count":1,"href":"https:\/\/agora.xtec.cat\/escolasantjulia\/wp-json\/wp\/v2\/posts\/776\/revisions"}],"predecessor-version":[{"id":1981,"href":"https:\/\/agora.xtec.cat\/escolasantjulia\/wp-json\/wp\/v2\/posts\/776\/revisions\/1981"}],"wp:attachment":[{"href":"https:\/\/agora.xtec.cat\/escolasantjulia\/wp-json\/wp\/v2\/media?parent=776"}],"wp:term":[{"taxonomy":"category","embeddable":true,"href":"https:\/\/agora.xtec.cat\/escolasantjulia\/wp-json\/wp\/v2\/categories?post=776"},{"taxonomy":"post_tag","embeddable":true,"href":"https:\/\/agora.xtec.cat\/escolasantjulia\/wp-json\/wp\/v2\/tags?post=776"}],"curies":[{"name":"wp","href":"https:\/\/api.w.org\/{rel}","templated":true}]}}